{"id":19658,"date":"2021-10-18T12:19:15","date_gmt":"2021-10-18T10:19:15","guid":{"rendered":"https:\/\/prod.bymycar.fr\/webzine\/?p=19658"},"modified":"2021-10-28T12:44:39","modified_gmt":"2021-10-28T10:44:39","slug":"offres-services-apres-vente-bymycar","status":"publish","type":"post","link":"https:\/\/www.bymycar.fr\/webzine\/offres-services-apres-vente-bymycar\/","title":{"rendered":"Offres Services Renault BYmy)CAR"},"content":{"rendered":"","protected":false},"excerpt":{"rendered":"","protected":false},"author":30,"featured_media":19679,"comment_status":"closed","ping_status":"open","sticky":false,"template":"","format":"standard","meta":{"_acf_changed":false,"footnotes":""},"categories":[9014,2,4192],"tags":[],"class_list":["post-19658","post","type-post","status-publish","format-standard","has-post-thumbnail","hentry","category-actualites-concessions-bymycar","category-lactu-des-marques","category-renault-actualites"],"acf":{"template":"classique","introduction":"<p style=\"text-align: left;\"><span style=\"font-family: georgia, palatino, serif; font-size: 24pt;\"><strong>Qui mieux que Renault peut entretenir votre Renault ?<\/strong><\/span><\/p>\n<p style=\"text-align: left;\"><span style=\"font-family: georgia, palatino, serif; font-size: 14pt;\">Pour votre plus grand confort<strong>, <\/strong>nos ateliers Renault BYmyCAR \u00e9largissent leurs horaires :<\/span><\/p>\n<p style=\"text-align: left;\"><span style=\"font-family: georgia, palatino, serif; font-size: 14pt;\"><strong>Ouverture entre 12h00 et 14h00\u00a0du lundi au vendredi\u00a0<\/strong><strong><br \/>\n<\/strong>\u00e0 Epinal, St-Di\u00e9, Pont-\u00e0-Mousson, Nancy et Fontaine.<\/span><\/p>\n<p style=\"text-align: left;\"><span style=\"font-family: georgia, palatino, serif; font-size: 14pt;\"><strong>Ouverture d\u00e8s 13h00 du lundi au vendredi\u00a0<\/strong><strong><br \/>\n<\/strong>\u00e0 Verdun, Bar-le-Duc, Saint-Dizier<\/span><\/p>\n<p style=\"text-align: left;\"><span style=\"font-family: georgia, palatino, serif; font-size: 14pt;\"><strong>Ouverture le samedi matin<\/strong> <strong>du Renault Minute Service<\/strong> <\/span><br \/>\n<span style=\"font-family: georgia, palatino, serif; font-size: 14pt;\">\u00e0 St-Di\u00e9 et \u00e0 Nancy<\/span><\/p>\n","strates":[{"type_strate":"50-50-image-texte-full","ancre":"","contenu":"","titre":"","image":false,"image_libre":false,"image_800x500":{"ID":19680,"id":19680,"title":"Mecanique renault","filename":"Mecanique-renault.jpg","filesize":1,"url":"https:\/\/cdn.bymycar.eu\/fr-webzine\/wp-content\/uploads\/medias\/Mecanique-renault.jpg","link":"https:\/\/www.bymycar.fr\/webzine\/offres-services-apres-vente-bymycar\/mecanique-renault-2\/","alt":"Renault","author":"30","description":"","caption":"Pompe \u00e0 eau \u00e0 1 euro pour remplacement  de votre courroie de distribution","name":"mecanique-renault-2","status":"inherit","uploaded_to":19658,"date":"2021-10-14 13:33:02","modified":"2021-10-14 14:12:26","menu_order":0,"mime_type":"image\/jpeg","type":"image","subtype":"jpeg","icon":"https:\/\/www.bymycar.fr\/webzine\/wp-includes\/images\/media\/default.png","width":1278,"height":721,"sizes":{"thumbnail":"https:\/\/cdn.bymycar.eu\/fr-webzine\/wp-content\/uploads\/medias\/Mecanique-renault-150x150.jpg","thumbnail-width":150,"thumbnail-height":150,"medium":"https:\/\/cdn.bymycar.eu\/fr-webzine\/wp-content\/uploads\/medias\/Mecanique-renault-300x169.jpg","medium-width":300,"medium-height":169,"medium_large":"https:\/\/cdn.bymycar.eu\/fr-webzine\/wp-content\/uploads\/medias\/Mecanique-renault-768x433.jpg","medium_large-width":768,"medium_large-height":433,"large":"https:\/\/cdn.bymycar.eu\/fr-webzine\/wp-content\/uploads\/medias\/Mecanique-renault-1024x578.jpg","large-width":1024,"large-height":578,"1536x1536":"https:\/\/cdn.bymycar.eu\/fr-webzine\/wp-content\/uploads\/medias\/Mecanique-renault.jpg","1536x1536-width":1278,"1536x1536-height":721,"2048x2048":"https:\/\/cdn.bymycar.eu\/fr-webzine\/wp-content\/uploads\/medias\/Mecanique-renault.jpg","2048x2048-width":1278,"2048x2048-height":721}},"legende":"Distribution 100\u20ac offert*","zoom":false,"texte":"<p><span style=\"font-size: 24pt;\"><strong>Distribution 100\u20ac offerts*<\/strong><\/span><br \/>\n<span style=\"font-size: 24pt;\"><strong>Remplacement kit distribution + pompe \u00e0 eau<\/strong><\/span><\/p>\n<p style=\"font-style: inherit; font-weight: inherit;\"><span style=\"font-size: 14pt;\">Pi\u00e8ce essentielle du moteur, la courroie de distribution permet \u00e0 celui-ci de fonctionner parfaitement. Aucun sympt\u00f4me ne pr\u00e9vient sa rupture et les d\u00e9g\u00e2ts provoqu\u00e9s sont consid\u00e9rables, allant parfois jusqu\u2019\u00e0 la casse moteur.<\/span><\/p>\n<p style=\"font-style: inherit; font-weight: inherit;\"><span style=\"font-size: 14pt;\"><strong>B\u00e9n\u00e9ficiez de notre<\/strong> <strong>offre exceptionnelle de 100\u20ac offerts,<\/strong>\u00a0<strong>valable sur le remplacement (pi\u00e8ces et main d\u2019oeuvre) du kit de distribution et pompe \u00e0 eau<\/strong> de votre Renault, chez vos r\u00e9parateurs Renault BYmyCAR hors Nancy.<\/span><\/p>\n<p><span style=\"font-size: 14pt;\"><a href=\"https:\/\/www.renault.fr\/contactez-nous\/demande-de-service.html?utm_source=Sarbacane_Bourgogne&amp;utm_medium=email&amp;utm_campaign=COMM%20APV%20OCT%20RENAULT\"><strong>Prendre Rendez-Vous<\/strong><\/a><\/span><\/p>\n","articles":false,"categorie_droite":false,"images":false,"elements_comparatif":false,"texte_1":"","texte_2":"","image_1":false,"image_1_563x400":false,"image_1_332x332":false,"image_2":false,"image_2_333x240":false,"image_2_563x400":false,"image_3":false,"image_3_333x240":false,"image_3_332x450":false,"image_4":false,"image_4_332x332":false,"image_4_563x400":false,"code_embed":"","legende_video":"","photo":false,"photo_100x100":false,"nom":"","fonction":"","elements_timeline":false,"entetes_colonnes":false,"entetes_lignes":false,"lignes":false,"introduction":"","formulaire":false,"question":"","reponse":"","libelle_bouton_lien":"","url_lien":"","questions":false,"conclusions":false,"pays":false,"region":false,"marque":false,"marqueConcessions":false,"modele":false,"ptvente":false,"typeV":false,"collection":false,"nombre_maximum_elements":10,"lien_fin_carousel":"","texte_lien_fin_carousel":"","trier_par":false},{"type_strate":"50-50-image-texte-full","ancre":"Pre-contr\u00f4le Technique Offert","contenu":"","titre":"","image":false,"image_libre":false,"image_800x500":{"ID":19681,"id":19681,"title":"contr\u00f4le-technique-voiture-renault (1)","filename":"controle-technique-voiture-renault-1.jpg","filesize":1,"url":"https:\/\/cdn.bymycar.eu\/fr-webzine\/wp-content\/uploads\/medias\/controle-technique-voiture-renault-1.jpg","link":"https:\/\/www.bymycar.fr\/webzine\/offres-services-apres-vente-bymycar\/controle-technique-voiture-renault-1\/","alt":"Contr\u00f4le Technique Renault","author":"30","description":"","caption":"Controle technique offert*","name":"controle-technique-voiture-renault-1","status":"inherit","uploaded_to":19658,"date":"2021-10-14 13:33:58","modified":"2021-10-14 14:13:04","menu_order":0,"mime_type":"image\/jpeg","type":"image","subtype":"jpeg","icon":"https:\/\/www.bymycar.fr\/webzine\/wp-includes\/images\/media\/default.png","width":1200,"height":675,"sizes":{"thumbnail":"https:\/\/cdn.bymycar.eu\/fr-webzine\/wp-content\/uploads\/medias\/controle-technique-voiture-renault-1-150x150.jpg","thumbnail-width":150,"thumbnail-height":150,"medium":"https:\/\/cdn.bymycar.eu\/fr-webzine\/wp-content\/uploads\/medias\/controle-technique-voiture-renault-1-300x169.jpg","medium-width":300,"medium-height":169,"medium_large":"https:\/\/cdn.bymycar.eu\/fr-webzine\/wp-content\/uploads\/medias\/controle-technique-voiture-renault-1-768x432.jpg","medium_large-width":768,"medium_large-height":432,"large":"https:\/\/cdn.bymycar.eu\/fr-webzine\/wp-content\/uploads\/medias\/controle-technique-voiture-renault-1-1024x576.jpg","large-width":1024,"large-height":576,"1536x1536":"https:\/\/cdn.bymycar.eu\/fr-webzine\/wp-content\/uploads\/medias\/controle-technique-voiture-renault-1.jpg","1536x1536-width":1200,"1536x1536-height":675,"2048x2048":"https:\/\/cdn.bymycar.eu\/fr-webzine\/wp-content\/uploads\/medias\/controle-technique-voiture-renault-1.jpg","2048x2048-width":1200,"2048x2048-height":675}},"legende":"Pr\u00e9-controle Technique Offert","zoom":false,"texte":"<table style=\"width: 100%;\" width=\"100%\">\n<tbody>\n<tr>\n<td style=\"width: 99.6144%;\"><span style=\"font-size: 24pt;\"><strong>Pr\u00e9-contr\u00f4le technique offert\u00a0*<\/strong><\/span><\/p>\n<p><span style=\"font-size: 14pt;\"><strong>Vivez votre contr\u00f4le technique en toute s\u00e9r\u00e9nit\u00e9 !<\/strong><\/span><\/p>\n<p style=\"font-style: inherit; font-weight: inherit;\"><span style=\"font-size: 14pt;\">Les dates de vos contr\u00f4les techniques d\u00e9pendent de la date de mise en circulation de votre voiture ou de la date de votre pr\u00e9c\u00e9dent contr\u00f4le.<\/span><\/p>\n<p style=\"font-style: inherit; font-weight: inherit;\"><span style=\"font-size: 14pt;\">Le 1er contr\u00f4le de votre v\u00e9hicule doit \u00eatre effectu\u00e9 dans les 6 mois pr\u00e9c\u00e9dant le 4\u00e8me anniversaire de sa mise en circulation.\u00a0Ensuite, les contr\u00f4les suivants s&rsquo;effectuent tous les 2 ans.<\/span><\/p>\n<p style=\"font-style: inherit; font-weight: inherit;\"><span style=\"font-size: 14pt;\"><strong>Renault vous offre le pr\u00e9-contr\u00f4le technique gratuit et vous simplifie la vie !<\/strong><\/span><\/p>\n<p><span style=\"font-size: 14pt;\"><a href=\"https:\/\/www.renault.fr\/contactez-nous\/demande-de-service.html?utm_source=Sarbacane_Bourgogne&amp;utm_medium=email&amp;utm_campaign=COMM%20APV%20OCT%20RENAULT\"><strong>Prendre Rendez-vous<\/strong><\/a><\/span><\/td>\n<\/tr>\n<\/tbody>\n<\/table>\n<p>&nbsp;<\/p>\n","articles":false,"categorie_droite":false,"images":false,"elements_comparatif":false,"texte_1":"","texte_2":"","image_1":false,"image_1_563x400":false,"image_1_332x332":false,"image_2":false,"image_2_333x240":false,"image_2_563x400":false,"image_3":false,"image_3_333x240":false,"image_3_332x450":false,"image_4":false,"image_4_332x332":false,"image_4_563x400":false,"code_embed":"","legende_video":"","photo":false,"photo_100x100":false,"nom":"","fonction":"","elements_timeline":false,"entetes_colonnes":false,"entetes_lignes":false,"lignes":false,"introduction":"","formulaire":false,"question":"","reponse":"","libelle_bouton_lien":"","url_lien":"","questions":false,"conclusions":false,"pays":false,"region":false,"marque":false,"marqueConcessions":false,"modele":false,"ptvente":false,"typeV":false,"collection":false,"nombre_maximum_elements":10,"lien_fin_carousel":"","texte_lien_fin_carousel":"","trier_par":false},{"type_strate":"50-50-image-texte-full","ancre":"","contenu":"","titre":"","image":false,"image_libre":false,"image_800x500":{"ID":19690,"id":19690,"title":"parebrise-entete","filename":"parebrise-entete.jpg","filesize":1,"url":"https:\/\/cdn.bymycar.eu\/fr-webzine\/wp-content\/uploads\/medias\/parebrise-entete.jpg","link":"https:\/\/www.bymycar.fr\/webzine\/offres-services-apres-vente-bymycar\/parebrise-entete\/","alt":"Pare-brise","author":"30","description":"","caption":"Franchise offerte jusqu'\u00e0 100\u20ac","name":"parebrise-entete","status":"inherit","uploaded_to":19658,"date":"2021-10-14 13:58:33","modified":"2021-10-14 14:00:02","menu_order":0,"mime_type":"image\/jpeg","type":"image","subtype":"jpeg","icon":"https:\/\/www.bymycar.fr\/webzine\/wp-includes\/images\/media\/default.png","width":1521,"height":1080,"sizes":{"thumbnail":"https:\/\/cdn.bymycar.eu\/fr-webzine\/wp-content\/uploads\/medias\/parebrise-entete-150x150.jpg","thumbnail-width":150,"thumbnail-height":150,"medium":"https:\/\/cdn.bymycar.eu\/fr-webzine\/wp-content\/uploads\/medias\/parebrise-entete-300x213.jpg","medium-width":300,"medium-height":213,"medium_large":"https:\/\/cdn.bymycar.eu\/fr-webzine\/wp-content\/uploads\/medias\/parebrise-entete-768x545.jpg","medium_large-width":768,"medium_large-height":545,"large":"https:\/\/cdn.bymycar.eu\/fr-webzine\/wp-content\/uploads\/medias\/parebrise-entete-1024x727.jpg","large-width":1024,"large-height":727,"1536x1536":"https:\/\/cdn.bymycar.eu\/fr-webzine\/wp-content\/uploads\/medias\/parebrise-entete.jpg","1536x1536-width":1521,"1536x1536-height":1080,"2048x2048":"https:\/\/cdn.bymycar.eu\/fr-webzine\/wp-content\/uploads\/medias\/parebrise-entete.jpg","2048x2048-width":1521,"2048x2048-height":1080}},"legende":"Franchise offerte jusqu'\u00e0 100\u20ac","zoom":false,"texte":"<p><span style=\"font-size: 24pt;\"><strong>Pare-brise : <\/strong><strong>franchise offerte jusqu&rsquo;\u00e0 100\u20ac*<\/strong><\/span><\/p>\n<p style=\"font-style: inherit; font-weight: inherit;\"><span style=\"font-size: 14pt;\"><strong>Ne confiez pas votre pare-brise \u00e0 n&rsquo;importe qui !<\/strong><\/span><\/p>\n<p>Chez BYmyCAR :<\/p>\n<ul>\n<li><span style=\"font-size: 14pt;\">Vous n&rsquo;avancez pas les frais<\/span><\/li>\n<li><span style=\"font-size: 14pt;\">Vous b\u00e9n\u00e9ficiez d&rsquo;un pare-brise d&rsquo;origine<\/span><\/li>\n<li><span style=\"font-size: 14pt;\">Ainsi que d&rsquo;un r\u00e9glage cam\u00e9ra agr\u00e9e<\/span><\/li>\n<\/ul>\n<p><span style=\"font-size: 10pt;\"><em>*Valable uniquement sur le remplacement de pare-brise<\/em><\/span><\/p>\n","articles":false,"categorie_droite":false,"images":false,"elements_comparatif":false,"texte_1":"","texte_2":"","image_1":false,"image_1_563x400":false,"image_1_332x332":false,"image_2":false,"image_2_333x240":false,"image_2_563x400":false,"image_3":false,"image_3_333x240":false,"image_3_332x450":false,"image_4":false,"image_4_332x332":false,"image_4_563x400":false,"code_embed":"","legende_video":"","photo":false,"photo_100x100":false,"nom":"","fonction":"","elements_timeline":false,"entetes_colonnes":false,"entetes_lignes":false,"lignes":false,"introduction":"","formulaire":false,"question":"","reponse":"","libelle_bouton_lien":"","url_lien":"","questions":false,"conclusions":false,"pays":false,"region":false,"marque":false,"marqueConcessions":false,"modele":false,"ptvente":false,"typeV":false,"collection":false,"nombre_maximum_elements":10,"lien_fin_carousel":"","texte_lien_fin_carousel":"","trier_par":false},{"type_strate":"texte-simple","ancre":"","contenu":"<p>Prenez rendez-vous dans l\u2019un de nos nos \u00e9tablissements Renault BYmyCAR. Remplissez le formulaire ci-dessous.<\/p>\n<p>&nbsp;<\/p>\n<p style=\"text-align: center;\">\n<div class=\"wpcf7 no-js\" id=\"wpcf7-f19714-o1\" lang=\"fr-FR\" dir=\"ltr\" data-wpcf7-id=\"19714\">\n<div class=\"screen-reader-response\"><p role=\"status\" aria-live=\"polite\" aria-atomic=\"true\"><\/p> <ul><\/ul><\/div>\n<form action=\"\/webzine\/wp-json\/wp\/v2\/posts\/19658#wpcf7-f19714-o1\" method=\"post\" class=\"wpcf7-form init\" aria-label=\"Formulaire de contact\" novalidate=\"novalidate\" data-status=\"init\">\n<fieldset class=\"hidden-fields-container\"><input type=\"hidden\" name=\"_wpcf7\" value=\"19714\" \/><input type=\"hidden\" name=\"_wpcf7_version\" value=\"6.1.3\" \/><input type=\"hidden\" name=\"_wpcf7_locale\" value=\"fr_FR\" \/><input type=\"hidden\" name=\"_wpcf7_unit_tag\" value=\"wpcf7-f19714-o1\" \/><input type=\"hidden\" name=\"_wpcf7_container_post\" value=\"0\" \/><input type=\"hidden\" name=\"_wpcf7_posted_data_hash\" value=\"\" \/><input type=\"hidden\" name=\"_wpcf7_recaptcha_response\" value=\"\" \/>\n<\/fieldset>\n<div class=\"flex flex-row flex-wrap -mx-4\"><div class=\"w-1\/2 flex flex-col gap-4 align-top px-4\">\n\n<label> Nom* <\/label>\n<span class=\"wpcf7-form-control-wrap\" data-name=\"Nom\"><input size=\"40\" maxlength=\"400\" class=\"wpcf7-form-control wpcf7-text wpcf7-validates-as-required\" aria-required=\"true\" aria-invalid=\"false\" value=\"\" type=\"text\" name=\"Nom\" \/><\/span>\n\n<label> Pr\u00e9nom* <\/label>\n<span class=\"wpcf7-form-control-wrap\" data-name=\"prenom\"><input size=\"40\" maxlength=\"400\" class=\"wpcf7-form-control wpcf7-text wpcf7-validates-as-required\" aria-required=\"true\" aria-invalid=\"false\" value=\"\" type=\"text\" name=\"prenom\" \/><\/span>\n\n<label> Email* <\/label>\n<span class=\"wpcf7-form-control-wrap\" data-name=\"email\"><input size=\"40\" maxlength=\"400\" class=\"wpcf7-form-control wpcf7-email wpcf7-validates-as-required wpcf7-text wpcf7-validates-as-email\" aria-required=\"true\" aria-invalid=\"false\" value=\"\" type=\"email\" name=\"email\" \/><\/span>\n\n<label> T\u00e9l\u00e9phone* <\/label>\n<span class=\"wpcf7-form-control-wrap\" data-name=\"telephone\"><input size=\"40\" maxlength=\"400\" class=\"wpcf7-form-control wpcf7-tel wpcf7-validates-as-required wpcf7-text wpcf7-validates-as-tel\" aria-required=\"true\" aria-invalid=\"false\" value=\"\" type=\"tel\" name=\"telephone\" \/><\/span>\n\n<\/div>\n\n<div class=\"w-1\/2 flex flex-col gap-4 align-top px-4\">\n\n<label> Choix de l'offre* <\/label>\n<span class=\"wpcf7-form-control-wrap\" data-name=\"offre\"><select class=\"wpcf7-form-control wpcf7-select wpcf7-validates-as-required\" aria-required=\"true\" aria-invalid=\"false\" name=\"offre\"><option value=\"kit de distribution et pompe \u00e0 eau\">kit de distribution et pompe \u00e0 eau<\/option><option value=\"Pr\u00e9-contr\u00f4le technique\">Pr\u00e9-contr\u00f4le technique<\/option><option value=\"Remplacement Pare-brise\">Remplacement Pare-brise<\/option><option value=\"Autre prestation Atelier\">Autre prestation Atelier<\/option><\/select><\/span>\n\n<label> Choix de la concession* <\/label>\n<span class=\"wpcf7-form-control-wrap\" data-name=\"concession\"><select class=\"wpcf7-form-control wpcf7-select wpcf7-validates-as-required\" aria-required=\"true\" aria-invalid=\"false\" name=\"concession\"><option value=\"RENAULT BYmyCAR Epinal\">RENAULT BYmyCAR Epinal<\/option><option value=\"RENAULT BYmyCAR Nancy\">RENAULT BYmyCAR Nancy<\/option><option value=\"RENAULT DACIA BYmyCAR Bar Le Duc\">RENAULT DACIA BYmyCAR Bar Le Duc<\/option><option value=\"RENAULT BYmyCAR Grenoble Fontaine\">RENAULT BYmyCAR Grenoble Fontaine<\/option><option value=\"RENAULT DACIA BYmyCAR Luneville\">RENAULT DACIA BYmyCAR Luneville<\/option><option value=\"RENAULT DACIA BYmyCAR Pont \u00e0 Mousson\">RENAULT DACIA BYmyCAR Pont \u00e0 Mousson<\/option><option value=\"RENAULT DACIA BYmyCAR SAINT-DIE\">RENAULT DACIA BYmyCAR SAINT-DIE<\/option><option value=\"RENAULT DACIA BYmyCAR St Dizier\">RENAULT DACIA BYmyCAR St Dizier<\/option><option value=\"RENAULT DACIA BYmyCAR Verdun\">RENAULT DACIA BYmyCAR Verdun<\/option><\/select><\/span>\n\n<label> Votre message <\/label>\n<span class=\"wpcf7-form-control-wrap\" data-name=\"Commentaireclient\"><textarea cols=\"40\" rows=\"5\" maxlength=\"2000\" class=\"wpcf7-form-control wpcf7-textarea\" aria-invalid=\"false\" name=\"Commentaireclient\"><\/textarea><\/span>\n\n<\/div>\n\n<span class=\"wpcf7-form-control-wrap\" data-name=\"optinemail\"><span class=\"wpcf7-form-control wpcf7-checkbox\"><span class=\"wpcf7-list-item first last\"><input type=\"checkbox\" name=\"optinemail[]\" value=\"J&#039;accepte de recevoir la lettre d&#039;information li\u00e9e au Groupe BYmyCAR\" \/><span class=\"wpcf7-list-item-label\">J&#039;accepte de recevoir la lettre d&#039;information li\u00e9e au Groupe BYmyCAR<\/span><\/span><\/span><\/span>\n\n<span class=\"wpcf7-form-control-wrap\" data-name=\"optinsms\"><span class=\"wpcf7-form-control wpcf7-checkbox\"><span class=\"wpcf7-list-item first last\"><input type=\"checkbox\" name=\"optinsms[]\" value=\"J&#039;accepte de recevoir des informations li\u00e9es au Groupe BYmyCAR par sms\" \/><span class=\"wpcf7-list-item-label\">J&#039;accepte de recevoir des informations li\u00e9es au Groupe BYmyCAR par sms<\/span><\/span><\/span><\/span>\n\n<span class=\"wpcf7-form-control-wrap\" data-name=\"optinappel\"><span class=\"wpcf7-form-control wpcf7-checkbox\"><span class=\"wpcf7-list-item first last\"><input type=\"checkbox\" name=\"optinappel[]\" value=\"J&#039;accepte de recevoir des informations li\u00e9es au Groupe BYmyCAR par appel\" \/><span class=\"wpcf7-list-item-label\">J&#039;accepte de recevoir des informations li\u00e9es au Groupe BYmyCAR par appel<\/span><\/span><\/span><\/span>\n\n<div class=\"w-full flex flex-col items-center gap-y-2 text-center mt-4\"><input class=\"wpcf7-form-control wpcf7-submit has-spinner\" type=\"submit\" value=\"Envoyer\" \/><\/div><\/div><div class=\"wpcf7-response-output\" aria-hidden=\"true\"><\/div>\n<\/form>\n<\/div>\n<\/p>\n<p>&nbsp;<\/p>\n<p><em>*Offres r\u00e9serv\u00e9es aux particuliers jusqu&rsquo;au 30\/11\/2021, lors d&rsquo;un m\u00eame passage en caisse, sur rendez-vous uniquement aupr\u00e8s de votre r\u00e9parateur agr\u00e9\u00e9 Renault indiqu\u00e9 ci-dessus. Offre non cumulable avec toute autre promotion en cours.<\/em><\/p>\n<p><span style=\"font-size: 8pt;\">Vos donn\u00e9es \u00e0 caract\u00e8re personnel font l&rsquo;objet d&rsquo;un traitement de donn\u00e9es \u00e0 caract\u00e8re personnel mis en oeuvre par la soci\u00e9t\u00e9 BYmyCAR aux fins de gestion de la relation clients et prospects. Vos donn\u00e9es sont r\u00e9serv\u00e9es \u00e0 l&rsquo;usage des services internes de la soci\u00e9t\u00e9 BYmyCAR ainsi qu&rsquo;aux prestataires habilit\u00e9s \u00e0 traiter vos donn\u00e9es. Conform\u00e9ment \u00e0 la r\u00e9glementation fran\u00e7aise et europ\u00e9enne relative \u00e0 la protection des donn\u00e9es \u00e0 caract\u00e8re personnel, vous pouvez \u00e0 tout moment exercer vos droits d&rsquo;acc\u00e8s, de rectification et de suppression des donn\u00e9es \u00e0 caract\u00e8re personnel vous concernant ainsi que vous opposer au traitement desdites donn\u00e9es. Vous disposez \u00e9galement du droit de d\u00e9finir des directives g\u00e9n\u00e9rales ou particuli\u00e8res relatives au sort de vos donn\u00e9es \u00e0 caract\u00e8re personnel apr\u00e8s votre d\u00e9c\u00e8s. Seules les directives particuli\u00e8res relatives au traitement de donn\u00e9es \u00e0 caract\u00e8re personnel mis en oeuvre par BYmyCAR seront enregistr\u00e9es par BYmyCAR. Vous pouvez exercer vos droits en adressant votre demande, accompagn\u00e9e d&rsquo;un justificatif de votre identit\u00e9, par voie postale \u00e0 BYmyCAR, 278 Bd. St. Germain, 75007 Paris ou e-mail \u00e0 <a href=\"mailto:contact-web@bymycar.fr\">contact-web@bymycar.fr<\/a>. Nous vous informons que vous disposez en outre d&rsquo;un droit d&rsquo;inscription sur la liste d&rsquo;opposition au d\u00e9marchage t\u00e9l\u00e9phonique que vous pouvez exercer aupr\u00e8s de la SAS OPPOSETEL, 92-98 boulevard Victor Hugo \u2013 92110 CLICHY (<a href=\"http:\/\/www.bloctel.gouv.fr\/\">http:\/\/www.bloctel.gouv.fr\/<\/a>).<\/span><\/p>\n","titre":"formulaire","image":false,"image_libre":false,"image_800x500":false,"legende":"","zoom":false,"texte":"","articles":false,"categorie_droite":false,"images":false,"elements_comparatif":false,"texte_1":"","texte_2":"","image_1":false,"image_1_563x400":false,"image_1_332x332":false,"image_2":false,"image_2_333x240":false,"image_2_563x400":false,"image_3":false,"image_3_333x240":false,"image_3_332x450":false,"image_4":false,"image_4_332x332":false,"image_4_563x400":false,"code_embed":"","legende_video":"","photo":false,"photo_100x100":false,"nom":"","fonction":"","elements_timeline":false,"entetes_colonnes":false,"entetes_lignes":false,"lignes":false,"introduction":"","formulaire":false,"question":"","reponse":"","libelle_bouton_lien":"","url_lien":"","questions":false,"conclusions":false,"pays":false,"region":false,"marque":false,"marqueConcessions":false,"modele":false,"ptvente":false,"typeV":false,"collection":false,"nombre_maximum_elements":10,"lien_fin_carousel":"","texte_lien_fin_carousel":"","trier_par":false}],"is_old_post":false,"image":{"ID":19679,"id":19679,"title":"Mecanique renault","filename":"Mecanique-renault.jpg","filesize":1,"url":"https:\/\/cdn.bymycar.eu\/fr-webzine\/wp-content\/uploads\/medias\/Mecanique-renault.jpg","link":"https:\/\/www.bymycar.fr\/webzine\/offres-services-apres-vente-bymycar\/mecanique-renault\/","alt":"","author":"30","description":"","caption":"","name":"mecanique-renault","status":"inherit","uploaded_to":19658,"date":"2021-10-14 13:31:53","modified":"2021-10-14 13:31:53","menu_order":0,"mime_type":"image\/jpeg","type":"image","subtype":"jpeg","icon":"https:\/\/www.bymycar.fr\/webzine\/wp-includes\/images\/media\/default.png","width":1278,"height":721,"sizes":{"thumbnail":"https:\/\/cdn.bymycar.eu\/fr-webzine\/wp-content\/uploads\/medias\/Mecanique-renault-150x150.jpg","thumbnail-width":150,"thumbnail-height":150,"medium":"https:\/\/cdn.bymycar.eu\/fr-webzine\/wp-content\/uploads\/medias\/Mecanique-renault-300x169.jpg","medium-width":300,"medium-height":169,"medium_large":"https:\/\/cdn.bymycar.eu\/fr-webzine\/wp-content\/uploads\/medias\/Mecanique-renault-768x433.jpg","medium_large-width":768,"medium_large-height":433,"large":"https:\/\/cdn.bymycar.eu\/fr-webzine\/wp-content\/uploads\/medias\/Mecanique-renault-1024x578.jpg","large-width":1024,"large-height":578,"1536x1536":"https:\/\/cdn.bymycar.eu\/fr-webzine\/wp-content\/uploads\/medias\/Mecanique-renault.jpg","1536x1536-width":1278,"1536x1536-height":721,"2048x2048":"https:\/\/cdn.bymycar.eu\/fr-webzine\/wp-content\/uploads\/medias\/Mecanique-renault.jpg","2048x2048-width":1278,"2048x2048-height":721}},"page_content":{"block_content":[{"acf_fc_layout":"text-image","--nav":{"-withNav":false,"-ancre":""},"--group":{"-image":{"ID":19680,"id":19680,"title":"Mecanique renault","filename":"Mecanique-renault.jpg","filesize":1,"url":"https:\/\/cdn.bymycar.eu\/fr-webzine\/wp-content\/uploads\/medias\/Mecanique-renault.jpg","link":"https:\/\/www.bymycar.fr\/webzine\/offres-services-apres-vente-bymycar\/mecanique-renault-2\/","alt":"Renault","author":"30","description":"","caption":"Pompe \u00e0 eau \u00e0 1 euro pour remplacement  de votre courroie de distribution","name":"mecanique-renault-2","status":"inherit","uploaded_to":19658,"date":"2021-10-14 13:33:02","modified":"2021-10-14 14:12:26","menu_order":0,"mime_type":"image\/jpeg","type":"image","subtype":"jpeg","icon":"https:\/\/www.bymycar.fr\/webzine\/wp-includes\/images\/media\/default.png","width":1278,"height":721,"sizes":{"thumbnail":"https:\/\/cdn.bymycar.eu\/fr-webzine\/wp-content\/uploads\/medias\/Mecanique-renault-150x150.jpg","thumbnail-width":150,"thumbnail-height":150,"medium":"https:\/\/cdn.bymycar.eu\/fr-webzine\/wp-content\/uploads\/medias\/Mecanique-renault-300x169.jpg","medium-width":300,"medium-height":169,"medium_large":"https:\/\/cdn.bymycar.eu\/fr-webzine\/wp-content\/uploads\/medias\/Mecanique-renault-768x433.jpg","medium_large-width":768,"medium_large-height":433,"large":"https:\/\/cdn.bymycar.eu\/fr-webzine\/wp-content\/uploads\/medias\/Mecanique-renault-1024x578.jpg","large-width":1024,"large-height":578,"1536x1536":"https:\/\/cdn.bymycar.eu\/fr-webzine\/wp-content\/uploads\/medias\/Mecanique-renault.jpg","1536x1536-width":1278,"1536x1536-height":721,"2048x2048":"https:\/\/cdn.bymycar.eu\/fr-webzine\/wp-content\/uploads\/medias\/Mecanique-renault.jpg","2048x2048-width":1278,"2048x2048-height":721}},"-title":"Distribution 100\u20ac offert*","-text":"<p><span style=\"font-size: 24pt;\"><strong>Distribution 100\u20ac offerts*<\/strong><\/span><br \/>\n<span style=\"font-size: 24pt;\"><strong>Remplacement kit distribution + pompe \u00e0 eau<\/strong><\/span><\/p>\n<p style=\"font-style: inherit; font-weight: inherit;\"><span style=\"font-size: 14pt;\">Pi\u00e8ce essentielle du moteur, la courroie de distribution permet \u00e0 celui-ci de fonctionner parfaitement. Aucun sympt\u00f4me ne pr\u00e9vient sa rupture et les d\u00e9g\u00e2ts provoqu\u00e9s sont consid\u00e9rables, allant parfois jusqu\u2019\u00e0 la casse moteur.<\/span><\/p>\n<p style=\"font-style: inherit; font-weight: inherit;\"><span style=\"font-size: 14pt;\"><strong>B\u00e9n\u00e9ficiez de notre<\/strong> <strong>offre exceptionnelle de 100\u20ac offerts,<\/strong>\u00a0<strong>valable sur le remplacement (pi\u00e8ces et main d\u2019oeuvre) du kit de distribution et pompe \u00e0 eau<\/strong> de votre Renault, chez vos r\u00e9parateurs Renault BYmyCAR hors Nancy.<\/span><\/p>\n<p><span style=\"font-size: 14pt;\"><a href=\"https:\/\/www.renault.fr\/contactez-nous\/demande-de-service.html?utm_source=Sarbacane_Bourgogne&amp;utm_medium=email&amp;utm_campaign=COMM%20APV%20OCT%20RENAULT\"><strong>Prendre Rendez-Vous<\/strong><\/a><\/span><\/p>\n"}},{"acf_fc_layout":"text-image","--nav":{"-withNav":true,"-ancre":"Pre-contr\u00f4le Technique Offert"},"--group":{"-image":{"ID":19681,"id":19681,"title":"contr\u00f4le-technique-voiture-renault (1)","filename":"controle-technique-voiture-renault-1.jpg","filesize":1,"url":"https:\/\/cdn.bymycar.eu\/fr-webzine\/wp-content\/uploads\/medias\/controle-technique-voiture-renault-1.jpg","link":"https:\/\/www.bymycar.fr\/webzine\/offres-services-apres-vente-bymycar\/controle-technique-voiture-renault-1\/","alt":"Contr\u00f4le Technique Renault","author":"30","description":"","caption":"Controle technique offert*","name":"controle-technique-voiture-renault-1","status":"inherit","uploaded_to":19658,"date":"2021-10-14 13:33:58","modified":"2021-10-14 14:13:04","menu_order":0,"mime_type":"image\/jpeg","type":"image","subtype":"jpeg","icon":"https:\/\/www.bymycar.fr\/webzine\/wp-includes\/images\/media\/default.png","width":1200,"height":675,"sizes":{"thumbnail":"https:\/\/cdn.bymycar.eu\/fr-webzine\/wp-content\/uploads\/medias\/controle-technique-voiture-renault-1-150x150.jpg","thumbnail-width":150,"thumbnail-height":150,"medium":"https:\/\/cdn.bymycar.eu\/fr-webzine\/wp-content\/uploads\/medias\/controle-technique-voiture-renault-1-300x169.jpg","medium-width":300,"medium-height":169,"medium_large":"https:\/\/cdn.bymycar.eu\/fr-webzine\/wp-content\/uploads\/medias\/controle-technique-voiture-renault-1-768x432.jpg","medium_large-width":768,"medium_large-height":432,"large":"https:\/\/cdn.bymycar.eu\/fr-webzine\/wp-content\/uploads\/medias\/controle-technique-voiture-renault-1-1024x576.jpg","large-width":1024,"large-height":576,"1536x1536":"https:\/\/cdn.bymycar.eu\/fr-webzine\/wp-content\/uploads\/medias\/controle-technique-voiture-renault-1.jpg","1536x1536-width":1200,"1536x1536-height":675,"2048x2048":"https:\/\/cdn.bymycar.eu\/fr-webzine\/wp-content\/uploads\/medias\/controle-technique-voiture-renault-1.jpg","2048x2048-width":1200,"2048x2048-height":675}},"-title":"Pr\u00e9-controle Technique Offert","-text":"<table style=\"width: 100%;\" width=\"100%\">\n<tbody>\n<tr>\n<td style=\"width: 99.6144%;\"><span style=\"font-size: 24pt;\"><strong>Pr\u00e9-contr\u00f4le technique offert\u00a0*<\/strong><\/span><\/p>\n<p><span style=\"font-size: 14pt;\"><strong>Vivez votre contr\u00f4le technique en toute s\u00e9r\u00e9nit\u00e9 !<\/strong><\/span><\/p>\n<p style=\"font-style: inherit; font-weight: inherit;\"><span style=\"font-size: 14pt;\">Les dates de vos contr\u00f4les techniques d\u00e9pendent de la date de mise en circulation de votre voiture ou de la date de votre pr\u00e9c\u00e9dent contr\u00f4le.<\/span><\/p>\n<p style=\"font-style: inherit; font-weight: inherit;\"><span style=\"font-size: 14pt;\">Le 1er contr\u00f4le de votre v\u00e9hicule doit \u00eatre effectu\u00e9 dans les 6 mois pr\u00e9c\u00e9dant le 4\u00e8me anniversaire de sa mise en circulation.\u00a0Ensuite, les contr\u00f4les suivants s&rsquo;effectuent tous les 2 ans.<\/span><\/p>\n<p style=\"font-style: inherit; font-weight: inherit;\"><span style=\"font-size: 14pt;\"><strong>Renault vous offre le pr\u00e9-contr\u00f4le technique gratuit et vous simplifie la vie !<\/strong><\/span><\/p>\n<p><span style=\"font-size: 14pt;\"><a href=\"https:\/\/www.renault.fr\/contactez-nous\/demande-de-service.html?utm_source=Sarbacane_Bourgogne&amp;utm_medium=email&amp;utm_campaign=COMM%20APV%20OCT%20RENAULT\"><strong>Prendre Rendez-vous<\/strong><\/a><\/span><\/td>\n<\/tr>\n<\/tbody>\n<\/table>\n<p>&nbsp;<\/p>\n"}},{"acf_fc_layout":"text-image","--nav":{"-withNav":false,"-ancre":""},"--group":{"-image":{"ID":19690,"id":19690,"title":"parebrise-entete","filename":"parebrise-entete.jpg","filesize":1,"url":"https:\/\/cdn.bymycar.eu\/fr-webzine\/wp-content\/uploads\/medias\/parebrise-entete.jpg","link":"https:\/\/www.bymycar.fr\/webzine\/offres-services-apres-vente-bymycar\/parebrise-entete\/","alt":"Pare-brise","author":"30","description":"","caption":"Franchise offerte jusqu'\u00e0 100\u20ac","name":"parebrise-entete","status":"inherit","uploaded_to":19658,"date":"2021-10-14 13:58:33","modified":"2021-10-14 14:00:02","menu_order":0,"mime_type":"image\/jpeg","type":"image","subtype":"jpeg","icon":"https:\/\/www.bymycar.fr\/webzine\/wp-includes\/images\/media\/default.png","width":1521,"height":1080,"sizes":{"thumbnail":"https:\/\/cdn.bymycar.eu\/fr-webzine\/wp-content\/uploads\/medias\/parebrise-entete-150x150.jpg","thumbnail-width":150,"thumbnail-height":150,"medium":"https:\/\/cdn.bymycar.eu\/fr-webzine\/wp-content\/uploads\/medias\/parebrise-entete-300x213.jpg","medium-width":300,"medium-height":213,"medium_large":"https:\/\/cdn.bymycar.eu\/fr-webzine\/wp-content\/uploads\/medias\/parebrise-entete-768x545.jpg","medium_large-width":768,"medium_large-height":545,"large":"https:\/\/cdn.bymycar.eu\/fr-webzine\/wp-content\/uploads\/medias\/parebrise-entete-1024x727.jpg","large-width":1024,"large-height":727,"1536x1536":"https:\/\/cdn.bymycar.eu\/fr-webzine\/wp-content\/uploads\/medias\/parebrise-entete.jpg","1536x1536-width":1521,"1536x1536-height":1080,"2048x2048":"https:\/\/cdn.bymycar.eu\/fr-webzine\/wp-content\/uploads\/medias\/parebrise-entete.jpg","2048x2048-width":1521,"2048x2048-height":1080}},"-title":"Franchise offerte jusqu'\u00e0 100\u20ac","-text":"<p><span style=\"font-size: 24pt;\"><strong>Pare-brise : <\/strong><strong>franchise offerte jusqu&rsquo;\u00e0 100\u20ac*<\/strong><\/span><\/p>\n<p style=\"font-style: inherit; font-weight: inherit;\"><span style=\"font-size: 14pt;\"><strong>Ne confiez pas votre pare-brise \u00e0 n&rsquo;importe qui !<\/strong><\/span><\/p>\n<p>Chez BYmyCAR :<\/p>\n<ul>\n<li><span style=\"font-size: 14pt;\">Vous n&rsquo;avancez pas les frais<\/span><\/li>\n<li><span style=\"font-size: 14pt;\">Vous b\u00e9n\u00e9ficiez d&rsquo;un pare-brise d&rsquo;origine<\/span><\/li>\n<li><span style=\"font-size: 14pt;\">Ainsi que d&rsquo;un r\u00e9glage cam\u00e9ra agr\u00e9e<\/span><\/li>\n<\/ul>\n<p><span style=\"font-size: 10pt;\"><em>*Valable uniquement sur le remplacement de pare-brise<\/em><\/span><\/p>\n"}},{"acf_fc_layout":"text-simple","--nav":{"-withNav":false,"-ancre":""},"--group":{"-text":"<p>Prenez rendez-vous dans l\u2019un de nos nos \u00e9tablissements Renault BYmyCAR. Remplissez le formulaire ci-dessous.<\/p>\n<p>&nbsp;<\/p>\n<p style=\"text-align: center;\">\n<div class=\"wpcf7 no-js\" id=\"wpcf7-f19714-p19658-o181\" lang=\"fr-FR\" dir=\"ltr\" data-wpcf7-id=\"19714\">\n<div class=\"screen-reader-response\">\n<p role=\"status\" aria-live=\"polite\" aria-atomic=\"true\">\n<ul><\/ul>\n<\/div>\n<form action=\"\/webzine\/wp-admin\/index.php?page=transfert-data-post#wpcf7-f19714-p19658-o181\" method=\"post\" class=\"wpcf7-form init\" aria-label=\"Formulaire de contact\" novalidate=\"novalidate\" data-status=\"init\">\n<div style=\"display: none;\">\n<input type=\"hidden\" name=\"_wpcf7\" value=\"19714\" \/><br \/>\n<input type=\"hidden\" name=\"_wpcf7_version\" value=\"6.0.6\" \/><br \/>\n<input type=\"hidden\" name=\"_wpcf7_locale\" value=\"fr_FR\" \/><br \/>\n<input type=\"hidden\" name=\"_wpcf7_unit_tag\" value=\"wpcf7-f19714-p19658-o181\" \/><br \/>\n<input type=\"hidden\" name=\"_wpcf7_container_post\" value=\"19658\" \/><br \/>\n<input type=\"hidden\" name=\"_wpcf7_posted_data_hash\" value=\"\" \/><br \/>\n<input type=\"hidden\" name=\"_wpcf7_recaptcha_response\" value=\"\" \/>\n<\/div>\n<div class=\"flex flex-row flex-wrap -mx-4\">\n<div class=\"w-1\/2 flex flex-col gap-4 align-top px-4\">\n<p><label> Nom* <\/label><br \/>\n<span class=\"wpcf7-form-control-wrap\" data-name=\"Nom\"><input size=\"40\" maxlength=\"400\" class=\"wpcf7-form-control wpcf7-text wpcf7-validates-as-required\" aria-required=\"true\" aria-invalid=\"false\" value=\"\" type=\"text\" name=\"Nom\" \/><\/span><\/p>\n<p><label> Pr\u00e9nom* <\/label><br \/>\n<span class=\"wpcf7-form-control-wrap\" data-name=\"prenom\"><input size=\"40\" maxlength=\"400\" class=\"wpcf7-form-control wpcf7-text wpcf7-validates-as-required\" aria-required=\"true\" aria-invalid=\"false\" value=\"\" type=\"text\" name=\"prenom\" \/><\/span><\/p>\n<p><label> Email* <\/label><br \/>\n<span class=\"wpcf7-form-control-wrap\" data-name=\"email\"><input size=\"40\" maxlength=\"400\" class=\"wpcf7-form-control wpcf7-email wpcf7-validates-as-required wpcf7-text wpcf7-validates-as-email\" aria-required=\"true\" aria-invalid=\"false\" value=\"\" type=\"email\" name=\"email\" \/><\/span><\/p>\n<p><label> T\u00e9l\u00e9phone* <\/label><br \/>\n<span class=\"wpcf7-form-control-wrap\" data-name=\"telephone\"><input size=\"40\" maxlength=\"400\" class=\"wpcf7-form-control wpcf7-tel wpcf7-validates-as-required wpcf7-text wpcf7-validates-as-tel\" aria-required=\"true\" aria-invalid=\"false\" value=\"\" type=\"tel\" name=\"telephone\" \/><\/span><\/p>\n<\/div>\n<div class=\"w-1\/2 flex flex-col gap-4 align-top px-4\">\n<p><label> Choix de l&rsquo;offre* <\/label><br \/>\n<span class=\"wpcf7-form-control-wrap\" data-name=\"offre\"><select class=\"wpcf7-form-control wpcf7-select wpcf7-validates-as-required\" aria-required=\"true\" aria-invalid=\"false\" name=\"offre\"><option value=\"kit de distribution et pompe \u00e0 eau\">kit de distribution et pompe \u00e0 eau<\/option><option value=\"Pr\u00e9-contr\u00f4le technique\">Pr\u00e9-contr\u00f4le technique<\/option><option value=\"Remplacement Pare-brise\">Remplacement Pare-brise<\/option><option value=\"Autre prestation Atelier\">Autre prestation Atelier<\/option><\/select><\/span><\/p>\n<p><label> Choix de la concession* <\/label><br \/>\n<span class=\"wpcf7-form-control-wrap\" data-name=\"concession\"><select class=\"wpcf7-form-control wpcf7-select wpcf7-validates-as-required\" aria-required=\"true\" aria-invalid=\"false\" name=\"concession\"><option value=\"RENAULT BYmyCAR Epinal\">RENAULT BYmyCAR Epinal<\/option><option value=\"RENAULT BYmyCAR Nancy\">RENAULT BYmyCAR Nancy<\/option><option value=\"RENAULT DACIA BYmyCAR Bar Le Duc\">RENAULT DACIA BYmyCAR Bar Le Duc<\/option><option value=\"RENAULT BYmyCAR Grenoble Fontaine\">RENAULT BYmyCAR Grenoble Fontaine<\/option><option value=\"RENAULT DACIA BYmyCAR Luneville\">RENAULT DACIA BYmyCAR Luneville<\/option><option value=\"RENAULT DACIA BYmyCAR Pont \u00e0 Mousson\">RENAULT DACIA BYmyCAR Pont \u00e0 Mousson<\/option><option value=\"RENAULT DACIA BYmyCAR SAINT-DIE\">RENAULT DACIA BYmyCAR SAINT-DIE<\/option><option value=\"RENAULT DACIA BYmyCAR St Dizier\">RENAULT DACIA BYmyCAR St Dizier<\/option><option value=\"RENAULT DACIA BYmyCAR Verdun\">RENAULT DACIA BYmyCAR Verdun<\/option><\/select><\/span><\/p>\n<p><label> Votre message <\/label><br \/>\n<span class=\"wpcf7-form-control-wrap\" data-name=\"Commentaireclient\"><textarea cols=\"40\" rows=\"5\" maxlength=\"2000\" class=\"wpcf7-form-control wpcf7-textarea\" aria-invalid=\"false\" name=\"Commentaireclient\"><\/textarea><\/span><\/p>\n<\/div>\n<p><span class=\"wpcf7-form-control-wrap\" data-name=\"optinemail\"><span class=\"wpcf7-form-control wpcf7-checkbox\"><span class=\"wpcf7-list-item first last\"><input type=\"checkbox\" name=\"optinemail[]\" value=\"J&#039;accepte de recevoir la lettre d&#039;information li\u00e9e au Groupe BYmyCAR\" \/><span class=\"wpcf7-list-item-label\">J&#039;accepte de recevoir la lettre d&#039;information li\u00e9e au Groupe BYmyCAR<\/span><\/span><\/span><\/span><\/p>\n<p><span class=\"wpcf7-form-control-wrap\" data-name=\"optinsms\"><span class=\"wpcf7-form-control wpcf7-checkbox\"><span class=\"wpcf7-list-item first last\"><input type=\"checkbox\" name=\"optinsms[]\" value=\"J&#039;accepte de recevoir des informations li\u00e9es au Groupe BYmyCAR par sms\" \/><span class=\"wpcf7-list-item-label\">J&#039;accepte de recevoir des informations li\u00e9es au Groupe BYmyCAR par sms<\/span><\/span><\/span><\/span><\/p>\n<p><span class=\"wpcf7-form-control-wrap\" data-name=\"optinappel\"><span class=\"wpcf7-form-control wpcf7-checkbox\"><span class=\"wpcf7-list-item first last\"><input type=\"checkbox\" name=\"optinappel[]\" value=\"J&#039;accepte de recevoir des informations li\u00e9es au Groupe BYmyCAR par appel\" \/><span class=\"wpcf7-list-item-label\">J&#039;accepte de recevoir des informations li\u00e9es au Groupe BYmyCAR par appel<\/span><\/span><\/span><\/span><\/p>\n<div class=\"w-full flex flex-col items-center gap-y-2 text-center mt-4\"><input class=\"wpcf7-form-control wpcf7-submit has-spinner\" type=\"submit\" value=\"Envoyer\" \/><\/div>\n<\/div>\n<div class=\"wpcf7-response-output\" aria-hidden=\"true\"><\/div>\n<\/form>\n<\/div>\n<p>&nbsp;<\/p>\n<p><em>*Offres r\u00e9serv\u00e9es aux particuliers jusqu&rsquo;au 30\/11\/2021, lors d&rsquo;un m\u00eame passage en caisse, sur rendez-vous uniquement aupr\u00e8s de votre r\u00e9parateur agr\u00e9\u00e9 Renault indiqu\u00e9 ci-dessus. Offre non cumulable avec toute autre promotion en cours.<\/em><\/p>\n<p><span style=\"font-size: 8pt;\">Vos donn\u00e9es \u00e0 caract\u00e8re personnel font l&rsquo;objet d&rsquo;un traitement de donn\u00e9es \u00e0 caract\u00e8re personnel mis en oeuvre par la soci\u00e9t\u00e9 BYmyCAR aux fins de gestion de la relation clients et prospects. Vos donn\u00e9es sont r\u00e9serv\u00e9es \u00e0 l&rsquo;usage des services internes de la soci\u00e9t\u00e9 BYmyCAR ainsi qu&rsquo;aux prestataires habilit\u00e9s \u00e0 traiter vos donn\u00e9es. Conform\u00e9ment \u00e0 la r\u00e9glementation fran\u00e7aise et europ\u00e9enne relative \u00e0 la protection des donn\u00e9es \u00e0 caract\u00e8re personnel, vous pouvez \u00e0 tout moment exercer vos droits d&rsquo;acc\u00e8s, de rectification et de suppression des donn\u00e9es \u00e0 caract\u00e8re personnel vous concernant ainsi que vous opposer au traitement desdites donn\u00e9es. Vous disposez \u00e9galement du droit de d\u00e9finir des directives g\u00e9n\u00e9rales ou particuli\u00e8res relatives au sort de vos donn\u00e9es \u00e0 caract\u00e8re personnel apr\u00e8s votre d\u00e9c\u00e8s. Seules les directives particuli\u00e8res relatives au traitement de donn\u00e9es \u00e0 caract\u00e8re personnel mis en oeuvre par BYmyCAR seront enregistr\u00e9es par BYmyCAR. Vous pouvez exercer vos droits en adressant votre demande, accompagn\u00e9e d&rsquo;un justificatif de votre identit\u00e9, par voie postale \u00e0 BYmyCAR, 278 Bd. St. Germain, 75007 Paris ou e-mail \u00e0 <a href=\"mailto:contact-web@bymycar.fr\">contact-web@bymycar.fr<\/a>. Nous vous informons que vous disposez en outre d&rsquo;un droit d&rsquo;inscription sur la liste d&rsquo;opposition au d\u00e9marchage t\u00e9l\u00e9phonique que vous pouvez exercer aupr\u00e8s de la SAS OPPOSETEL, 92-98 boulevard Victor Hugo \u2013 92110 CLICHY (<a href=\"http:\/\/www.bloctel.gouv.fr\/\">http:\/\/www.bloctel.gouv.fr\/<\/a>).<\/span><\/p>\n"}}]},"add-carousel-to-footer":true},"yoast_head":"<!-- This site is optimized with the Yoast SEO Premium plugin v26.4 (Yoast SEO v26.4) - https:\/\/yoast.com\/wordpress\/plugins\/seo\/ -->\n<title>Offres Services Renault BYmy)CAR<\/title>\n<meta name=\"robots\" content=\"index, follow, max-snippet:-1, max-image-preview:large, max-video-preview:-1\" \/>\n<link rel=\"canonical\" href=\"https:\/\/www.bymycar.fr\/webzine\/offres-services-apres-vente-bymycar\/\" \/>\n<meta property=\"og:locale\" content=\"fr_FR\" \/>\n<meta property=\"og:type\" content=\"article\" \/>\n<meta property=\"og:title\" content=\"Offres Services Renault BYmy)CAR\" \/>\n<meta property=\"og:url\" content=\"https:\/\/www.bymycar.fr\/webzine\/offres-services-apres-vente-bymycar\/\" \/>\n<meta property=\"og:site_name\" content=\"Webzine auto BYmyCAR\" \/>\n<meta property=\"article:published_time\" content=\"2021-10-18T10:19:15+00:00\" \/>\n<meta property=\"article:modified_time\" content=\"2021-10-28T10:44:39+00:00\" \/>\n<meta property=\"og:image\" content=\"https:\/\/cdn.bymycar.eu\/fr-webzine\/wp-content\/uploads\/medias\/Mecanique-renault.jpg\" \/>\n\t<meta property=\"og:image:width\" content=\"1278\" \/>\n\t<meta property=\"og:image:height\" content=\"721\" \/>\n\t<meta property=\"og:image:type\" content=\"image\/jpeg\" \/>\n<meta name=\"author\" content=\"Anna\u00eblle mazza\" \/>\n<meta name=\"twitter:card\" content=\"summary_large_image\" \/>\n<meta name=\"twitter:label1\" content=\"\u00c9crit par\" \/>\n\t<meta name=\"twitter:data1\" content=\"Anna\u00eblle mazza\" \/>\n<script type=\"application\/ld+json\" class=\"yoast-schema-graph\">{\"@context\":\"https:\/\/schema.org\",\"@graph\":[{\"@type\":\"Article\",\"@id\":\"https:\/\/www.bymycar.fr\/webzine\/offres-services-apres-vente-bymycar\/#article\",\"isPartOf\":{\"@id\":\"https:\/\/www.bymycar.fr\/webzine\/offres-services-apres-vente-bymycar\/\"},\"author\":{\"name\":\"Anna\u00eblle mazza\",\"@id\":\"https:\/\/www.bymycar.fr\/webzine\/#\/schema\/person\/b54a348aac10977adbebed5bd925ac49\"},\"headline\":\"Offres Services Renault BYmy)CAR\",\"datePublished\":\"2021-10-18T10:19:15+00:00\",\"dateModified\":\"2021-10-28T10:44:39+00:00\",\"mainEntityOfPage\":{\"@id\":\"https:\/\/www.bymycar.fr\/webzine\/offres-services-apres-vente-bymycar\/\"},\"wordCount\":5,\"publisher\":{\"@id\":\"https:\/\/www.bymycar.fr\/webzine\/#organization\"},\"image\":{\"@id\":\"https:\/\/www.bymycar.fr\/webzine\/offres-services-apres-vente-bymycar\/#primaryimage\"},\"thumbnailUrl\":\"https:\/\/cdn.bymycar.eu\/fr-webzine\/wp-content\/uploads\/medias\/Mecanique-renault.jpg\",\"articleSection\":[\"Actualit\u00e9s des concessions\",\"L'actu des marques\",\"Renault\"],\"inLanguage\":\"fr-FR\"},{\"@type\":\"WebPage\",\"@id\":\"https:\/\/www.bymycar.fr\/webzine\/offres-services-apres-vente-bymycar\/\",\"url\":\"https:\/\/www.bymycar.fr\/webzine\/offres-services-apres-vente-bymycar\/\",\"name\":\"Offres Services Renault BYmy)CAR\",\"isPartOf\":{\"@id\":\"https:\/\/www.bymycar.fr\/webzine\/#website\"},\"primaryImageOfPage\":{\"@id\":\"https:\/\/www.bymycar.fr\/webzine\/offres-services-apres-vente-bymycar\/#primaryimage\"},\"image\":{\"@id\":\"https:\/\/www.bymycar.fr\/webzine\/offres-services-apres-vente-bymycar\/#primaryimage\"},\"thumbnailUrl\":\"https:\/\/cdn.bymycar.eu\/fr-webzine\/wp-content\/uploads\/medias\/Mecanique-renault.jpg\",\"datePublished\":\"2021-10-18T10:19:15+00:00\",\"dateModified\":\"2021-10-28T10:44:39+00:00\",\"breadcrumb\":{\"@id\":\"https:\/\/www.bymycar.fr\/webzine\/offres-services-apres-vente-bymycar\/#breadcrumb\"},\"inLanguage\":\"fr-FR\",\"potentialAction\":[{\"@type\":\"ReadAction\",\"target\":[\"https:\/\/www.bymycar.fr\/webzine\/offres-services-apres-vente-bymycar\/\"]}]},{\"@type\":\"ImageObject\",\"inLanguage\":\"fr-FR\",\"@id\":\"https:\/\/www.bymycar.fr\/webzine\/offres-services-apres-vente-bymycar\/#primaryimage\",\"url\":\"https:\/\/cdn.bymycar.eu\/fr-webzine\/wp-content\/uploads\/medias\/Mecanique-renault.jpg\",\"contentUrl\":\"https:\/\/cdn.bymycar.eu\/fr-webzine\/wp-content\/uploads\/medias\/Mecanique-renault.jpg\",\"width\":1278,\"height\":721},{\"@type\":\"BreadcrumbList\",\"@id\":\"https:\/\/www.bymycar.fr\/webzine\/offres-services-apres-vente-bymycar\/#breadcrumb\",\"itemListElement\":[{\"@type\":\"ListItem\",\"position\":1,\"name\":\"Accueil\",\"item\":\"https:\/\/www.bymycar.fr\/webzine\/\"},{\"@type\":\"ListItem\",\"position\":2,\"name\":\"Offres Services Renault BYmy)CAR\"}]},{\"@type\":\"WebSite\",\"@id\":\"https:\/\/www.bymycar.fr\/webzine\/#website\",\"url\":\"https:\/\/www.bymycar.fr\/webzine\/\",\"name\":\"Webzine auto BYmyCAR\",\"description\":\"La magazine auto de BYmyCAR\",\"publisher\":{\"@id\":\"https:\/\/www.bymycar.fr\/webzine\/#organization\"},\"potentialAction\":[{\"@type\":\"SearchAction\",\"target\":{\"@type\":\"EntryPoint\",\"urlTemplate\":\"https:\/\/www.bymycar.fr\/webzine\/?s={search_term_string}\"},\"query-input\":{\"@type\":\"PropertyValueSpecification\",\"valueRequired\":true,\"valueName\":\"search_term_string\"}}],\"inLanguage\":\"fr-FR\"},{\"@type\":\"Organization\",\"@id\":\"https:\/\/www.bymycar.fr\/webzine\/#organization\",\"name\":\"BYmyCAR\",\"url\":\"https:\/\/www.bymycar.fr\/webzine\/\",\"logo\":{\"@type\":\"ImageObject\",\"inLanguage\":\"fr-FR\",\"@id\":\"https:\/\/www.bymycar.fr\/webzine\/#\/schema\/logo\/image\/\",\"url\":\"https:\/\/cdn.bymycar.eu\/fr-webzine\/wp-content\/uploads\/medias\/2017\/08\/logo_DEALER_00000406_001.png\",\"contentUrl\":\"https:\/\/cdn.bymycar.eu\/fr-webzine\/wp-content\/uploads\/medias\/2017\/08\/logo_DEALER_00000406_001.png\",\"width\":2132,\"height\":720,\"caption\":\"BYmyCAR\"},\"image\":{\"@id\":\"https:\/\/www.bymycar.fr\/webzine\/#\/schema\/logo\/image\/\"}},{\"@type\":\"Person\",\"@id\":\"https:\/\/www.bymycar.fr\/webzine\/#\/schema\/person\/b54a348aac10977adbebed5bd925ac49\",\"name\":\"Anna\u00eblle mazza\",\"image\":{\"@type\":\"ImageObject\",\"inLanguage\":\"fr-FR\",\"@id\":\"https:\/\/www.bymycar.fr\/webzine\/#\/schema\/person\/image\/\",\"url\":\"https:\/\/secure.gravatar.com\/avatar\/37a99f00d4c8e52f41058d90c6b86e66d62c88f7863da12f6791e6421a5b3ccd?s=96&d=mm&r=g\",\"contentUrl\":\"https:\/\/secure.gravatar.com\/avatar\/37a99f00d4c8e52f41058d90c6b86e66d62c88f7863da12f6791e6421a5b3ccd?s=96&d=mm&r=g\",\"caption\":\"Anna\u00eblle mazza\"}}]}<\/script>\n<!-- \/ Yoast SEO Premium plugin. -->","yoast_head_json":{"title":"Offres Services Renault BYmy)CAR","robots":{"index":"index","follow":"follow","max-snippet":"max-snippet:-1","max-image-preview":"max-image-preview:large","max-video-preview":"max-video-preview:-1"},"canonical":"https:\/\/www.bymycar.fr\/webzine\/offres-services-apres-vente-bymycar\/","og_locale":"fr_FR","og_type":"article","og_title":"Offres Services Renault BYmy)CAR","og_url":"https:\/\/www.bymycar.fr\/webzine\/offres-services-apres-vente-bymycar\/","og_site_name":"Webzine auto BYmyCAR","article_published_time":"2021-10-18T10:19:15+00:00","article_modified_time":"2021-10-28T10:44:39+00:00","og_image":[{"width":1278,"height":721,"url":"https:\/\/cdn.bymycar.eu\/fr-webzine\/wp-content\/uploads\/medias\/Mecanique-renault.jpg","type":"image\/jpeg"}],"author":"Anna\u00eblle mazza","twitter_card":"summary_large_image","twitter_misc":{"\u00c9crit par":"Anna\u00eblle mazza"},"schema":{"@context":"https:\/\/schema.org","@graph":[{"@type":"Article","@id":"https:\/\/www.bymycar.fr\/webzine\/offres-services-apres-vente-bymycar\/#article","isPartOf":{"@id":"https:\/\/www.bymycar.fr\/webzine\/offres-services-apres-vente-bymycar\/"},"author":{"name":"Anna\u00eblle mazza","@id":"https:\/\/www.bymycar.fr\/webzine\/#\/schema\/person\/b54a348aac10977adbebed5bd925ac49"},"headline":"Offres Services Renault BYmy)CAR","datePublished":"2021-10-18T10:19:15+00:00","dateModified":"2021-10-28T10:44:39+00:00","mainEntityOfPage":{"@id":"https:\/\/www.bymycar.fr\/webzine\/offres-services-apres-vente-bymycar\/"},"wordCount":5,"publisher":{"@id":"https:\/\/www.bymycar.fr\/webzine\/#organization"},"image":{"@id":"https:\/\/www.bymycar.fr\/webzine\/offres-services-apres-vente-bymycar\/#primaryimage"},"thumbnailUrl":"https:\/\/cdn.bymycar.eu\/fr-webzine\/wp-content\/uploads\/medias\/Mecanique-renault.jpg","articleSection":["Actualit\u00e9s des concessions","L'actu des marques","Renault"],"inLanguage":"fr-FR"},{"@type":"WebPage","@id":"https:\/\/www.bymycar.fr\/webzine\/offres-services-apres-vente-bymycar\/","url":"https:\/\/www.bymycar.fr\/webzine\/offres-services-apres-vente-bymycar\/","name":"Offres Services Renault BYmy)CAR","isPartOf":{"@id":"https:\/\/www.bymycar.fr\/webzine\/#website"},"primaryImageOfPage":{"@id":"https:\/\/www.bymycar.fr\/webzine\/offres-services-apres-vente-bymycar\/#primaryimage"},"image":{"@id":"https:\/\/www.bymycar.fr\/webzine\/offres-services-apres-vente-bymycar\/#primaryimage"},"thumbnailUrl":"https:\/\/cdn.bymycar.eu\/fr-webzine\/wp-content\/uploads\/medias\/Mecanique-renault.jpg","datePublished":"2021-10-18T10:19:15+00:00","dateModified":"2021-10-28T10:44:39+00:00","breadcrumb":{"@id":"https:\/\/www.bymycar.fr\/webzine\/offres-services-apres-vente-bymycar\/#breadcrumb"},"inLanguage":"fr-FR","potentialAction":[{"@type":"ReadAction","target":["https:\/\/www.bymycar.fr\/webzine\/offres-services-apres-vente-bymycar\/"]}]},{"@type":"ImageObject","inLanguage":"fr-FR","@id":"https:\/\/www.bymycar.fr\/webzine\/offres-services-apres-vente-bymycar\/#primaryimage","url":"https:\/\/cdn.bymycar.eu\/fr-webzine\/wp-content\/uploads\/medias\/Mecanique-renault.jpg","contentUrl":"https:\/\/cdn.bymycar.eu\/fr-webzine\/wp-content\/uploads\/medias\/Mecanique-renault.jpg","width":1278,"height":721},{"@type":"BreadcrumbList","@id":"https:\/\/www.bymycar.fr\/webzine\/offres-services-apres-vente-bymycar\/#breadcrumb","itemListElement":[{"@type":"ListItem","position":1,"name":"Accueil","item":"https:\/\/www.bymycar.fr\/webzine\/"},{"@type":"ListItem","position":2,"name":"Offres Services Renault BYmy)CAR"}]},{"@type":"WebSite","@id":"https:\/\/www.bymycar.fr\/webzine\/#website","url":"https:\/\/www.bymycar.fr\/webzine\/","name":"Webzine auto BYmyCAR","description":"La magazine auto de BYmyCAR","publisher":{"@id":"https:\/\/www.bymycar.fr\/webzine\/#organization"},"potentialAction":[{"@type":"SearchAction","target":{"@type":"EntryPoint","urlTemplate":"https:\/\/www.bymycar.fr\/webzine\/?s={search_term_string}"},"query-input":{"@type":"PropertyValueSpecification","valueRequired":true,"valueName":"search_term_string"}}],"inLanguage":"fr-FR"},{"@type":"Organization","@id":"https:\/\/www.bymycar.fr\/webzine\/#organization","name":"BYmyCAR","url":"https:\/\/www.bymycar.fr\/webzine\/","logo":{"@type":"ImageObject","inLanguage":"fr-FR","@id":"https:\/\/www.bymycar.fr\/webzine\/#\/schema\/logo\/image\/","url":"https:\/\/cdn.bymycar.eu\/fr-webzine\/wp-content\/uploads\/medias\/2017\/08\/logo_DEALER_00000406_001.png","contentUrl":"https:\/\/cdn.bymycar.eu\/fr-webzine\/wp-content\/uploads\/medias\/2017\/08\/logo_DEALER_00000406_001.png","width":2132,"height":720,"caption":"BYmyCAR"},"image":{"@id":"https:\/\/www.bymycar.fr\/webzine\/#\/schema\/logo\/image\/"}},{"@type":"Person","@id":"https:\/\/www.bymycar.fr\/webzine\/#\/schema\/person\/b54a348aac10977adbebed5bd925ac49","name":"Anna\u00eblle mazza","image":{"@type":"ImageObject","inLanguage":"fr-FR","@id":"https:\/\/www.bymycar.fr\/webzine\/#\/schema\/person\/image\/","url":"https:\/\/secure.gravatar.com\/avatar\/37a99f00d4c8e52f41058d90c6b86e66d62c88f7863da12f6791e6421a5b3ccd?s=96&d=mm&r=g","contentUrl":"https:\/\/secure.gravatar.com\/avatar\/37a99f00d4c8e52f41058d90c6b86e66d62c88f7863da12f6791e6421a5b3ccd?s=96&d=mm&r=g","caption":"Anna\u00eblle mazza"}}]}},"_links":{"self":[{"href":"https:\/\/www.bymycar.fr\/webzine\/wp-json\/wp\/v2\/posts\/19658","targetHints":{"allow":["GET"]}}],"collection":[{"href":"https:\/\/www.bymycar.fr\/webzine\/wp-json\/wp\/v2\/posts"}],"about":[{"href":"https:\/\/www.bymycar.fr\/webzine\/wp-json\/wp\/v2\/types\/post"}],"author":[{"embeddable":true,"href":"https:\/\/www.bymycar.fr\/webzine\/wp-json\/wp\/v2\/users\/30"}],"replies":[{"embeddable":true,"href":"https:\/\/www.bymycar.fr\/webzine\/wp-json\/wp\/v2\/comments?post=19658"}],"version-history":[{"count":22,"href":"https:\/\/www.bymycar.fr\/webzine\/wp-json\/wp\/v2\/posts\/19658\/revisions"}],"predecessor-version":[{"id":20516,"href":"https:\/\/www.bymycar.fr\/webzine\/wp-json\/wp\/v2\/posts\/19658\/revisions\/20516"}],"wp:featuredmedia":[{"embeddable":true,"href":"https:\/\/www.bymycar.fr\/webzine\/wp-json\/wp\/v2\/media\/19679"}],"wp:attachment":[{"href":"https:\/\/www.bymycar.fr\/webzine\/wp-json\/wp\/v2\/media?parent=19658"}],"wp:term":[{"taxonomy":"category","embeddable":true,"href":"https:\/\/www.bymycar.fr\/webzine\/wp-json\/wp\/v2\/categories?post=19658"},{"taxonomy":"post_tag","embeddable":true,"href":"https:\/\/www.bymycar.fr\/webzine\/wp-json\/wp\/v2\/tags?post=19658"}],"curies":[{"name":"wp","href":"https:\/\/api.w.org\/{rel}","templated":true}]}}