{"id":17364,"date":"2021-07-05T17:57:18","date_gmt":"2021-07-05T15:57:18","guid":{"rendered":"https:\/\/prod.bymycar.fr\/webzine\/?p=17364"},"modified":"2024-01-24T16:32:54","modified_gmt":"2024-01-24T15:32:54","slug":"reprendre-une-loa-comment-ca-marche","status":"publish","type":"post","link":"https:\/\/www.bymycar.fr\/webzine\/reprendre-une-loa-comment-ca-marche\/","title":{"rendered":"Transfert et reprise de leasing\u00a0: que faut-il savoir\u2009?"},"content":{"rendered":"","protected":false},"excerpt":{"rendered":"","protected":false},"author":9,"featured_media":42818,"comment_status":"closed","ping_status":"open","sticky":false,"template":"","format":"standard","meta":{"_acf_changed":false,"footnotes":""},"categories":[13],"tags":[],"class_list":["post-17364","post","type-post","status-publish","format-standard","has-post-thumbnail","hentry","category-achat-location-et-vente"],"acf":{"template":"classique","introduction":"<p style=\"text-align: justify;\"><strong>Vous souhaitez louer un <a href=\"https:\/\/www.bymycar.fr\/webzine\/vehicule-neuf\/\">v\u00e9hicule neuf<\/a> ou d\u2019occasion en leasing\u2009? Ce mode de location et de financement pr\u00e9sente des avantages qui s\u00e9duisent de plus en plus les particuliers. Il peut pourtant effrayer en cas d\u2019impr\u00e9vu p\u00e9cuniaire. Gr\u00e2ce au transfert et \u00e0 la reprise de leasing, il est possible de vous lib\u00e9rer de ses contraintes.<\/strong><\/p>\n<p>&nbsp;<\/p>\n<p style=\"text-align: center;\"><span style=\"font-weight: 400;\"><a href=\"https:\/\/www.bymycar.fr\/rachat-cash\" target=\"_blank\" class=\"css-button css-button--gold\" >\n                Estimez la reprise de votre v\u00e9hicule &gt;\n        <\/a><\/span><\/p>\n","strates":[{"type_strate":"texte-simple","ancre":"","contenu":"<h2>Qu\u2019est-ce que le transfert de leasing\u2009?<\/h2>\n<p><span style=\"font-weight: 400;\">Le <\/span>transfert<span style=\"font-weight: 400;\"> de <\/span>leasing permet<span style=\"font-weight: 400;\"> au <\/span>locataire<span style=\"font-weight: 400;\"> du <\/span>v\u00e9hicule<span style=\"font-weight: 400;\"> de <\/span>c\u00e9der<span style=\"font-weight: 400;\"> son <\/span>contrat<span style=\"font-weight: 400;\"> avant terme, \u00e0 un <\/span>particulier<span style=\"font-weight: 400;\"> ou \u00e0 un <\/span>professionnel<span style=\"font-weight: 400;\">. Il n\u2019a plus ainsi \u00e0 s\u2019acquitter des <\/span>loyers<span style=\"font-weight: 400;\"> en cours. Le <\/span>repreneur<span style=\"font-weight: 400;\"> dispose de l\u2019<\/span>automobile<span style=\"font-weight: 400;\"> dans les m\u00eames d\u00e9lais et dans des <\/span>conditions<span style=\"font-weight: 400;\"> souvent favorables. \u00a0\u00a0\u00a0\u00a0<\/span><\/p>\n<h2>Pourquoi opter pour une reprise de leasing\u2009?<\/h2>\n<p><span style=\"font-weight: 400;\">Le d\u00e9lai d\u2019une <\/span>location<span style=\"font-weight: 400;\"> avec option d\u2019achat (<\/span>LOA<span style=\"font-weight: 400;\">) ou de longue <\/span>dur\u00e9e<span style=\"font-weight: 400;\"> (<\/span>LLD<span style=\"font-weight: 400;\">) varie entre 12 et 36\u00a0mois. Pour y mettre <\/span>fin<span style=\"font-weight: 400;\">, vous pouvez envisager\u00a0:<\/span><\/p>\n<ul>\n<li style=\"font-weight: 400;\" aria-level=\"1\"><span style=\"font-weight: 400;\">Le remboursement anticip\u00e9 du prix de la <\/span>voiture<span style=\"font-weight: 400;\"> (avec des p\u00e9nalit\u00e9s qui augmentent le montant restant d\u00fb). \u00a0\u00a0<\/span><\/li>\n<li style=\"font-weight: 400;\" aria-level=\"1\"><span style=\"font-weight: 400;\">La v<\/span><a href=\"https:\/\/www.bymycar.fr\/webzine\/guide-vendre-sa-voiture-toute-serenite\/\"><span style=\"font-weight: 400;\">ente de la <\/span>voiture<\/a><span style=\"font-weight: 400;\"> selon sa valeur sur le <\/span>march\u00e9 automobile<span style=\"font-weight: 400;\"> d\u2019<\/span>occasion<span style=\"font-weight: 400;\">.<\/span><\/li>\n<\/ul>\n<p><span style=\"font-weight: 400;\">Pour le c\u00e9dant, la <\/span>reprise<span style=\"font-weight: 400;\"> d\u2019une <\/span>LOA<span style=\"font-weight: 400;\"> ou <\/span>LLD<span style=\"font-weight: 400;\"> constitue une alternative plus souple et \u00e9conomique. Elle peut donc s\u00e9duire une personne qui <\/span>souhaite<span style=\"font-weight: 400;\"> restituer rapidement sa <\/span><a href=\"https:\/\/www.bymycar.fr\/v\/voiture-occasion\">voiture<span style=\"font-weight: 400;\"> d\u2019<\/span>occasion<\/a><span style=\"font-weight: 400;\">. Elle peut \u00eatre confront\u00e9e \u00e0 des difficult\u00e9s <\/span>financi\u00e8res<span style=\"font-weight: 400;\">, \u00e0 un changement de situation familiale ou vouloir <\/span><a href=\"https:\/\/www.bymycar.fr\/webzine\/quelle-voiture-electrique-choisir-pour-lautoroute\/\"><span style=\"font-weight: 400;\">choisir une <\/span>voiture<\/a><span style=\"font-weight: 400;\"> diff\u00e9rente.<\/span><\/p>\n<p><span style=\"font-weight: 400;\">Pour le cessionnaire, cette option offre la <\/span>possibilit\u00e9<span style=\"font-weight: 400;\"> de b\u00e9n\u00e9ficier d\u2019un accord d\u00e9j\u00e0 n\u00e9goci\u00e9 dans de bonnes <\/span>conditions<span style=\"font-weight: 400;\">.<\/span><\/p>\n<h2>Le transfert de leasing\u00a0: comment \u00e7a fonctionne\u2009?<\/h2>\n<p><span style=\"font-weight: 400;\">Pour se d\u00e9sengager, plusieurs \u00e9tapes sont essentielles\u00a0:<\/span><\/p>\n<ul>\n<li style=\"font-weight: 400;\" aria-level=\"1\"><span style=\"font-weight: 400;\">Trouver le <\/span>repreneur<span style=\"font-weight: 400;\">. Tout individu qui <\/span>souhaite louer<span style=\"font-weight: 400;\"> ou acheter \u00e0 terme une <\/span>voiture<span style=\"font-weight: 400;\"> peut \u00eatre un candidat potentiel. Il existe \u00e9galement des plateformes d\u2019<\/span><a href=\"https:\/\/www.bymycar.fr\/webzine\/achat-en-ligne-de-voiture\/\"><span style=\"font-weight: 400;\">achat de <\/span>voiture<span style=\"font-weight: 400;\"> en ligne<\/span><\/a><span style=\"font-weight: 400;\"> sp\u00e9cialis\u00e9es. Enfin, un <\/span><a href=\"https:\/\/www.bymycar.fr\/webzine\/acheter-sa-voiture-en-passant-par-un-courtier-automobile\/\"><span style=\"font-weight: 400;\">courtier <\/span>automobile<\/a><span style=\"font-weight: 400;\"> peut mettre en relation les personnes int\u00e9ress\u00e9es.<\/span><\/li>\n<li style=\"font-weight: 400;\" aria-level=\"1\"><span style=\"font-weight: 400;\">Obtenir l\u2019aval de l\u2019organisme de <\/span>leasing<span style=\"font-weight: 400;\"> ou <\/span>financier<span style=\"font-weight: 400;\"> qui a initialement accord\u00e9 le <\/span>cr\u00e9dit auto<span style=\"font-weight: 400;\">. Une demande de substitution formalise ce <\/span>type<span style=\"font-weight: 400;\"> de requ\u00eate. Pour ce faire, le <\/span>repreneur<span style=\"font-weight: 400;\"> doit <\/span>d\u00e9poser<span style=\"font-weight: 400;\"> un <\/span>dossier<span style=\"font-weight: 400;\">, car l\u2019acceptation reste d\u00e9pendante de sa solvabilit\u00e9.<\/span><\/li>\n<li style=\"font-weight: 400;\" aria-level=\"1\"><span style=\"font-weight: 400;\">Ent\u00e9riner la <\/span>reprise<span style=\"font-weight: 400;\">. Attention, des frais de cession et de modification du certificat d\u2019immatriculation s\u2019appliquent parfois.<\/span><\/li>\n<\/ul>\n<h2>Le\u00a0transfert et la reprise de leasing, une solution avantageuse pour tous<\/h2>\n<p><span style=\"font-weight: 400;\">Le <\/span>transfert<span style=\"font-weight: 400;\"> et sa <\/span>reprise<span style=\"font-weight: 400;\"> pr\u00e9sentent des <\/span>avantages<span style=\"font-weight: 400;\"> pour toutes les parties impliqu\u00e9es.<\/span><\/p>\n<table style=\"border-collapse: collapse; width: 100%; height: 48px;\">\n<tbody>\n<tr style=\"height: 24px;\">\n<td style=\"width: 50%; height: 24px; text-align: center;\"><strong>Pour le d\u00e9tenteur qui c\u00e8de son contrat<\/strong><\/td>\n<td style=\"width: 50%; height: 24px; text-align: center;\"><strong>Pour le nouveau locataire<\/strong><\/td>\n<\/tr>\n<tr style=\"height: 24px;\">\n<td style=\"width: 50%; height: 24px;\">\n<ul>\n<li>Il cesse de payer les mensualit\u00e9s puisqu\u2019il n\u2019est plus tenu contractuellement.<\/li>\n<li>Il se d\u00e9sengage avec un minimum de frais.<\/li>\n<li>Il est libre de choisir un autre LOA. Il peut aussi acheter une voiture d\u2019occasion ou un mod\u00e8le neuf.<\/li>\n<\/ul>\n<\/td>\n<td style=\"width: 50%; height: 24px;\">\n<ul>\n<li>Il n\u2019a pas besoin d\u2019apport initial important.<\/li>\n<li>Il est li\u00e9 pendant moins longtemps.<\/li>\n<li>Il peut devenir propri\u00e9taire \u00e0 moindres frais puis vendre son v\u00e9hicule en LOA.<\/li>\n<li>Il dispose d\u2019une voiture thermique ou v\u00e9hicule \u00e9lectrique en bon \u00e9tat, avec des loyers et un taux souvent avantageux.<\/li>\n<\/ul>\n<\/td>\n<\/tr>\n<\/tbody>\n<\/table>\n<p>Vous \u00eates d\u00e9sormais \u00e0 la recherche d\u2019une nouvelle voiture\u2009? Vous avez envie de profiter des derni\u00e8res sorties ou pr\u00e9f\u00e9rez le <a href=\"https:\/\/www.bymycar.fr\/webzine\/quelles-sont-les-perspectives-du-marche-de-loccasion-automobile\/\">march\u00e9 d\u2019occasion<\/a>\u2009? BYmyCAR propose de nombreux mod\u00e8les avec plus de 8000\u00a0v\u00e9hicules en stock. De la <a href=\"https:\/\/www.bymycar.fr\/webzine\/volkswagen-polo\/\">Volkswagen Polo<\/a> aux nouveaux mod\u00e8les BYD, choisissez parmi notre s\u00e9lection : des <a href=\"https:\/\/www.bymycar.fr\/webzine\/quelle-est-la-voiture-electrique-la-moins-chere\/\">voitures \u00e9lectriques neuves pas ch\u00e8res<\/a>, des citadines, des berlines et bien d\u2019autres.<\/p>\n<p>Et pour mieux vous guider, notre webzine r\u00e9pond \u00e0 tout type de question, sur l\u2019<a href=\"https:\/\/www.bymycar.fr\/webzine\/tout-savoir-sur-l-achat-et-vente-d-une-voiture\/\">achat et la vente<\/a>.<\/p>\n<p>&nbsp;<\/p>\n<p style=\"text-align: center;\"><span style=\"font-weight: 400;\"><a href=\"https:\/\/www.bymycar.fr\/rachat-cash\" target=\"_blank\" class=\"css-button css-button--gold\" >\n                Estimez la reprise de votre v\u00e9hicule &gt;\n        <\/a><\/span><\/p>\n<p>&nbsp;<\/p>\n<p><em><strong>D\u00e9couvrez d&rsquo;autres articles :<\/strong><\/em><\/p>\n<ul>\n<li style=\"font-weight: 400;\" aria-level=\"1\"><a href=\"https:\/\/www.bymycar.fr\/webzine\/tout-ce-que-vous-devriez-savoir-pour-acheter-une-voiture\/\">Tout ce que vous devriez savoir pour acheter une voiture<\/a>\u2009;<\/li>\n<li style=\"font-weight: 400;\" aria-level=\"1\"><a href=\"https:\/\/www.bymycar.fr\/webzine\/quelles-sont-les-conditions-de-reprise-dune-voiture-pour-un-achat-neuf\/\">Quelles sont les conditions de reprise d\u2019une voiture pour un achat neuf ?<\/a><\/li>\n<li><a href=\"https:\/\/www.bymycar.fr\/webzine\/quelle-est-la-reprise-pour-lachat-dune-voiture-doccasion\/\">Quelle est la reprise pour l\u2019achat d\u2019une voiture d\u2019occasion ?<\/a><\/li>\n<li><a href=\"https:\/\/www.bymycar.fr\/webzine\/5-conseils-acheter-sereinement-voiture-doccasion\/\">5 conseils pour l\u2019achat de votre voiture d\u2019occasion<\/a><\/li>\n<li><a href=\"https:\/\/www.bymycar.fr\/webzine\/voiture-thermique-ou-electrique-que-choisir\/\">Voiture thermique ou \u00e9lectrique : que choisir ?<\/a><\/li>\n<li><a href=\"https:\/\/www.bymycar.fr\/webzine\/profitez-de-la-large-selection-de-vehicules-bymycar-pour-trouver-la-voiture-quil-vous-faut\/\">Profitez de la large s\u00e9lection de v\u00e9hicules BYmyCAR pour trouver LA voiture qu\u2019il vous faut<\/a><\/li>\n<li><a href=\"https:\/\/www.bymycar.fr\/webzine\/acheter-voiture-doccasion\/\">Comment acheter une voiture d\u2019occasion ?<\/a><\/li>\n<\/ul>\n","titre":"texte","image":false,"image_libre":false,"image_800x500":false,"legende":"","zoom":false,"texte":"","articles":false,"categorie_droite":false,"images":false,"elements_comparatif":false,"texte_1":"","texte_2":"","image_1":false,"image_1_563x400":false,"image_1_332x332":false,"image_2":false,"image_2_333x240":false,"image_2_563x400":false,"image_3":false,"image_3_333x240":false,"image_3_332x450":false,"image_4":false,"image_4_332x332":false,"image_4_563x400":false,"code_embed":"","legende_video":"","photo":false,"photo_100x100":false,"nom":"","fonction":"","elements_timeline":false,"entetes_colonnes":false,"entetes_lignes":false,"lignes":false,"introduction":"","formulaire":false,"question":"","reponse":"","libelle_bouton_lien":"","url_lien":"","questions":false,"conclusions":false,"pays":false,"region":false,"marque":false,"marqueConcessions":false,"modele":false,"ptvente":false,"typeV":false,"collection":false,"nombre_maximum_elements":10,"lien_fin_carousel":"","texte_lien_fin_carousel":"","trier_par":false}],"is_old_post":false,"image":{"ID":42818,"id":42818,"title":"The new Volkswagen Golf R","filename":"DB2021AU00055large.jpg","filesize":313440,"url":"https:\/\/cdn.bymycar.eu\/fr-webzine\/wp-content\/uploads\/medias\/DB2021AU00055large.jpg","link":"https:\/\/www.bymycar.fr\/webzine\/comment-acheter-une-golf-vw-doccasion-pas-cher\/the-new-volkswagen-golf-r\/","alt":"Volkswagen Golf bleue sur la neige","author":"88","description":"","caption":"","name":"the-new-volkswagen-golf-r","status":"inherit","uploaded_to":42817,"date":"2023-10-03 15:28:39","modified":"2023-10-03 15:29:00","menu_order":0,"mime_type":"image\/jpeg","type":"image","subtype":"jpeg","icon":"https:\/\/www.bymycar.fr\/webzine\/wp-includes\/images\/media\/default.png","width":2560,"height":1707,"sizes":{"thumbnail":"https:\/\/cdn.bymycar.eu\/fr-webzine\/wp-content\/uploads\/medias\/DB2021AU00055large-150x150.jpg","thumbnail-width":150,"thumbnail-height":150,"medium":"https:\/\/cdn.bymycar.eu\/fr-webzine\/wp-content\/uploads\/medias\/DB2021AU00055large-300x200.jpg","medium-width":300,"medium-height":200,"medium_large":"https:\/\/cdn.bymycar.eu\/fr-webzine\/wp-content\/uploads\/medias\/DB2021AU00055large-768x512.jpg","medium_large-width":768,"medium_large-height":512,"large":"https:\/\/cdn.bymycar.eu\/fr-webzine\/wp-content\/uploads\/medias\/DB2021AU00055large-1024x683.jpg","large-width":1024,"large-height":683,"1536x1536":"https:\/\/cdn.bymycar.eu\/fr-webzine\/wp-content\/uploads\/medias\/DB2021AU00055large-1536x1024.jpg","1536x1536-width":1536,"1536x1536-height":1024,"2048x2048":"https:\/\/cdn.bymycar.eu\/fr-webzine\/wp-content\/uploads\/medias\/DB2021AU00055large-2048x1366.jpg","2048x2048-width":2048,"2048x2048-height":1366}},"page_content":{"block_content":[{"acf_fc_layout":"text-simple","--nav":{"-withNav":false,"-ancre":""},"--group":{"-text":"<h2>Qu\u2019est-ce que le transfert de leasing\u2009?<\/h2>\n<p><span style=\"font-weight: 400;\">Le <\/span>transfert<span style=\"font-weight: 400;\"> de <\/span>leasing permet<span style=\"font-weight: 400;\"> au <\/span>locataire<span style=\"font-weight: 400;\"> du <\/span>v\u00e9hicule<span style=\"font-weight: 400;\"> de <\/span>c\u00e9der<span style=\"font-weight: 400;\"> son <\/span>contrat<span style=\"font-weight: 400;\"> avant terme, \u00e0 un <\/span>particulier<span style=\"font-weight: 400;\"> ou \u00e0 un <\/span>professionnel<span style=\"font-weight: 400;\">. Il n\u2019a plus ainsi \u00e0 s\u2019acquitter des <\/span>loyers<span style=\"font-weight: 400;\"> en cours. Le <\/span>repreneur<span style=\"font-weight: 400;\"> dispose de l\u2019<\/span>automobile<span style=\"font-weight: 400;\"> dans les m\u00eames d\u00e9lais et dans des <\/span>conditions<span style=\"font-weight: 400;\"> souvent favorables. \u00a0\u00a0\u00a0\u00a0<\/span><\/p>\n<h2>Pourquoi opter pour une reprise de leasing\u2009?<\/h2>\n<p><span style=\"font-weight: 400;\">Le d\u00e9lai d\u2019une <\/span>location<span style=\"font-weight: 400;\"> avec option d\u2019achat (<\/span>LOA<span style=\"font-weight: 400;\">) ou de longue <\/span>dur\u00e9e<span style=\"font-weight: 400;\"> (<\/span>LLD<span style=\"font-weight: 400;\">) varie entre 12 et 36\u00a0mois. Pour y mettre <\/span>fin<span style=\"font-weight: 400;\">, vous pouvez envisager\u00a0:<\/span><\/p>\n<ul>\n<li style=\"font-weight: 400;\" aria-level=\"1\"><span style=\"font-weight: 400;\">Le remboursement anticip\u00e9 du prix de la <\/span>voiture<span style=\"font-weight: 400;\"> (avec des p\u00e9nalit\u00e9s qui augmentent le montant restant d\u00fb). \u00a0\u00a0<\/span><\/li>\n<li style=\"font-weight: 400;\" aria-level=\"1\"><span style=\"font-weight: 400;\">La v<\/span><a href=\"https:\/\/www.bymycar.fr\/webzine\/guide-vendre-sa-voiture-toute-serenite\/\"><span style=\"font-weight: 400;\">ente de la <\/span>voiture<\/a><span style=\"font-weight: 400;\"> selon sa valeur sur le <\/span>march\u00e9 automobile<span style=\"font-weight: 400;\"> d\u2019<\/span>occasion<span style=\"font-weight: 400;\">.<\/span><\/li>\n<\/ul>\n<p><span style=\"font-weight: 400;\">Pour le c\u00e9dant, la <\/span>reprise<span style=\"font-weight: 400;\"> d\u2019une <\/span>LOA<span style=\"font-weight: 400;\"> ou <\/span>LLD<span style=\"font-weight: 400;\"> constitue une alternative plus souple et \u00e9conomique. Elle peut donc s\u00e9duire une personne qui <\/span>souhaite<span style=\"font-weight: 400;\"> restituer rapidement sa <\/span><a href=\"https:\/\/www.bymycar.fr\/v\/voiture-occasion\">voiture<span style=\"font-weight: 400;\"> d\u2019<\/span>occasion<\/a><span style=\"font-weight: 400;\">. Elle peut \u00eatre confront\u00e9e \u00e0 des difficult\u00e9s <\/span>financi\u00e8res<span style=\"font-weight: 400;\">, \u00e0 un changement de situation familiale ou vouloir <\/span><a href=\"https:\/\/www.bymycar.fr\/webzine\/quelle-voiture-electrique-choisir-pour-lautoroute\/\"><span style=\"font-weight: 400;\">choisir une <\/span>voiture<\/a><span style=\"font-weight: 400;\"> diff\u00e9rente.<\/span><\/p>\n<p><span style=\"font-weight: 400;\">Pour le cessionnaire, cette option offre la <\/span>possibilit\u00e9<span style=\"font-weight: 400;\"> de b\u00e9n\u00e9ficier d\u2019un accord d\u00e9j\u00e0 n\u00e9goci\u00e9 dans de bonnes <\/span>conditions<span style=\"font-weight: 400;\">.<\/span><\/p>\n<h2>Le transfert de leasing\u00a0: comment \u00e7a fonctionne\u2009?<\/h2>\n<p><span style=\"font-weight: 400;\">Pour se d\u00e9sengager, plusieurs \u00e9tapes sont essentielles\u00a0:<\/span><\/p>\n<ul>\n<li style=\"font-weight: 400;\" aria-level=\"1\"><span style=\"font-weight: 400;\">Trouver le <\/span>repreneur<span style=\"font-weight: 400;\">. Tout individu qui <\/span>souhaite louer<span style=\"font-weight: 400;\"> ou acheter \u00e0 terme une <\/span>voiture<span style=\"font-weight: 400;\"> peut \u00eatre un candidat potentiel. Il existe \u00e9galement des plateformes d\u2019<\/span><a href=\"https:\/\/www.bymycar.fr\/webzine\/achat-en-ligne-de-voiture\/\"><span style=\"font-weight: 400;\">achat de <\/span>voiture<span style=\"font-weight: 400;\"> en ligne<\/span><\/a><span style=\"font-weight: 400;\"> sp\u00e9cialis\u00e9es. Enfin, un <\/span><a href=\"https:\/\/www.bymycar.fr\/webzine\/acheter-sa-voiture-en-passant-par-un-courtier-automobile\/\"><span style=\"font-weight: 400;\">courtier <\/span>automobile<\/a><span style=\"font-weight: 400;\"> peut mettre en relation les personnes int\u00e9ress\u00e9es.<\/span><\/li>\n<li style=\"font-weight: 400;\" aria-level=\"1\"><span style=\"font-weight: 400;\">Obtenir l\u2019aval de l\u2019organisme de <\/span>leasing<span style=\"font-weight: 400;\"> ou <\/span>financier<span style=\"font-weight: 400;\"> qui a initialement accord\u00e9 le <\/span>cr\u00e9dit auto<span style=\"font-weight: 400;\">. Une demande de substitution formalise ce <\/span>type<span style=\"font-weight: 400;\"> de requ\u00eate. Pour ce faire, le <\/span>repreneur<span style=\"font-weight: 400;\"> doit <\/span>d\u00e9poser<span style=\"font-weight: 400;\"> un <\/span>dossier<span style=\"font-weight: 400;\">, car l\u2019acceptation reste d\u00e9pendante de sa solvabilit\u00e9.<\/span><\/li>\n<li style=\"font-weight: 400;\" aria-level=\"1\"><span style=\"font-weight: 400;\">Ent\u00e9riner la <\/span>reprise<span style=\"font-weight: 400;\">. Attention, des frais de cession et de modification du certificat d\u2019immatriculation s\u2019appliquent parfois.<\/span><\/li>\n<\/ul>\n<h2>Le\u00a0transfert et la reprise de leasing, une solution avantageuse pour tous<\/h2>\n<p><span style=\"font-weight: 400;\">Le <\/span>transfert<span style=\"font-weight: 400;\"> et sa <\/span>reprise<span style=\"font-weight: 400;\"> pr\u00e9sentent des <\/span>avantages<span style=\"font-weight: 400;\"> pour toutes les parties impliqu\u00e9es.<\/span><\/p>\n<table style=\"border-collapse: collapse; width: 100%; height: 48px;\">\n<tbody>\n<tr style=\"height: 24px;\">\n<td style=\"width: 50%; height: 24px; text-align: center;\"><strong>Pour le d\u00e9tenteur qui c\u00e8de son contrat<\/strong><\/td>\n<td style=\"width: 50%; height: 24px; text-align: center;\"><strong>Pour le nouveau locataire<\/strong><\/td>\n<\/tr>\n<tr style=\"height: 24px;\">\n<td style=\"width: 50%; height: 24px;\">\n<ul>\n<li>Il cesse de payer les mensualit\u00e9s puisqu\u2019il n\u2019est plus tenu contractuellement.<\/li>\n<li>Il se d\u00e9sengage avec un minimum de frais.<\/li>\n<li>Il est libre de choisir un autre LOA. Il peut aussi acheter une voiture d\u2019occasion ou un mod\u00e8le neuf.<\/li>\n<\/ul>\n<\/td>\n<td style=\"width: 50%; height: 24px;\">\n<ul>\n<li>Il n\u2019a pas besoin d\u2019apport initial important.<\/li>\n<li>Il est li\u00e9 pendant moins longtemps.<\/li>\n<li>Il peut devenir propri\u00e9taire \u00e0 moindres frais puis vendre son v\u00e9hicule en LOA.<\/li>\n<li>Il dispose d\u2019une voiture thermique ou v\u00e9hicule \u00e9lectrique en bon \u00e9tat, avec des loyers et un taux souvent avantageux.<\/li>\n<\/ul>\n<\/td>\n<\/tr>\n<\/tbody>\n<\/table>\n<p>Vous \u00eates d\u00e9sormais \u00e0 la recherche d\u2019une nouvelle voiture\u2009? Vous avez envie de profiter des derni\u00e8res sorties ou pr\u00e9f\u00e9rez le <a href=\"https:\/\/www.bymycar.fr\/webzine\/quelles-sont-les-perspectives-du-marche-de-loccasion-automobile\/\">march\u00e9 d\u2019occasion<\/a>\u2009? BYmyCAR propose de nombreux mod\u00e8les avec plus de 8000\u00a0v\u00e9hicules en stock. De la <a href=\"https:\/\/www.bymycar.fr\/webzine\/volkswagen-polo\/\">Volkswagen Polo<\/a> aux nouveaux mod\u00e8les BYD, choisissez parmi notre s\u00e9lection : des <a href=\"https:\/\/www.bymycar.fr\/webzine\/quelle-est-la-voiture-electrique-la-moins-chere\/\">voitures \u00e9lectriques neuves pas ch\u00e8res<\/a>, des citadines, des berlines et bien d\u2019autres.<\/p>\n<p>Et pour mieux vous guider, notre webzine r\u00e9pond \u00e0 tout type de question, sur l\u2019<a href=\"https:\/\/www.bymycar.fr\/webzine\/tout-savoir-sur-l-achat-et-vente-d-une-voiture\/\">achat et la vente<\/a>.<\/p>\n<p>&nbsp;<\/p>\n<p style=\"text-align: center;\"><span style=\"font-weight: 400;\"><a href=\"https:\/\/www.bymycar.fr\/rachat-cash\" target=\"_blank\" class=\"css-button css-button--gold\" ><br \/>\n                Estimez la reprise de votre v\u00e9hicule &gt;<br \/>\n        <\/a><\/span><\/p>\n<p>&nbsp;<\/p>\n<p><em><strong>D\u00e9couvrez d&rsquo;autres articles :<\/strong><\/em><\/p>\n<ul>\n<li style=\"font-weight: 400;\" aria-level=\"1\"><a href=\"https:\/\/www.bymycar.fr\/webzine\/tout-ce-que-vous-devriez-savoir-pour-acheter-une-voiture\/\">Tout ce que vous devriez savoir pour acheter une voiture<\/a>\u2009;<\/li>\n<li style=\"font-weight: 400;\" aria-level=\"1\"><a href=\"https:\/\/www.bymycar.fr\/webzine\/quelles-sont-les-conditions-de-reprise-dune-voiture-pour-un-achat-neuf\/\">Quelles sont les conditions de reprise d\u2019une voiture pour un achat neuf ?<\/a><\/li>\n<li><a href=\"https:\/\/www.bymycar.fr\/webzine\/quelle-est-la-reprise-pour-lachat-dune-voiture-doccasion\/\">Quelle est la reprise pour l\u2019achat d\u2019une voiture d\u2019occasion ?<\/a><\/li>\n<li><a href=\"https:\/\/www.bymycar.fr\/webzine\/5-conseils-acheter-sereinement-voiture-doccasion\/\">5 conseils pour l\u2019achat de votre voiture d\u2019occasion<\/a><\/li>\n<li><a href=\"https:\/\/www.bymycar.fr\/webzine\/voiture-thermique-ou-electrique-que-choisir\/\">Voiture thermique ou \u00e9lectrique : que choisir ?<\/a><\/li>\n<li><a href=\"https:\/\/www.bymycar.fr\/webzine\/profitez-de-la-large-selection-de-vehicules-bymycar-pour-trouver-la-voiture-quil-vous-faut\/\">Profitez de la large s\u00e9lection de v\u00e9hicules BYmyCAR pour trouver LA voiture qu\u2019il vous faut<\/a><\/li>\n<li><a href=\"https:\/\/www.bymycar.fr\/webzine\/acheter-voiture-doccasion\/\">Comment acheter une voiture d\u2019occasion ?<\/a><\/li>\n<\/ul>\n"}}]},"add-carousel-to-footer":true},"yoast_head":"<!-- This site is optimized with the Yoast SEO Premium plugin v26.4 (Yoast SEO v26.4) - https:\/\/yoast.com\/wordpress\/plugins\/seo\/ -->\n<title>Reprise de leasing<\/title>\n<meta name=\"description\" content=\"Un contrat de LOA ou de LLD vous lie pour quelques ann\u00e9es. Le transfert et la reprise de leasing permettent de se d\u00e9sengager. Explications de BYmyCAR.\" \/>\n<meta name=\"robots\" content=\"index, follow, max-snippet:-1, max-image-preview:large, max-video-preview:-1\" \/>\n<link rel=\"canonical\" href=\"https:\/\/www.bymycar.fr\/webzine\/reprendre-une-loa-comment-ca-marche\/\" \/>\n<meta property=\"og:locale\" content=\"fr_FR\" \/>\n<meta property=\"og:type\" content=\"article\" \/>\n<meta property=\"og:title\" content=\"Transfert et reprise de leasing\u00a0: que faut-il savoir\u2009?\" \/>\n<meta property=\"og:description\" content=\"Un contrat de LOA ou de LLD vous lie pour quelques ann\u00e9es. Le transfert et la reprise de leasing permettent de se d\u00e9sengager. Explications de BYmyCAR.\" \/>\n<meta property=\"og:url\" content=\"https:\/\/www.bymycar.fr\/webzine\/reprendre-une-loa-comment-ca-marche\/\" \/>\n<meta property=\"og:site_name\" content=\"Webzine auto BYmyCAR\" \/>\n<meta property=\"article:published_time\" content=\"2021-07-05T15:57:18+00:00\" \/>\n<meta property=\"article:modified_time\" content=\"2024-01-24T15:32:54+00:00\" \/>\n<meta property=\"og:image\" content=\"https:\/\/cdn.bymycar.eu\/fr-webzine\/wp-content\/uploads\/medias\/DB2021AU00055large.jpg\" \/>\n\t<meta property=\"og:image:width\" content=\"2560\" \/>\n\t<meta property=\"og:image:height\" content=\"1707\" \/>\n\t<meta property=\"og:image:type\" content=\"image\/jpeg\" \/>\n<meta name=\"author\" content=\"Gregoire LE BIHAN\" \/>\n<meta name=\"twitter:card\" content=\"summary_large_image\" \/>\n<meta name=\"twitter:label1\" content=\"\u00c9crit par\" \/>\n\t<meta name=\"twitter:data1\" content=\"Gregoire LE BIHAN\" \/>\n<script type=\"application\/ld+json\" class=\"yoast-schema-graph\">{\"@context\":\"https:\/\/schema.org\",\"@graph\":[{\"@type\":\"Article\",\"@id\":\"https:\/\/www.bymycar.fr\/webzine\/reprendre-une-loa-comment-ca-marche\/#article\",\"isPartOf\":{\"@id\":\"https:\/\/www.bymycar.fr\/webzine\/reprendre-une-loa-comment-ca-marche\/\"},\"author\":{\"name\":\"Gregoire LE BIHAN\",\"@id\":\"https:\/\/www.bymycar.fr\/webzine\/#\/schema\/person\/8c56906440ec126868bd40232b3445f0\"},\"headline\":\"Transfert et reprise de leasing\u00a0: que faut-il savoir\u2009?\",\"datePublished\":\"2021-07-05T15:57:18+00:00\",\"dateModified\":\"2024-01-24T15:32:54+00:00\",\"mainEntityOfPage\":{\"@id\":\"https:\/\/www.bymycar.fr\/webzine\/reprendre-une-loa-comment-ca-marche\/\"},\"wordCount\":8,\"publisher\":{\"@id\":\"https:\/\/www.bymycar.fr\/webzine\/#organization\"},\"image\":{\"@id\":\"https:\/\/www.bymycar.fr\/webzine\/reprendre-une-loa-comment-ca-marche\/#primaryimage\"},\"thumbnailUrl\":\"https:\/\/cdn.bymycar.eu\/fr-webzine\/wp-content\/uploads\/medias\/DB2021AU00055large.jpg\",\"articleSection\":[\"Achat, location et vente\"],\"inLanguage\":\"fr-FR\"},{\"@type\":\"WebPage\",\"@id\":\"https:\/\/www.bymycar.fr\/webzine\/reprendre-une-loa-comment-ca-marche\/\",\"url\":\"https:\/\/www.bymycar.fr\/webzine\/reprendre-une-loa-comment-ca-marche\/\",\"name\":\"Reprise de leasing\",\"isPartOf\":{\"@id\":\"https:\/\/www.bymycar.fr\/webzine\/#website\"},\"primaryImageOfPage\":{\"@id\":\"https:\/\/www.bymycar.fr\/webzine\/reprendre-une-loa-comment-ca-marche\/#primaryimage\"},\"image\":{\"@id\":\"https:\/\/www.bymycar.fr\/webzine\/reprendre-une-loa-comment-ca-marche\/#primaryimage\"},\"thumbnailUrl\":\"https:\/\/cdn.bymycar.eu\/fr-webzine\/wp-content\/uploads\/medias\/DB2021AU00055large.jpg\",\"datePublished\":\"2021-07-05T15:57:18+00:00\",\"dateModified\":\"2024-01-24T15:32:54+00:00\",\"description\":\"Un contrat de LOA ou de LLD vous lie pour quelques ann\u00e9es. Le transfert et la reprise de leasing permettent de se d\u00e9sengager. Explications de BYmyCAR.\",\"breadcrumb\":{\"@id\":\"https:\/\/www.bymycar.fr\/webzine\/reprendre-une-loa-comment-ca-marche\/#breadcrumb\"},\"inLanguage\":\"fr-FR\",\"potentialAction\":[{\"@type\":\"ReadAction\",\"target\":[\"https:\/\/www.bymycar.fr\/webzine\/reprendre-une-loa-comment-ca-marche\/\"]}]},{\"@type\":\"ImageObject\",\"inLanguage\":\"fr-FR\",\"@id\":\"https:\/\/www.bymycar.fr\/webzine\/reprendre-une-loa-comment-ca-marche\/#primaryimage\",\"url\":\"https:\/\/cdn.bymycar.eu\/fr-webzine\/wp-content\/uploads\/medias\/DB2021AU00055large.jpg\",\"contentUrl\":\"https:\/\/cdn.bymycar.eu\/fr-webzine\/wp-content\/uploads\/medias\/DB2021AU00055large.jpg\",\"width\":2560,\"height\":1707,\"caption\":\"Volkswagen Golf bleue sur la neige\"},{\"@type\":\"BreadcrumbList\",\"@id\":\"https:\/\/www.bymycar.fr\/webzine\/reprendre-une-loa-comment-ca-marche\/#breadcrumb\",\"itemListElement\":[{\"@type\":\"ListItem\",\"position\":1,\"name\":\"Accueil\",\"item\":\"https:\/\/www.bymycar.fr\/webzine\/\"},{\"@type\":\"ListItem\",\"position\":2,\"name\":\"Transfert et reprise de leasing\u00a0: que faut-il savoir\u2009?\"}]},{\"@type\":\"WebSite\",\"@id\":\"https:\/\/www.bymycar.fr\/webzine\/#website\",\"url\":\"https:\/\/www.bymycar.fr\/webzine\/\",\"name\":\"Webzine auto BYmyCAR\",\"description\":\"La magazine auto de BYmyCAR\",\"publisher\":{\"@id\":\"https:\/\/www.bymycar.fr\/webzine\/#organization\"},\"potentialAction\":[{\"@type\":\"SearchAction\",\"target\":{\"@type\":\"EntryPoint\",\"urlTemplate\":\"https:\/\/www.bymycar.fr\/webzine\/?s={search_term_string}\"},\"query-input\":{\"@type\":\"PropertyValueSpecification\",\"valueRequired\":true,\"valueName\":\"search_term_string\"}}],\"inLanguage\":\"fr-FR\"},{\"@type\":\"Organization\",\"@id\":\"https:\/\/www.bymycar.fr\/webzine\/#organization\",\"name\":\"BYmyCAR\",\"url\":\"https:\/\/www.bymycar.fr\/webzine\/\",\"logo\":{\"@type\":\"ImageObject\",\"inLanguage\":\"fr-FR\",\"@id\":\"https:\/\/www.bymycar.fr\/webzine\/#\/schema\/logo\/image\/\",\"url\":\"https:\/\/cdn.bymycar.eu\/fr-webzine\/wp-content\/uploads\/medias\/2017\/08\/logo_DEALER_00000406_001.png\",\"contentUrl\":\"https:\/\/cdn.bymycar.eu\/fr-webzine\/wp-content\/uploads\/medias\/2017\/08\/logo_DEALER_00000406_001.png\",\"width\":2132,\"height\":720,\"caption\":\"BYmyCAR\"},\"image\":{\"@id\":\"https:\/\/www.bymycar.fr\/webzine\/#\/schema\/logo\/image\/\"}},{\"@type\":\"Person\",\"@id\":\"https:\/\/www.bymycar.fr\/webzine\/#\/schema\/person\/8c56906440ec126868bd40232b3445f0\",\"name\":\"Gregoire LE BIHAN\",\"image\":{\"@type\":\"ImageObject\",\"inLanguage\":\"fr-FR\",\"@id\":\"https:\/\/www.bymycar.fr\/webzine\/#\/schema\/person\/image\/\",\"url\":\"https:\/\/secure.gravatar.com\/avatar\/1356d71f3c6eed50de358ba425c9944b742a0d35f88e0d5f8afe88fdac525492?s=96&d=mm&r=g\",\"contentUrl\":\"https:\/\/secure.gravatar.com\/avatar\/1356d71f3c6eed50de358ba425c9944b742a0d35f88e0d5f8afe88fdac525492?s=96&d=mm&r=g\",\"caption\":\"Gregoire LE BIHAN\"}}]}<\/script>\n<!-- \/ Yoast SEO Premium plugin. -->","yoast_head_json":{"title":"Reprise de leasing","description":"Un contrat de LOA ou de LLD vous lie pour quelques ann\u00e9es. Le transfert et la reprise de leasing permettent de se d\u00e9sengager. Explications de BYmyCAR.","robots":{"index":"index","follow":"follow","max-snippet":"max-snippet:-1","max-image-preview":"max-image-preview:large","max-video-preview":"max-video-preview:-1"},"canonical":"https:\/\/www.bymycar.fr\/webzine\/reprendre-une-loa-comment-ca-marche\/","og_locale":"fr_FR","og_type":"article","og_title":"Transfert et reprise de leasing\u00a0: que faut-il savoir\u2009?","og_description":"Un contrat de LOA ou de LLD vous lie pour quelques ann\u00e9es. Le transfert et la reprise de leasing permettent de se d\u00e9sengager. Explications de BYmyCAR.","og_url":"https:\/\/www.bymycar.fr\/webzine\/reprendre-une-loa-comment-ca-marche\/","og_site_name":"Webzine auto BYmyCAR","article_published_time":"2021-07-05T15:57:18+00:00","article_modified_time":"2024-01-24T15:32:54+00:00","og_image":[{"width":2560,"height":1707,"url":"https:\/\/cdn.bymycar.eu\/fr-webzine\/wp-content\/uploads\/medias\/DB2021AU00055large.jpg","type":"image\/jpeg"}],"author":"Gregoire LE BIHAN","twitter_card":"summary_large_image","twitter_misc":{"\u00c9crit par":"Gregoire LE BIHAN"},"schema":{"@context":"https:\/\/schema.org","@graph":[{"@type":"Article","@id":"https:\/\/www.bymycar.fr\/webzine\/reprendre-une-loa-comment-ca-marche\/#article","isPartOf":{"@id":"https:\/\/www.bymycar.fr\/webzine\/reprendre-une-loa-comment-ca-marche\/"},"author":{"name":"Gregoire LE BIHAN","@id":"https:\/\/www.bymycar.fr\/webzine\/#\/schema\/person\/8c56906440ec126868bd40232b3445f0"},"headline":"Transfert et reprise de leasing\u00a0: que faut-il savoir\u2009?","datePublished":"2021-07-05T15:57:18+00:00","dateModified":"2024-01-24T15:32:54+00:00","mainEntityOfPage":{"@id":"https:\/\/www.bymycar.fr\/webzine\/reprendre-une-loa-comment-ca-marche\/"},"wordCount":8,"publisher":{"@id":"https:\/\/www.bymycar.fr\/webzine\/#organization"},"image":{"@id":"https:\/\/www.bymycar.fr\/webzine\/reprendre-une-loa-comment-ca-marche\/#primaryimage"},"thumbnailUrl":"https:\/\/cdn.bymycar.eu\/fr-webzine\/wp-content\/uploads\/medias\/DB2021AU00055large.jpg","articleSection":["Achat, location et vente"],"inLanguage":"fr-FR"},{"@type":"WebPage","@id":"https:\/\/www.bymycar.fr\/webzine\/reprendre-une-loa-comment-ca-marche\/","url":"https:\/\/www.bymycar.fr\/webzine\/reprendre-une-loa-comment-ca-marche\/","name":"Reprise de leasing","isPartOf":{"@id":"https:\/\/www.bymycar.fr\/webzine\/#website"},"primaryImageOfPage":{"@id":"https:\/\/www.bymycar.fr\/webzine\/reprendre-une-loa-comment-ca-marche\/#primaryimage"},"image":{"@id":"https:\/\/www.bymycar.fr\/webzine\/reprendre-une-loa-comment-ca-marche\/#primaryimage"},"thumbnailUrl":"https:\/\/cdn.bymycar.eu\/fr-webzine\/wp-content\/uploads\/medias\/DB2021AU00055large.jpg","datePublished":"2021-07-05T15:57:18+00:00","dateModified":"2024-01-24T15:32:54+00:00","description":"Un contrat de LOA ou de LLD vous lie pour quelques ann\u00e9es. Le transfert et la reprise de leasing permettent de se d\u00e9sengager. Explications de BYmyCAR.","breadcrumb":{"@id":"https:\/\/www.bymycar.fr\/webzine\/reprendre-une-loa-comment-ca-marche\/#breadcrumb"},"inLanguage":"fr-FR","potentialAction":[{"@type":"ReadAction","target":["https:\/\/www.bymycar.fr\/webzine\/reprendre-une-loa-comment-ca-marche\/"]}]},{"@type":"ImageObject","inLanguage":"fr-FR","@id":"https:\/\/www.bymycar.fr\/webzine\/reprendre-une-loa-comment-ca-marche\/#primaryimage","url":"https:\/\/cdn.bymycar.eu\/fr-webzine\/wp-content\/uploads\/medias\/DB2021AU00055large.jpg","contentUrl":"https:\/\/cdn.bymycar.eu\/fr-webzine\/wp-content\/uploads\/medias\/DB2021AU00055large.jpg","width":2560,"height":1707,"caption":"Volkswagen Golf bleue sur la neige"},{"@type":"BreadcrumbList","@id":"https:\/\/www.bymycar.fr\/webzine\/reprendre-une-loa-comment-ca-marche\/#breadcrumb","itemListElement":[{"@type":"ListItem","position":1,"name":"Accueil","item":"https:\/\/www.bymycar.fr\/webzine\/"},{"@type":"ListItem","position":2,"name":"Transfert et reprise de leasing\u00a0: que faut-il savoir\u2009?"}]},{"@type":"WebSite","@id":"https:\/\/www.bymycar.fr\/webzine\/#website","url":"https:\/\/www.bymycar.fr\/webzine\/","name":"Webzine auto BYmyCAR","description":"La magazine auto de BYmyCAR","publisher":{"@id":"https:\/\/www.bymycar.fr\/webzine\/#organization"},"potentialAction":[{"@type":"SearchAction","target":{"@type":"EntryPoint","urlTemplate":"https:\/\/www.bymycar.fr\/webzine\/?s={search_term_string}"},"query-input":{"@type":"PropertyValueSpecification","valueRequired":true,"valueName":"search_term_string"}}],"inLanguage":"fr-FR"},{"@type":"Organization","@id":"https:\/\/www.bymycar.fr\/webzine\/#organization","name":"BYmyCAR","url":"https:\/\/www.bymycar.fr\/webzine\/","logo":{"@type":"ImageObject","inLanguage":"fr-FR","@id":"https:\/\/www.bymycar.fr\/webzine\/#\/schema\/logo\/image\/","url":"https:\/\/cdn.bymycar.eu\/fr-webzine\/wp-content\/uploads\/medias\/2017\/08\/logo_DEALER_00000406_001.png","contentUrl":"https:\/\/cdn.bymycar.eu\/fr-webzine\/wp-content\/uploads\/medias\/2017\/08\/logo_DEALER_00000406_001.png","width":2132,"height":720,"caption":"BYmyCAR"},"image":{"@id":"https:\/\/www.bymycar.fr\/webzine\/#\/schema\/logo\/image\/"}},{"@type":"Person","@id":"https:\/\/www.bymycar.fr\/webzine\/#\/schema\/person\/8c56906440ec126868bd40232b3445f0","name":"Gregoire LE BIHAN","image":{"@type":"ImageObject","inLanguage":"fr-FR","@id":"https:\/\/www.bymycar.fr\/webzine\/#\/schema\/person\/image\/","url":"https:\/\/secure.gravatar.com\/avatar\/1356d71f3c6eed50de358ba425c9944b742a0d35f88e0d5f8afe88fdac525492?s=96&d=mm&r=g","contentUrl":"https:\/\/secure.gravatar.com\/avatar\/1356d71f3c6eed50de358ba425c9944b742a0d35f88e0d5f8afe88fdac525492?s=96&d=mm&r=g","caption":"Gregoire LE BIHAN"}}]}},"_links":{"self":[{"href":"https:\/\/www.bymycar.fr\/webzine\/wp-json\/wp\/v2\/posts\/17364","targetHints":{"allow":["GET"]}}],"collection":[{"href":"https:\/\/www.bymycar.fr\/webzine\/wp-json\/wp\/v2\/posts"}],"about":[{"href":"https:\/\/www.bymycar.fr\/webzine\/wp-json\/wp\/v2\/types\/post"}],"author":[{"embeddable":true,"href":"https:\/\/www.bymycar.fr\/webzine\/wp-json\/wp\/v2\/users\/9"}],"replies":[{"embeddable":true,"href":"https:\/\/www.bymycar.fr\/webzine\/wp-json\/wp\/v2\/comments?post=17364"}],"version-history":[{"count":12,"href":"https:\/\/www.bymycar.fr\/webzine\/wp-json\/wp\/v2\/posts\/17364\/revisions"}],"predecessor-version":[{"id":44382,"href":"https:\/\/www.bymycar.fr\/webzine\/wp-json\/wp\/v2\/posts\/17364\/revisions\/44382"}],"wp:featuredmedia":[{"embeddable":true,"href":"https:\/\/www.bymycar.fr\/webzine\/wp-json\/wp\/v2\/media\/42818"}],"wp:attachment":[{"href":"https:\/\/www.bymycar.fr\/webzine\/wp-json\/wp\/v2\/media?parent=17364"}],"wp:term":[{"taxonomy":"category","embeddable":true,"href":"https:\/\/www.bymycar.fr\/webzine\/wp-json\/wp\/v2\/categories?post=17364"},{"taxonomy":"post_tag","embeddable":true,"href":"https:\/\/www.bymycar.fr\/webzine\/wp-json\/wp\/v2\/tags?post=17364"}],"curies":[{"name":"wp","href":"https:\/\/api.w.org\/{rel}","templated":true}]}}