{"id":17261,"date":"2021-06-18T11:11:26","date_gmt":"2021-06-18T09:11:26","guid":{"rendered":"https:\/\/prod.bymycar.fr\/webzine\/?p=17261"},"modified":"2022-03-15T16:42:27","modified_gmt":"2022-03-15T15:42:27","slug":"service-informatique-it-projets-ambitions-digitales","status":"publish","type":"post","link":"https:\/\/www.bymycar.fr\/webzine\/service-informatique-it-projets-ambitions-digitales\/","title":{"rendered":"Service Informatique IT : Ambitions digitales"},"content":{"rendered":"","protected":false},"excerpt":{"rendered":"","protected":false},"author":10,"featured_media":17285,"comment_status":"closed","ping_status":"open","sticky":false,"template":"","format":"standard","meta":{"_acf_changed":false,"footnotes":""},"categories":[2852],"tags":[12810,12811],"class_list":["post-17261","post","type-post","status-publish","format-standard","has-post-thumbnail","hentry","category-actus-rh","tag-digital","tag-informatique"],"acf":{"template":"classique","introduction":"<p style=\"text-align: justify;\"><strong>Bas\u00e9 \u00e0 Challes les Eaux (73) avec des entit\u00e9s \u00e0 Lyon et \u00e0 Paris, le service IT pilote, sous la direction de Fr\u00e9d\u00e9rique Leroux, les op\u00e9rations IT de l&rsquo;ensemble du Groupe, du r\u00e9seau t\u00e9l\u00e9phonique et internet \u00e0 la cybers\u00e9curit\u00e9, en passant par les postes de travail utilisateurs et le Data Center.<\/strong><\/p>\n<p>&nbsp;<\/p>\n","strates":[{"type_strate":"image","ancre":"","contenu":"","titre":"","image":false,"image_libre":false,"image_800x500":false,"legende":"","zoom":false,"texte":"<p style=\"text-align: justify;\">Nous avons plusieurs challenges explique Jean-Philippe Perrin, Directeur des Syst\u00e8mes d\u2019Information. Assurer le fonctionnement et l\u2019expansion de nos concessions, en offrant toujours plus de capacit\u00e9s et plus de r\u00e9activit\u00e9 \u00e0 moindre co\u00fbt, et en facilitant par nos infrastructures un d\u00e9veloppement \u00e0 l\u2019international. Poursuivre l\u2019innovation pour nos clients, \u00a0BYmy)car s\u2019\u00e9tend dans le secteur de la mobilit\u00e9 et nous poursuivons nos d\u00e9veloppements innovants pour assurer au Groupe un temps d\u2019avance.<\/p>\n","articles":false,"categorie_droite":false,"images":[{"image":false,"image_1600x700":false,"image_920x500":{"ID":17277,"id":17277,"title":"20210616_142227","filename":"20210616_142227.jpg","filesize":1,"url":"https:\/\/cdn.bymycar.eu\/fr-webzine\/wp-content\/uploads\/medias\/20210616_142227.jpg","link":"https:\/\/www.bymycar.fr\/webzine\/service-informatique-it-projets-ambitions-digitales\/20210616_142227\/","alt":"","author":"10","description":"","caption":"","name":"20210616_142227","status":"inherit","uploaded_to":17261,"date":"2021-06-18 08:49:52","modified":"2021-06-18 08:49:52","menu_order":0,"mime_type":"image\/jpeg","type":"image","subtype":"jpeg","icon":"https:\/\/www.bymycar.fr\/webzine\/wp-includes\/images\/media\/default.png","width":2560,"height":1920,"sizes":{"thumbnail":"https:\/\/cdn.bymycar.eu\/fr-webzine\/wp-content\/uploads\/medias\/20210616_142227-150x150.jpg","thumbnail-width":150,"thumbnail-height":150,"medium":"https:\/\/cdn.bymycar.eu\/fr-webzine\/wp-content\/uploads\/medias\/20210616_142227-300x225.jpg","medium-width":300,"medium-height":225,"medium_large":"https:\/\/cdn.bymycar.eu\/fr-webzine\/wp-content\/uploads\/medias\/20210616_142227-768x576.jpg","medium_large-width":768,"medium_large-height":576,"large":"https:\/\/cdn.bymycar.eu\/fr-webzine\/wp-content\/uploads\/medias\/20210616_142227-1024x768.jpg","large-width":1024,"large-height":768,"1536x1536":"https:\/\/cdn.bymycar.eu\/fr-webzine\/wp-content\/uploads\/medias\/20210616_142227-1536x1152.jpg","1536x1536-width":1536,"1536x1536-height":1152,"2048x2048":"https:\/\/cdn.bymycar.eu\/fr-webzine\/wp-content\/uploads\/medias\/20210616_142227-2048x1536.jpg","2048x2048-width":2048,"2048x2048-height":1536}},"legende":""}],"elements_comparatif":false,"texte_1":"","texte_2":"","image_1":false,"image_1_563x400":false,"image_1_332x332":false,"image_2":false,"image_2_333x240":false,"image_2_563x400":false,"image_3":false,"image_3_333x240":false,"image_3_332x450":false,"image_4":false,"image_4_332x332":false,"image_4_563x400":false,"code_embed":"","legende_video":"","photo":false,"photo_100x100":false,"nom":"","fonction":"","elements_timeline":false,"entetes_colonnes":false,"entetes_lignes":false,"lignes":false,"introduction":"","formulaire":false,"question":"","reponse":"","libelle_bouton_lien":"","url_lien":"","questions":false,"conclusions":false,"pays":false,"region":false,"marque":false,"marqueConcessions":false,"modele":false,"ptvente":false,"typeV":false,"collection":false,"nombre_maximum_elements":10,"lien_fin_carousel":"","texte_lien_fin_carousel":"","trier_par":false},{"type_strate":"citation","ancre":"","contenu":"<p style=\"text-align: justify;\">En effet le service IT est au c\u0153ur des ambitions digitales du Groupe, \u00e0 travers notamment son site e-commerce, la reprise des apps de Marcel et de son logiciel de dispatch, la cr\u00e9ation de services de mobilit\u00e9.<\/p>\n<p style=\"text-align: justify;\">Pour r\u00e9pondre \u00e0 ces sujets technologiques et centr\u00e9s sur le client, le service IT s\u2019appuie sur une vingtaine de collaborateurs implant\u00e9s en Rh\u00f4ne Alpes en proximit\u00e9 des Ecoles d\u2019ing\u00e9nieurs et des P\u00f4les Technologiques de la R\u00e9gion. Diversit\u00e9s des parcours, des lieux de vie, hommes et femmes, multiculturalit\u00e9\u2026 L\u2019\u00e9quipe IT mise sur la compl\u00e9mentarit\u00e9 de ses collaborateurs pour r\u00e9pondre aux challenges de demain\u00a0!<\/p>\n","titre":"","image":false,"image_libre":false,"image_800x500":false,"legende":"","zoom":false,"texte":"<p style=\"text-align: justify;\">Nous avons plusieurs challenges explique Jean-Philippe Perrin, Directeur des Syst\u00e8mes d\u2019Information. Assurer le fonctionnement et l\u2019expansion de nos concessions, en offrant toujours plus de capacit\u00e9s et plus de r\u00e9activit\u00e9 \u00e0 moindre co\u00fbt, et en facilitant par nos infrastructures un d\u00e9veloppement \u00e0 l\u2019international. Poursuivre l\u2019innovation pour nos clients, BYmy)CAR s\u2019\u00e9tend dans le secteur de la mobilit\u00e9 et nous poursuivons nos d\u00e9veloppements innovants pour assurer au Groupe un temps d\u2019avance.<\/p>\n","articles":false,"categorie_droite":false,"images":false,"elements_comparatif":false,"texte_1":"","texte_2":"","image_1":false,"image_1_563x400":false,"image_1_332x332":false,"image_2":false,"image_2_333x240":false,"image_2_563x400":false,"image_3":false,"image_3_333x240":false,"image_3_332x450":false,"image_4":false,"image_4_332x332":false,"image_4_563x400":false,"code_embed":"","legende_video":"","photo":false,"photo_100x100":false,"nom":"","fonction":"","elements_timeline":false,"entetes_colonnes":false,"entetes_lignes":false,"lignes":false,"introduction":"","formulaire":false,"question":"","reponse":"","libelle_bouton_lien":"","url_lien":"","questions":false,"conclusions":false,"pays":false,"region":false,"marque":false,"marqueConcessions":false,"modele":false,"ptvente":false,"typeV":false,"collection":false,"nombre_maximum_elements":10,"lien_fin_carousel":"","texte_lien_fin_carousel":"","trier_par":false},{"type_strate":"image","ancre":"","contenu":"<p style=\"text-align: justify;\">En effet le service IT est au c\u0153ur des ambitions digitales du Groupe, \u00e0 travers notamment son site e-commerce, la reprise des apps de Marcel et de son logiciel de dispatch, la cr\u00e9ation de services de mobilit\u00e9.<\/p>\n<p style=\"text-align: justify;\">Pour r\u00e9pondre \u00e0 ces sujets technologiques et centr\u00e9s sur le client, le service IT s\u2019appuie sur une vingtaine de collaborateurs implant\u00e9s en Rh\u00f4ne Alpes en proximit\u00e9 des Ecoles d\u2019ing\u00e9nieurs et des P\u00f4les Technologiques de la R\u00e9gion. Diversit\u00e9s des parcours, des lieux de vie, hommes et femmes, multiculturalit\u00e9\u2026 L\u2019\u00e9quipe IT mise sur la compl\u00e9mentarit\u00e9 de ses collaborateurs pour r\u00e9pondre aux challenges de demain\u00a0!<\/p>\n","titre":"","image":false,"image_libre":false,"image_800x500":false,"legende":"","zoom":false,"texte":"","articles":false,"categorie_droite":false,"images":[{"image":false,"image_1600x700":false,"image_920x500":{"ID":17276,"id":17276,"title":"20210616_082254","filename":"20210616_082254.jpg","filesize":1,"url":"https:\/\/cdn.bymycar.eu\/fr-webzine\/wp-content\/uploads\/medias\/20210616_082254.jpg","link":"https:\/\/www.bymycar.fr\/webzine\/service-informatique-it-projets-ambitions-digitales\/20210616_082254\/","alt":"","author":"10","description":"","caption":"","name":"20210616_082254","status":"inherit","uploaded_to":17261,"date":"2021-06-18 08:49:08","modified":"2021-06-18 08:49:08","menu_order":0,"mime_type":"image\/jpeg","type":"image","subtype":"jpeg","icon":"https:\/\/www.bymycar.fr\/webzine\/wp-includes\/images\/media\/default.png","width":2560,"height":1920,"sizes":{"thumbnail":"https:\/\/cdn.bymycar.eu\/fr-webzine\/wp-content\/uploads\/medias\/20210616_082254-150x150.jpg","thumbnail-width":150,"thumbnail-height":150,"medium":"https:\/\/cdn.bymycar.eu\/fr-webzine\/wp-content\/uploads\/medias\/20210616_082254-300x225.jpg","medium-width":300,"medium-height":225,"medium_large":"https:\/\/cdn.bymycar.eu\/fr-webzine\/wp-content\/uploads\/medias\/20210616_082254-768x576.jpg","medium_large-width":768,"medium_large-height":576,"large":"https:\/\/cdn.bymycar.eu\/fr-webzine\/wp-content\/uploads\/medias\/20210616_082254-1024x768.jpg","large-width":1024,"large-height":768,"1536x1536":"https:\/\/cdn.bymycar.eu\/fr-webzine\/wp-content\/uploads\/medias\/20210616_082254-1536x1152.jpg","1536x1536-width":1536,"1536x1536-height":1152,"2048x2048":"https:\/\/cdn.bymycar.eu\/fr-webzine\/wp-content\/uploads\/medias\/20210616_082254-2048x1536.jpg","2048x2048-width":2048,"2048x2048-height":1536}},"legende":""}],"elements_comparatif":false,"texte_1":"","texte_2":"","image_1":false,"image_1_563x400":false,"image_1_332x332":false,"image_2":false,"image_2_333x240":false,"image_2_563x400":false,"image_3":false,"image_3_333x240":false,"image_3_332x450":false,"image_4":false,"image_4_332x332":false,"image_4_563x400":false,"code_embed":"","legende_video":"","photo":false,"photo_100x100":false,"nom":"","fonction":"","elements_timeline":false,"entetes_colonnes":false,"entetes_lignes":false,"lignes":false,"introduction":"","formulaire":false,"question":"","reponse":"","libelle_bouton_lien":"","url_lien":"","questions":false,"conclusions":false,"pays":false,"region":false,"marque":false,"marqueConcessions":false,"modele":false,"ptvente":false,"typeV":false,"collection":false,"nombre_maximum_elements":10,"lien_fin_carousel":"","texte_lien_fin_carousel":"","trier_par":false},{"type_strate":"texte-simple","ancre":"","contenu":"<p style=\"text-align: justify;\">En effet le service IT est au c\u0153ur des ambitions digitales du Groupe, \u00e0 travers notamment son site e-commerce ; la reprise des apps de Marcel et de son logiciel de dispatch ; ainsi que la cr\u00e9ation de services de mobilit\u00e9.<\/p>\n<p style=\"text-align: justify;\">Pour r\u00e9pondre \u00e0 ces sujets technologiques et centr\u00e9s sur le client, le service IT s\u2019appuie sur une vingtaine de collaborateurs implant\u00e9s en Rh\u00f4ne Alpes en proximit\u00e9 des Ecoles d\u2019ing\u00e9nieurs et des P\u00f4les Technologiques de la R\u00e9gion. Diversit\u00e9s des parcours, des lieux de vie, hommes et femmes, multiculturalit\u00e9\u2026 L\u2019\u00e9quipe IT mise sur la compl\u00e9mentarit\u00e9 de ses collaborateurs pour r\u00e9pondre aux challenges de demain\u00a0!<\/p>\n","titre":"paragraphe","image":false,"image_libre":false,"image_800x500":false,"legende":"","zoom":false,"texte":"","articles":false,"categorie_droite":false,"images":false,"elements_comparatif":false,"texte_1":"","texte_2":"","image_1":false,"image_1_563x400":false,"image_1_332x332":false,"image_2":false,"image_2_333x240":false,"image_2_563x400":false,"image_3":false,"image_3_333x240":false,"image_3_332x450":false,"image_4":false,"image_4_332x332":false,"image_4_563x400":false,"code_embed":"","legende_video":"","photo":false,"photo_100x100":false,"nom":"","fonction":"","elements_timeline":false,"entetes_colonnes":false,"entetes_lignes":false,"lignes":false,"introduction":"","formulaire":false,"question":"","reponse":"","libelle_bouton_lien":"","url_lien":"","questions":false,"conclusions":false,"pays":false,"region":false,"marque":false,"marqueConcessions":false,"modele":false,"ptvente":false,"typeV":false,"collection":false,"nombre_maximum_elements":10,"lien_fin_carousel":"","texte_lien_fin_carousel":"","trier_par":false},{"type_strate":"texte-simple","ancre":"","contenu":"<p style=\"text-align: center;\"><span style=\"text-decoration: underline;\"><strong><a href=\"https:\/\/www.bymycar.fr\/module\/ithis_rh\/joboffer?ref=ITINGE&amp;id_joboffer=404\">Le service informatique IT recrute !<\/a><\/strong><\/span><\/p>\n","titre":"IT recrute !","image":false,"image_libre":false,"image_800x500":false,"legende":"","zoom":false,"texte":"","articles":false,"categorie_droite":false,"images":false,"elements_comparatif":false,"texte_1":"","texte_2":"","image_1":false,"image_1_563x400":false,"image_1_332x332":false,"image_2":false,"image_2_333x240":false,"image_2_563x400":false,"image_3":false,"image_3_333x240":false,"image_3_332x450":false,"image_4":false,"image_4_332x332":false,"image_4_563x400":false,"code_embed":"","legende_video":"","photo":false,"photo_100x100":false,"nom":"","fonction":"","elements_timeline":false,"entetes_colonnes":false,"entetes_lignes":false,"lignes":false,"introduction":"","formulaire":false,"question":"","reponse":"","libelle_bouton_lien":"","url_lien":"","questions":false,"conclusions":false,"pays":false,"region":false,"marque":false,"marqueConcessions":false,"modele":false,"ptvente":false,"typeV":false,"collection":false,"nombre_maximum_elements":10,"lien_fin_carousel":"","texte_lien_fin_carousel":"","trier_par":false}],"is_old_post":false,"image":{"ID":17285,"id":17285,"title":"20210616_082254","filename":"20210616_082254.jpg","filesize":1,"url":"https:\/\/cdn.bymycar.eu\/fr-webzine\/wp-content\/uploads\/medias\/20210616_082254.jpg","link":"https:\/\/www.bymycar.fr\/webzine\/service-informatique-it-projets-ambitions-digitales\/20210616_082254-2\/","alt":"","author":"10","description":"","caption":"","name":"20210616_082254-2","status":"inherit","uploaded_to":17261,"date":"2021-06-18 09:07:47","modified":"2021-06-18 09:07:47","menu_order":0,"mime_type":"image\/jpeg","type":"image","subtype":"jpeg","icon":"https:\/\/www.bymycar.fr\/webzine\/wp-includes\/images\/media\/default.png","width":2560,"height":1920,"sizes":{"thumbnail":"https:\/\/cdn.bymycar.eu\/fr-webzine\/wp-content\/uploads\/medias\/20210616_082254-150x150.jpg","thumbnail-width":150,"thumbnail-height":150,"medium":"https:\/\/cdn.bymycar.eu\/fr-webzine\/wp-content\/uploads\/medias\/20210616_082254-300x225.jpg","medium-width":300,"medium-height":225,"medium_large":"https:\/\/cdn.bymycar.eu\/fr-webzine\/wp-content\/uploads\/medias\/20210616_082254-768x576.jpg","medium_large-width":768,"medium_large-height":576,"large":"https:\/\/cdn.bymycar.eu\/fr-webzine\/wp-content\/uploads\/medias\/20210616_082254-1024x768.jpg","large-width":1024,"large-height":768,"1536x1536":"https:\/\/cdn.bymycar.eu\/fr-webzine\/wp-content\/uploads\/medias\/20210616_082254-1536x1152.jpg","1536x1536-width":1536,"1536x1536-height":1152,"2048x2048":"https:\/\/cdn.bymycar.eu\/fr-webzine\/wp-content\/uploads\/medias\/20210616_082254-2048x1536.jpg","2048x2048-width":2048,"2048x2048-height":1536}},"page_content":{"block_content":[{"acf_fc_layout":"images-slider","--nav":{"-withNav":false,"-ancre":""},"--group":{"-listibg":[{"--image":{"ID":17277,"id":17277,"title":"20210616_142227","filename":"20210616_142227.jpg","filesize":1,"url":"https:\/\/cdn.bymycar.eu\/fr-webzine\/wp-content\/uploads\/medias\/20210616_142227.jpg","link":"https:\/\/www.bymycar.fr\/webzine\/service-informatique-it-projets-ambitions-digitales\/20210616_142227\/","alt":"","author":"10","description":"","caption":"","name":"20210616_142227","status":"inherit","uploaded_to":17261,"date":"2021-06-18 08:49:52","modified":"2021-06-18 08:49:52","menu_order":0,"mime_type":"image\/jpeg","type":"image","subtype":"jpeg","icon":"https:\/\/www.bymycar.fr\/webzine\/wp-includes\/images\/media\/default.png","width":2560,"height":1920,"sizes":{"thumbnail":"https:\/\/cdn.bymycar.eu\/fr-webzine\/wp-content\/uploads\/medias\/20210616_142227-150x150.jpg","thumbnail-width":150,"thumbnail-height":150,"medium":"https:\/\/cdn.bymycar.eu\/fr-webzine\/wp-content\/uploads\/medias\/20210616_142227-300x225.jpg","medium-width":300,"medium-height":225,"medium_large":"https:\/\/cdn.bymycar.eu\/fr-webzine\/wp-content\/uploads\/medias\/20210616_142227-768x576.jpg","medium_large-width":768,"medium_large-height":576,"large":"https:\/\/cdn.bymycar.eu\/fr-webzine\/wp-content\/uploads\/medias\/20210616_142227-1024x768.jpg","large-width":1024,"large-height":768,"1536x1536":"https:\/\/cdn.bymycar.eu\/fr-webzine\/wp-content\/uploads\/medias\/20210616_142227-1536x1152.jpg","1536x1536-width":1536,"1536x1536-height":1152,"2048x2048":"https:\/\/cdn.bymycar.eu\/fr-webzine\/wp-content\/uploads\/medias\/20210616_142227-2048x1536.jpg","2048x2048-width":2048,"2048x2048-height":1536}},"--legend":""}]}},{"acf_fc_layout":"citation","--nav":{"-withNav":false,"-ancre":""},"--group":{"-citation":"Nous avons plusieurs challenges explique Jean-Philippe Perrin, Directeur des Syst\u00e8mes d\u2019Information. Assurer le fonctionnement et l\u2019expansion de nos concessions, en offrant toujours plus de capacit\u00e9s et plus de r\u00e9activit\u00e9 \u00e0 moindre co\u00fbt, et en facilitant par nos infrastructures un d\u00e9veloppement \u00e0 l\u2019international. Poursuivre l\u2019innovation pour nos clients, BYmy)CAR s\u2019\u00e9tend dans le secteur de la mobilit\u00e9 et nous poursuivons nos d\u00e9veloppements innovants pour assurer au Groupe un temps d\u2019avance.<br \/>\n","-image":false,"-nom":"","-function":""}},{"acf_fc_layout":"images-slider","--nav":{"-withNav":false,"-ancre":""},"--group":{"-listibg":[{"--image":{"ID":17276,"id":17276,"title":"20210616_082254","filename":"20210616_082254.jpg","filesize":1,"url":"https:\/\/cdn.bymycar.eu\/fr-webzine\/wp-content\/uploads\/medias\/20210616_082254.jpg","link":"https:\/\/www.bymycar.fr\/webzine\/service-informatique-it-projets-ambitions-digitales\/20210616_082254\/","alt":"","author":"10","description":"","caption":"","name":"20210616_082254","status":"inherit","uploaded_to":17261,"date":"2021-06-18 08:49:08","modified":"2021-06-18 08:49:08","menu_order":0,"mime_type":"image\/jpeg","type":"image","subtype":"jpeg","icon":"https:\/\/www.bymycar.fr\/webzine\/wp-includes\/images\/media\/default.png","width":2560,"height":1920,"sizes":{"thumbnail":"https:\/\/cdn.bymycar.eu\/fr-webzine\/wp-content\/uploads\/medias\/20210616_082254-150x150.jpg","thumbnail-width":150,"thumbnail-height":150,"medium":"https:\/\/cdn.bymycar.eu\/fr-webzine\/wp-content\/uploads\/medias\/20210616_082254-300x225.jpg","medium-width":300,"medium-height":225,"medium_large":"https:\/\/cdn.bymycar.eu\/fr-webzine\/wp-content\/uploads\/medias\/20210616_082254-768x576.jpg","medium_large-width":768,"medium_large-height":576,"large":"https:\/\/cdn.bymycar.eu\/fr-webzine\/wp-content\/uploads\/medias\/20210616_082254-1024x768.jpg","large-width":1024,"large-height":768,"1536x1536":"https:\/\/cdn.bymycar.eu\/fr-webzine\/wp-content\/uploads\/medias\/20210616_082254-1536x1152.jpg","1536x1536-width":1536,"1536x1536-height":1152,"2048x2048":"https:\/\/cdn.bymycar.eu\/fr-webzine\/wp-content\/uploads\/medias\/20210616_082254-2048x1536.jpg","2048x2048-width":2048,"2048x2048-height":1536}},"--legend":""}]}},{"acf_fc_layout":"text-simple","--nav":{"-withNav":false,"-ancre":""},"--group":{"-text":"<p style=\"text-align: justify;\">En effet le service IT est au c\u0153ur des ambitions digitales du Groupe, \u00e0 travers notamment son site e-commerce ; la reprise des apps de Marcel et de son logiciel de dispatch ; ainsi que la cr\u00e9ation de services de mobilit\u00e9.<\/p>\n<p style=\"text-align: justify;\">Pour r\u00e9pondre \u00e0 ces sujets technologiques et centr\u00e9s sur le client, le service IT s\u2019appuie sur une vingtaine de collaborateurs implant\u00e9s en Rh\u00f4ne Alpes en proximit\u00e9 des Ecoles d\u2019ing\u00e9nieurs et des P\u00f4les Technologiques de la R\u00e9gion. Diversit\u00e9s des parcours, des lieux de vie, hommes et femmes, multiculturalit\u00e9\u2026 L\u2019\u00e9quipe IT mise sur la compl\u00e9mentarit\u00e9 de ses collaborateurs pour r\u00e9pondre aux challenges de demain\u00a0!<\/p>\n"}},{"acf_fc_layout":"text-simple","--nav":{"-withNav":false,"-ancre":""},"--group":{"-text":"<p style=\"text-align: center;\"><span style=\"text-decoration: underline;\"><strong><a href=\"https:\/\/www.bymycar.fr\/module\/ithis_rh\/joboffer?ref=ITINGE&amp;id_joboffer=404\">Le service informatique IT recrute !<\/a><\/strong><\/span><\/p>\n"}}]},"add-carousel-to-footer":true},"yoast_head":"<!-- This site is optimized with the Yoast SEO Premium plugin v26.4 (Yoast SEO v26.4) - https:\/\/yoast.com\/wordpress\/plugins\/seo\/ -->\n<title>Service Informatique IT : Ambitions digitales<\/title>\n<meta name=\"robots\" content=\"index, follow, max-snippet:-1, max-image-preview:large, max-video-preview:-1\" \/>\n<link rel=\"canonical\" href=\"https:\/\/www.bymycar.fr\/webzine\/service-informatique-it-projets-ambitions-digitales\/\" \/>\n<meta property=\"og:locale\" content=\"fr_FR\" \/>\n<meta property=\"og:type\" content=\"article\" \/>\n<meta property=\"og:title\" content=\"Service Informatique IT : Ambitions digitales\" \/>\n<meta property=\"og:url\" content=\"https:\/\/www.bymycar.fr\/webzine\/service-informatique-it-projets-ambitions-digitales\/\" \/>\n<meta property=\"og:site_name\" content=\"Webzine auto BYmyCAR\" \/>\n<meta property=\"article:published_time\" content=\"2021-06-18T09:11:26+00:00\" \/>\n<meta property=\"article:modified_time\" content=\"2022-03-15T15:42:27+00:00\" \/>\n<meta property=\"og:image\" content=\"https:\/\/cdn.bymycar.eu\/fr-webzine\/wp-content\/uploads\/medias\/20210616_082254.jpg\" \/>\n\t<meta property=\"og:image:width\" content=\"2560\" \/>\n\t<meta property=\"og:image:height\" content=\"1920\" \/>\n\t<meta property=\"og:image:type\" content=\"image\/jpeg\" \/>\n<meta name=\"author\" content=\"Claire Cochet\" \/>\n<meta name=\"twitter:card\" content=\"summary_large_image\" \/>\n<meta name=\"twitter:label1\" content=\"\u00c9crit par\" \/>\n\t<meta name=\"twitter:data1\" content=\"Claire Cochet\" \/>\n<script type=\"application\/ld+json\" class=\"yoast-schema-graph\">{\"@context\":\"https:\/\/schema.org\",\"@graph\":[{\"@type\":\"Article\",\"@id\":\"https:\/\/www.bymycar.fr\/webzine\/service-informatique-it-projets-ambitions-digitales\/#article\",\"isPartOf\":{\"@id\":\"https:\/\/www.bymycar.fr\/webzine\/service-informatique-it-projets-ambitions-digitales\/\"},\"author\":{\"name\":\"Claire Cochet\",\"@id\":\"https:\/\/www.bymycar.fr\/webzine\/#\/schema\/person\/5274ad00489219f4c5a692c833c37936\"},\"headline\":\"Service Informatique IT : Ambitions digitales\",\"datePublished\":\"2021-06-18T09:11:26+00:00\",\"dateModified\":\"2022-03-15T15:42:27+00:00\",\"mainEntityOfPage\":{\"@id\":\"https:\/\/www.bymycar.fr\/webzine\/service-informatique-it-projets-ambitions-digitales\/\"},\"wordCount\":5,\"publisher\":{\"@id\":\"https:\/\/www.bymycar.fr\/webzine\/#organization\"},\"image\":{\"@id\":\"https:\/\/www.bymycar.fr\/webzine\/service-informatique-it-projets-ambitions-digitales\/#primaryimage\"},\"thumbnailUrl\":\"https:\/\/cdn.bymycar.eu\/fr-webzine\/wp-content\/uploads\/medias\/20210616_082254.jpg\",\"keywords\":[\"digital\",\"informatique\"],\"articleSection\":[\"Actus RH BYmyCAR\"],\"inLanguage\":\"fr-FR\"},{\"@type\":\"WebPage\",\"@id\":\"https:\/\/www.bymycar.fr\/webzine\/service-informatique-it-projets-ambitions-digitales\/\",\"url\":\"https:\/\/www.bymycar.fr\/webzine\/service-informatique-it-projets-ambitions-digitales\/\",\"name\":\"Service Informatique IT : Ambitions digitales\",\"isPartOf\":{\"@id\":\"https:\/\/www.bymycar.fr\/webzine\/#website\"},\"primaryImageOfPage\":{\"@id\":\"https:\/\/www.bymycar.fr\/webzine\/service-informatique-it-projets-ambitions-digitales\/#primaryimage\"},\"image\":{\"@id\":\"https:\/\/www.bymycar.fr\/webzine\/service-informatique-it-projets-ambitions-digitales\/#primaryimage\"},\"thumbnailUrl\":\"https:\/\/cdn.bymycar.eu\/fr-webzine\/wp-content\/uploads\/medias\/20210616_082254.jpg\",\"datePublished\":\"2021-06-18T09:11:26+00:00\",\"dateModified\":\"2022-03-15T15:42:27+00:00\",\"breadcrumb\":{\"@id\":\"https:\/\/www.bymycar.fr\/webzine\/service-informatique-it-projets-ambitions-digitales\/#breadcrumb\"},\"inLanguage\":\"fr-FR\",\"potentialAction\":[{\"@type\":\"ReadAction\",\"target\":[\"https:\/\/www.bymycar.fr\/webzine\/service-informatique-it-projets-ambitions-digitales\/\"]}]},{\"@type\":\"ImageObject\",\"inLanguage\":\"fr-FR\",\"@id\":\"https:\/\/www.bymycar.fr\/webzine\/service-informatique-it-projets-ambitions-digitales\/#primaryimage\",\"url\":\"https:\/\/cdn.bymycar.eu\/fr-webzine\/wp-content\/uploads\/medias\/20210616_082254.jpg\",\"contentUrl\":\"https:\/\/cdn.bymycar.eu\/fr-webzine\/wp-content\/uploads\/medias\/20210616_082254.jpg\",\"width\":2560,\"height\":1920},{\"@type\":\"BreadcrumbList\",\"@id\":\"https:\/\/www.bymycar.fr\/webzine\/service-informatique-it-projets-ambitions-digitales\/#breadcrumb\",\"itemListElement\":[{\"@type\":\"ListItem\",\"position\":1,\"name\":\"Accueil\",\"item\":\"https:\/\/www.bymycar.fr\/webzine\/\"},{\"@type\":\"ListItem\",\"position\":2,\"name\":\"Service Informatique IT : Ambitions digitales\"}]},{\"@type\":\"WebSite\",\"@id\":\"https:\/\/www.bymycar.fr\/webzine\/#website\",\"url\":\"https:\/\/www.bymycar.fr\/webzine\/\",\"name\":\"Webzine auto BYmyCAR\",\"description\":\"La magazine auto de BYmyCAR\",\"publisher\":{\"@id\":\"https:\/\/www.bymycar.fr\/webzine\/#organization\"},\"potentialAction\":[{\"@type\":\"SearchAction\",\"target\":{\"@type\":\"EntryPoint\",\"urlTemplate\":\"https:\/\/www.bymycar.fr\/webzine\/?s={search_term_string}\"},\"query-input\":{\"@type\":\"PropertyValueSpecification\",\"valueRequired\":true,\"valueName\":\"search_term_string\"}}],\"inLanguage\":\"fr-FR\"},{\"@type\":\"Organization\",\"@id\":\"https:\/\/www.bymycar.fr\/webzine\/#organization\",\"name\":\"BYmyCAR\",\"url\":\"https:\/\/www.bymycar.fr\/webzine\/\",\"logo\":{\"@type\":\"ImageObject\",\"inLanguage\":\"fr-FR\",\"@id\":\"https:\/\/www.bymycar.fr\/webzine\/#\/schema\/logo\/image\/\",\"url\":\"https:\/\/cdn.bymycar.eu\/fr-webzine\/wp-content\/uploads\/medias\/2017\/08\/logo_DEALER_00000406_001.png\",\"contentUrl\":\"https:\/\/cdn.bymycar.eu\/fr-webzine\/wp-content\/uploads\/medias\/2017\/08\/logo_DEALER_00000406_001.png\",\"width\":2132,\"height\":720,\"caption\":\"BYmyCAR\"},\"image\":{\"@id\":\"https:\/\/www.bymycar.fr\/webzine\/#\/schema\/logo\/image\/\"}},{\"@type\":\"Person\",\"@id\":\"https:\/\/www.bymycar.fr\/webzine\/#\/schema\/person\/5274ad00489219f4c5a692c833c37936\",\"name\":\"Claire Cochet\",\"image\":{\"@type\":\"ImageObject\",\"inLanguage\":\"fr-FR\",\"@id\":\"https:\/\/www.bymycar.fr\/webzine\/#\/schema\/person\/image\/\",\"url\":\"https:\/\/secure.gravatar.com\/avatar\/d08d570ca82c109a3edf6608751c07285ef441eb4b59327093a06ecf2cd554dd?s=96&d=mm&r=g\",\"contentUrl\":\"https:\/\/secure.gravatar.com\/avatar\/d08d570ca82c109a3edf6608751c07285ef441eb4b59327093a06ecf2cd554dd?s=96&d=mm&r=g\",\"caption\":\"Claire Cochet\"}}]}<\/script>\n<!-- \/ Yoast SEO Premium plugin. -->","yoast_head_json":{"title":"Service Informatique IT : Ambitions digitales","robots":{"index":"index","follow":"follow","max-snippet":"max-snippet:-1","max-image-preview":"max-image-preview:large","max-video-preview":"max-video-preview:-1"},"canonical":"https:\/\/www.bymycar.fr\/webzine\/service-informatique-it-projets-ambitions-digitales\/","og_locale":"fr_FR","og_type":"article","og_title":"Service Informatique IT : Ambitions digitales","og_url":"https:\/\/www.bymycar.fr\/webzine\/service-informatique-it-projets-ambitions-digitales\/","og_site_name":"Webzine auto BYmyCAR","article_published_time":"2021-06-18T09:11:26+00:00","article_modified_time":"2022-03-15T15:42:27+00:00","og_image":[{"width":2560,"height":1920,"url":"https:\/\/cdn.bymycar.eu\/fr-webzine\/wp-content\/uploads\/medias\/20210616_082254.jpg","type":"image\/jpeg"}],"author":"Claire Cochet","twitter_card":"summary_large_image","twitter_misc":{"\u00c9crit par":"Claire Cochet"},"schema":{"@context":"https:\/\/schema.org","@graph":[{"@type":"Article","@id":"https:\/\/www.bymycar.fr\/webzine\/service-informatique-it-projets-ambitions-digitales\/#article","isPartOf":{"@id":"https:\/\/www.bymycar.fr\/webzine\/service-informatique-it-projets-ambitions-digitales\/"},"author":{"name":"Claire Cochet","@id":"https:\/\/www.bymycar.fr\/webzine\/#\/schema\/person\/5274ad00489219f4c5a692c833c37936"},"headline":"Service Informatique IT : Ambitions digitales","datePublished":"2021-06-18T09:11:26+00:00","dateModified":"2022-03-15T15:42:27+00:00","mainEntityOfPage":{"@id":"https:\/\/www.bymycar.fr\/webzine\/service-informatique-it-projets-ambitions-digitales\/"},"wordCount":5,"publisher":{"@id":"https:\/\/www.bymycar.fr\/webzine\/#organization"},"image":{"@id":"https:\/\/www.bymycar.fr\/webzine\/service-informatique-it-projets-ambitions-digitales\/#primaryimage"},"thumbnailUrl":"https:\/\/cdn.bymycar.eu\/fr-webzine\/wp-content\/uploads\/medias\/20210616_082254.jpg","keywords":["digital","informatique"],"articleSection":["Actus RH BYmyCAR"],"inLanguage":"fr-FR"},{"@type":"WebPage","@id":"https:\/\/www.bymycar.fr\/webzine\/service-informatique-it-projets-ambitions-digitales\/","url":"https:\/\/www.bymycar.fr\/webzine\/service-informatique-it-projets-ambitions-digitales\/","name":"Service Informatique IT : Ambitions digitales","isPartOf":{"@id":"https:\/\/www.bymycar.fr\/webzine\/#website"},"primaryImageOfPage":{"@id":"https:\/\/www.bymycar.fr\/webzine\/service-informatique-it-projets-ambitions-digitales\/#primaryimage"},"image":{"@id":"https:\/\/www.bymycar.fr\/webzine\/service-informatique-it-projets-ambitions-digitales\/#primaryimage"},"thumbnailUrl":"https:\/\/cdn.bymycar.eu\/fr-webzine\/wp-content\/uploads\/medias\/20210616_082254.jpg","datePublished":"2021-06-18T09:11:26+00:00","dateModified":"2022-03-15T15:42:27+00:00","breadcrumb":{"@id":"https:\/\/www.bymycar.fr\/webzine\/service-informatique-it-projets-ambitions-digitales\/#breadcrumb"},"inLanguage":"fr-FR","potentialAction":[{"@type":"ReadAction","target":["https:\/\/www.bymycar.fr\/webzine\/service-informatique-it-projets-ambitions-digitales\/"]}]},{"@type":"ImageObject","inLanguage":"fr-FR","@id":"https:\/\/www.bymycar.fr\/webzine\/service-informatique-it-projets-ambitions-digitales\/#primaryimage","url":"https:\/\/cdn.bymycar.eu\/fr-webzine\/wp-content\/uploads\/medias\/20210616_082254.jpg","contentUrl":"https:\/\/cdn.bymycar.eu\/fr-webzine\/wp-content\/uploads\/medias\/20210616_082254.jpg","width":2560,"height":1920},{"@type":"BreadcrumbList","@id":"https:\/\/www.bymycar.fr\/webzine\/service-informatique-it-projets-ambitions-digitales\/#breadcrumb","itemListElement":[{"@type":"ListItem","position":1,"name":"Accueil","item":"https:\/\/www.bymycar.fr\/webzine\/"},{"@type":"ListItem","position":2,"name":"Service Informatique IT : Ambitions digitales"}]},{"@type":"WebSite","@id":"https:\/\/www.bymycar.fr\/webzine\/#website","url":"https:\/\/www.bymycar.fr\/webzine\/","name":"Webzine auto BYmyCAR","description":"La magazine auto de BYmyCAR","publisher":{"@id":"https:\/\/www.bymycar.fr\/webzine\/#organization"},"potentialAction":[{"@type":"SearchAction","target":{"@type":"EntryPoint","urlTemplate":"https:\/\/www.bymycar.fr\/webzine\/?s={search_term_string}"},"query-input":{"@type":"PropertyValueSpecification","valueRequired":true,"valueName":"search_term_string"}}],"inLanguage":"fr-FR"},{"@type":"Organization","@id":"https:\/\/www.bymycar.fr\/webzine\/#organization","name":"BYmyCAR","url":"https:\/\/www.bymycar.fr\/webzine\/","logo":{"@type":"ImageObject","inLanguage":"fr-FR","@id":"https:\/\/www.bymycar.fr\/webzine\/#\/schema\/logo\/image\/","url":"https:\/\/cdn.bymycar.eu\/fr-webzine\/wp-content\/uploads\/medias\/2017\/08\/logo_DEALER_00000406_001.png","contentUrl":"https:\/\/cdn.bymycar.eu\/fr-webzine\/wp-content\/uploads\/medias\/2017\/08\/logo_DEALER_00000406_001.png","width":2132,"height":720,"caption":"BYmyCAR"},"image":{"@id":"https:\/\/www.bymycar.fr\/webzine\/#\/schema\/logo\/image\/"}},{"@type":"Person","@id":"https:\/\/www.bymycar.fr\/webzine\/#\/schema\/person\/5274ad00489219f4c5a692c833c37936","name":"Claire Cochet","image":{"@type":"ImageObject","inLanguage":"fr-FR","@id":"https:\/\/www.bymycar.fr\/webzine\/#\/schema\/person\/image\/","url":"https:\/\/secure.gravatar.com\/avatar\/d08d570ca82c109a3edf6608751c07285ef441eb4b59327093a06ecf2cd554dd?s=96&d=mm&r=g","contentUrl":"https:\/\/secure.gravatar.com\/avatar\/d08d570ca82c109a3edf6608751c07285ef441eb4b59327093a06ecf2cd554dd?s=96&d=mm&r=g","caption":"Claire Cochet"}}]}},"_links":{"self":[{"href":"https:\/\/www.bymycar.fr\/webzine\/wp-json\/wp\/v2\/posts\/17261","targetHints":{"allow":["GET"]}}],"collection":[{"href":"https:\/\/www.bymycar.fr\/webzine\/wp-json\/wp\/v2\/posts"}],"about":[{"href":"https:\/\/www.bymycar.fr\/webzine\/wp-json\/wp\/v2\/types\/post"}],"author":[{"embeddable":true,"href":"https:\/\/www.bymycar.fr\/webzine\/wp-json\/wp\/v2\/users\/10"}],"replies":[{"embeddable":true,"href":"https:\/\/www.bymycar.fr\/webzine\/wp-json\/wp\/v2\/comments?post=17261"}],"version-history":[{"count":23,"href":"https:\/\/www.bymycar.fr\/webzine\/wp-json\/wp\/v2\/posts\/17261\/revisions"}],"predecessor-version":[{"id":26089,"href":"https:\/\/www.bymycar.fr\/webzine\/wp-json\/wp\/v2\/posts\/17261\/revisions\/26089"}],"wp:featuredmedia":[{"embeddable":true,"href":"https:\/\/www.bymycar.fr\/webzine\/wp-json\/wp\/v2\/media\/17285"}],"wp:attachment":[{"href":"https:\/\/www.bymycar.fr\/webzine\/wp-json\/wp\/v2\/media?parent=17261"}],"wp:term":[{"taxonomy":"category","embeddable":true,"href":"https:\/\/www.bymycar.fr\/webzine\/wp-json\/wp\/v2\/categories?post=17261"},{"taxonomy":"post_tag","embeddable":true,"href":"https:\/\/www.bymycar.fr\/webzine\/wp-json\/wp\/v2\/tags?post=17261"}],"curies":[{"name":"wp","href":"https:\/\/api.w.org\/{rel}","templated":true}]}}