{"id":17060,"date":"2021-06-03T11:09:09","date_gmt":"2021-06-03T09:09:09","guid":{"rendered":"https:\/\/prod.bymycar.fr\/webzine\/?p=17060"},"modified":"2021-06-03T11:09:10","modified_gmt":"2021-06-03T09:09:10","slug":"la-nouvelle-seat-arona-un-suv-a-la-pointe-de-la-modernite","status":"publish","type":"post","link":"https:\/\/www.bymycar.fr\/webzine\/la-nouvelle-seat-arona-un-suv-a-la-pointe-de-la-modernite\/","title":{"rendered":"La Nouvelle SEAT Arona, un SUV \u00e0 la pointe de la modernit\u00e9"},"content":{"rendered":"","protected":false},"excerpt":{"rendered":"","protected":false},"author":9,"featured_media":17063,"comment_status":"closed","ping_status":"open","sticky":false,"template":"","format":"standard","meta":{"_acf_changed":false,"footnotes":""},"categories":[4074],"tags":[],"class_list":["post-17060","post","type-post","status-publish","format-standard","has-post-thumbnail","hentry","category-seat-actualites"],"acf":{"template":"classique","introduction":"<p style=\"text-align: justify;\">La nouvelle SEAT Arona est pr\u00eate \u00e0 vous emmener sur toutes les routes gr\u00e2ce \u00e0 un confort ind\u00e9niable.<\/p>\n<p style=\"text-align: justify;\">Le design ext\u00e9rieur de la <a href=\"https:\/\/www.bymycar.fr\/marques\/seat\/arona\">SEAT Arona<\/a>, le restylage pour d\u00e9finir ce nouveau mod\u00e8le, suivi d&rsquo;un int\u00e9rieur innovant.<\/p>\n<p style=\"text-align: justify;\">Son design lui permet robustesse et s\u00e9curit\u00e9, sa nouvelle finition XPERIENCE lui donne un caract\u00e8re aventurier. La nouvelle SEAT Arona int\u00e8gre la technologie 100% LED de s\u00e9rie qui assure une meilleure visibilit\u00e9 avec une consommation d&rsquo;\u00e9nergie r\u00e9duite.<\/p>\n","strates":[{"type_strate":"texte-simple","ancre":"","contenu":"<p><img loading=\"lazy\" decoding=\"async\" class=\"aligncenter size-full wp-image-17061\" src=\"https:\/\/obs-webzine-prod.oss.eu-west-0.prod-cloud-ocb.orange-business.com\/medias\/SEAT-Arona-Xperience_02_800-compressor.jpg\" alt=\"Avant Nouvelle Seat Arona\" width=\"800\" height=\"630\" srcset=\"https:\/\/cdn.bymycar.eu\/fr-webzine\/wp-content\/uploads\/medias\/SEAT-Arona-Xperience_02_800-compressor.jpg 800w, https:\/\/cdn.bymycar.eu\/fr-webzine\/wp-content\/uploads\/medias\/SEAT-Arona-Xperience_02_800-compressor.jpg 300w, https:\/\/cdn.bymycar.eu\/fr-webzine\/wp-content\/uploads\/medias\/SEAT-Arona-Xperience_02_800-compressor.jpg 768w, https:\/\/cdn.bymycar.eu\/fr-webzine\/wp-content\/uploads\/medias\/SEAT-Arona-Xperience_02_800-compressor.jpg 229w\" sizes=\"(max-width: 800px) 100vw, 800px\" \/><\/p>\n<p style=\"text-align: justify;\">Son look ext\u00e9rieur est renforc\u00e9, un nouveau pare-chocs int\u00e9grant des nouveaux feux antibrouillards accentue son c\u00f4t\u00e9 aventurier. Son allure est dynamique jusque dans les moindres d\u00e9tails, sa face avant est plus affirm\u00e9e et elle a un diffuseur arri\u00e8re redessin\u00e9. Le restylage est accentu\u00e9 par la calandre et le large choix de nouvelles jantes en alliage. Accompagn\u00e9e du nouveau logo SEAT avec une finition chrom\u00e9e en deux tons et le nom du mod\u00e8le \u00e9crit en police manuscrite en relief \u00e0 l\u2019arri\u00e8re, son nouveau look est renforc\u00e9.<\/p>\n<p style=\"text-align: justify;\">Le soin du d\u00e9tail et la pointe de la technologie.<\/p>\n<p><img loading=\"lazy\" decoding=\"async\" class=\"aligncenter size-full wp-image-17064\" src=\"https:\/\/obs-webzine-prod.oss.eu-west-0.prod-cloud-ocb.orange-business.com\/medias\/SEAT-Arona-Xperience_14_800-compressor.jpg\" alt=\"Tableau de bord Seat Arona\" width=\"800\" height=\"491\" srcset=\"https:\/\/cdn.bymycar.eu\/fr-webzine\/wp-content\/uploads\/medias\/SEAT-Arona-Xperience_14_800-compressor.jpg 800w, https:\/\/cdn.bymycar.eu\/fr-webzine\/wp-content\/uploads\/medias\/SEAT-Arona-Xperience_14_800-compressor.jpg 300w, https:\/\/cdn.bymycar.eu\/fr-webzine\/wp-content\/uploads\/medias\/SEAT-Arona-Xperience_14_800-compressor.jpg 768w, https:\/\/cdn.bymycar.eu\/fr-webzine\/wp-content\/uploads\/medias\/SEAT-Arona-Xperience_14_800-compressor.jpg 293w\" sizes=\"(max-width: 800px) 100vw, 800px\" \/><\/p>\n<p style=\"text-align: justify;\">A l\u2019int\u00e9rieur, une v\u00e9ritable r\u00e9volution pour la nouvelle SEAT Arona accentu\u00e9e par le tout nouveau tableau de bord en plastique mouss\u00e9, plus l\u2019\u00e9cran est grand, mieux c\u2019est ! ce nouvel \u00e9cran de 9,2 pouces offre une meilleure visibilit\u00e9 et am\u00e9liore l\u2019esth\u00e9tique du tableau de bord. Sa grande personnalit\u00e9 est renforc\u00e9e par l\u2019utilisation des derni\u00e8res technologies d\u2019\u00e9clairage pour illuminer les nouvelles buses d\u2019a\u00e9ration.<\/p>\n<p style=\"text-align: justify;\">La Nouvelle SEAT Arona est au c\u0153ur de la technologie, enti\u00e8rement connect\u00e9e gr\u00e2ce \u00e0 des technologies embarqu\u00e9es et l\u2019acc\u00e8s \u00e0 distance, elle est \u00e9quip\u00e9e du syst\u00e8me Full Link sans fil. Les conducteurs peuvent profiter des nouveaux syst\u00e8mes d\u2019infodiverstissement de 8,25 et 9,2 pouces et utiliser l\u2019assistance vocale pour ne pas retirer les yeux de la route, en \u00e9non\u00e7ant les mots \u00ab\u00a0Hol\u00e0 Hol\u00e0\u00a0\u00bb.<\/p>\n<p style=\"text-align: justify;\">Ayez confiance en votre SEAT Arona, en int\u00e9grant les nouveaux syst\u00e8mes d\u2019aide \u00e0 la conduite comme le Travel Assist, elle autorise une conduite semi-automatique associ\u00e9 \u00e0 l\u2019ACC (r\u00e9gulateur de vitesse adaptatif) et au Lane Assit. Votre SEAT Arona vous offre une conduite en toute s\u00e9curit\u00e9 gr\u00e2ce aux d\u00e9tecteurs d\u2019angles morts\u00a0: le Side Assist. Cet \u0153il suppl\u00e9mentaire vous permet de pr\u00e9venir les voitures qui arrivent derri\u00e8re vous. \u00a0Vous retrouverez \u00e9galement l\u2019assistant de sortie de stationnement Arri\u00e8re, la reconnaissance des panneaux de signalisation gr\u00e2ce \u00e0 la cam\u00e9ra frontale int\u00e9gr\u00e9e et les feux de routes intelligents.<\/p>\n","titre":"texte","image":false,"image_libre":false,"image_800x500":false,"legende":"","zoom":false,"texte":"","articles":false,"categorie_droite":false,"images":false,"elements_comparatif":false,"texte_1":"","texte_2":"","image_1":false,"image_1_563x400":false,"image_1_332x332":false,"image_2":false,"image_2_333x240":false,"image_2_563x400":false,"image_3":false,"image_3_333x240":false,"image_3_332x450":false,"image_4":false,"image_4_332x332":false,"image_4_563x400":false,"code_embed":"","legende_video":"","photo":false,"photo_100x100":false,"nom":"","fonction":"","elements_timeline":false,"entetes_colonnes":false,"entetes_lignes":false,"lignes":false,"introduction":"","formulaire":false,"question":"","reponse":"","libelle_bouton_lien":"","url_lien":"","questions":false,"conclusions":false,"pays":false,"region":false,"marque":false,"marqueConcessions":false,"modele":false,"ptvente":false,"typeV":false,"collection":false,"nombre_maximum_elements":10,"lien_fin_carousel":"","texte_lien_fin_carousel":"","trier_par":false},{"type_strate":"texte-simple","ancre":"Contactez-Nous","contenu":"<p style=\"text-align: justify;\">La nouvelle SEAT Arona est disponible avec cinq motorisations diff\u00e9rentes de 90 \u00e0 150ch, aussi bien essence (TSI) que GNV (TGI) et sera bient\u00f4t disponible \u00e0 la commande. Remplissez le formulaire ci-dessous pour avoir plus d&rsquo;information aupr\u00e8s d&rsquo;un de nos conseillers.<\/p>\n<p style=\"text-align: justify;\">\n<div class=\"wpcf7 no-js\" id=\"wpcf7-f17065-o1\" lang=\"fr-FR\" dir=\"ltr\" data-wpcf7-id=\"17065\">\n<div class=\"screen-reader-response\"><p role=\"status\" aria-live=\"polite\" aria-atomic=\"true\"><\/p> <ul><\/ul><\/div>\n<form action=\"\/webzine\/wp-json\/wp\/v2\/posts\/17060#wpcf7-f17065-o1\" method=\"post\" class=\"wpcf7-form init\" aria-label=\"Formulaire de contact\" novalidate=\"novalidate\" data-status=\"init\">\n<fieldset class=\"hidden-fields-container\"><input type=\"hidden\" name=\"_wpcf7\" value=\"17065\" \/><input type=\"hidden\" name=\"_wpcf7_version\" value=\"6.1.3\" \/><input type=\"hidden\" name=\"_wpcf7_locale\" value=\"fr_FR\" \/><input type=\"hidden\" name=\"_wpcf7_unit_tag\" value=\"wpcf7-f17065-o1\" \/><input type=\"hidden\" name=\"_wpcf7_container_post\" value=\"0\" \/><input type=\"hidden\" name=\"_wpcf7_posted_data_hash\" value=\"\" \/><input type=\"hidden\" name=\"_wpcf7_recaptcha_response\" value=\"\" \/>\n<\/fieldset>\n<div class=\"flex flex-row flex-wrap -mx-4\"><div class=\"w-1\/2 flex flex-col gap-4 align-top px-4\">\n\n<label> Nom* <\/label>\n<span class=\"wpcf7-form-control-wrap\" data-name=\"Nom\"><input size=\"40\" maxlength=\"400\" class=\"wpcf7-form-control wpcf7-text wpcf7-validates-as-required\" aria-required=\"true\" aria-invalid=\"false\" value=\"\" type=\"text\" name=\"Nom\" \/><\/span>\n\n<label> Pr\u00e9nom* <\/label>\n<span class=\"wpcf7-form-control-wrap\" data-name=\"prenom\"><input size=\"40\" maxlength=\"400\" class=\"wpcf7-form-control wpcf7-text wpcf7-validates-as-required\" aria-required=\"true\" aria-invalid=\"false\" value=\"\" type=\"text\" name=\"prenom\" \/><\/span>\n\n<label> Email* <\/label>\n<span class=\"wpcf7-form-control-wrap\" data-name=\"email\"><input size=\"40\" maxlength=\"400\" class=\"wpcf7-form-control wpcf7-email wpcf7-validates-as-required wpcf7-text wpcf7-validates-as-email\" aria-required=\"true\" aria-invalid=\"false\" value=\"\" type=\"email\" name=\"email\" \/><\/span>\n\n<\/div>\n\n<div class=\"w-1\/2 flex flex-col gap-4 align-top px-4\">\n\n<label> T\u00e9l\u00e9phone* <\/label>\n<span class=\"wpcf7-form-control-wrap\" data-name=\"telephone\"><input size=\"40\" maxlength=\"400\" class=\"wpcf7-form-control wpcf7-tel wpcf7-validates-as-required wpcf7-text wpcf7-validates-as-tel\" aria-required=\"true\" aria-invalid=\"false\" value=\"\" type=\"tel\" name=\"telephone\" \/><\/span>\n\n<label> Choix de la concession* <\/label>\n<span class=\"wpcf7-form-control-wrap\" data-name=\"concession\"><select class=\"wpcf7-form-control wpcf7-select wpcf7-validates-as-required\" aria-required=\"true\" aria-invalid=\"false\" name=\"concession\"><option value=\"SEAT BYmyCAR Lyon Sud\">SEAT BYmyCAR Lyon Sud<\/option><option value=\"SEAT BYmyCAR Lyon Vaise\">SEAT BYmyCAR Lyon Vaise<\/option><option value=\"SEAT BYmyCAR Orl\u00e9ans\">SEAT BYmyCAR Orl\u00e9ans<\/option><option value=\"SEAT City Store BYmyCAR Orl\u00e9ans\">SEAT City Store BYmyCAR Orl\u00e9ans<\/option><option value=\"SEAT BYmyCAR Villefranche-sur-Sa\u00f4ne\">SEAT BYmyCAR Villefranche-sur-Sa\u00f4ne<\/option><\/select><\/span>\n\n<label> Votre message <\/label>\n<span class=\"wpcf7-form-control-wrap\" data-name=\"Commentaireclient\"><textarea cols=\"40\" rows=\"1\" maxlength=\"2000\" class=\"wpcf7-form-control wpcf7-textarea\" aria-invalid=\"false\" name=\"Commentaireclient\"><\/textarea><\/span>\n\n<\/div>\n\n<span class=\"wpcf7-form-control-wrap\" data-name=\"optinemail\"><span class=\"wpcf7-form-control wpcf7-checkbox\"><span class=\"wpcf7-list-item first last\"><input type=\"checkbox\" name=\"optinemail[]\" value=\"J&#039;accepte de recevoir la lettre d&#039;information li\u00e9e au Groupe BYmyCAR\" \/><span class=\"wpcf7-list-item-label\">J&#039;accepte de recevoir la lettre d&#039;information li\u00e9e au Groupe BYmyCAR<\/span><\/span><\/span><\/span>\n\n<span class=\"wpcf7-form-control-wrap\" data-name=\"optinsms\"><span class=\"wpcf7-form-control wpcf7-checkbox\"><span class=\"wpcf7-list-item first last\"><input type=\"checkbox\" name=\"optinsms[]\" value=\"J&#039;accepte de recevoir des informations li\u00e9es au Groupe BYmyCAR par sms\" \/><span class=\"wpcf7-list-item-label\">J&#039;accepte de recevoir des informations li\u00e9es au Groupe BYmyCAR par sms<\/span><\/span><\/span><\/span>\n\n<span class=\"wpcf7-form-control-wrap\" data-name=\"optinappel\"><span class=\"wpcf7-form-control wpcf7-checkbox\"><span class=\"wpcf7-list-item first last\"><input type=\"checkbox\" name=\"optinappel[]\" value=\"J&#039;accepte de recevoir des informations li\u00e9es au Groupe BYmyCAR par appel\" \/><span class=\"wpcf7-list-item-label\">J&#039;accepte de recevoir des informations li\u00e9es au Groupe BYmyCAR par appel<\/span><\/span><\/span><\/span>\n\n<div class=\"w-full flex flex-col items-center gap-y-2 text-center mt-4\"><input class=\"wpcf7-form-control wpcf7-submit has-spinner\" type=\"submit\" value=\"Envoyer\" \/><\/div><\/div><div class=\"wpcf7-response-output\" aria-hidden=\"true\"><\/div>\n<\/form>\n<\/div>\n<\/p>\n","titre":"formulaire","image":false,"image_libre":false,"image_800x500":false,"legende":"","zoom":false,"texte":"","articles":false,"categorie_droite":false,"images":false,"elements_comparatif":false,"texte_1":"","texte_2":"","image_1":false,"image_1_563x400":false,"image_1_332x332":false,"image_2":false,"image_2_333x240":false,"image_2_563x400":false,"image_3":false,"image_3_333x240":false,"image_3_332x450":false,"image_4":false,"image_4_332x332":false,"image_4_563x400":false,"code_embed":"","legende_video":"","photo":false,"photo_100x100":false,"nom":"","fonction":"","elements_timeline":false,"entetes_colonnes":false,"entetes_lignes":false,"lignes":false,"introduction":"","formulaire":false,"question":"","reponse":"","libelle_bouton_lien":"","url_lien":"","questions":false,"conclusions":false,"pays":false,"region":false,"marque":false,"marqueConcessions":false,"modele":false,"ptvente":false,"typeV":false,"collection":false,"nombre_maximum_elements":10,"lien_fin_carousel":"","texte_lien_fin_carousel":"","trier_par":false}],"is_old_post":false,"image":{"ID":17063,"id":17063,"title":"SEAT-Arona-Xperience_12_2500-compressor","filename":"SEAT-Arona-Xperience_12_2500-compressor.jpg","filesize":1,"url":"https:\/\/cdn.bymycar.eu\/fr-webzine\/wp-content\/uploads\/medias\/SEAT-Arona-Xperience_12_2500-compressor.jpg","link":"https:\/\/www.bymycar.fr\/webzine\/la-nouvelle-seat-arona-un-suv-a-la-pointe-de-la-modernite\/seat-arona-xperience_12_2500-compressor\/","alt":"Nouvelle SEAT Arona","author":"9","description":"","caption":"","name":"seat-arona-xperience_12_2500-compressor","status":"inherit","uploaded_to":17060,"date":"2021-06-03 08:56:18","modified":"2021-06-03 08:56:41","menu_order":0,"mime_type":"image\/jpeg","type":"image","subtype":"jpeg","icon":"https:\/\/www.bymycar.fr\/webzine\/wp-includes\/images\/media\/default.png","width":2500,"height":1667,"sizes":{"thumbnail":"https:\/\/cdn.bymycar.eu\/fr-webzine\/wp-content\/uploads\/medias\/SEAT-Arona-Xperience_12_2500-compressor-150x150.jpg","thumbnail-width":150,"thumbnail-height":150,"medium":"https:\/\/cdn.bymycar.eu\/fr-webzine\/wp-content\/uploads\/medias\/SEAT-Arona-Xperience_12_2500-compressor-300x200.jpg","medium-width":300,"medium-height":200,"medium_large":"https:\/\/cdn.bymycar.eu\/fr-webzine\/wp-content\/uploads\/medias\/SEAT-Arona-Xperience_12_2500-compressor-768x512.jpg","medium_large-width":768,"medium_large-height":512,"large":"https:\/\/cdn.bymycar.eu\/fr-webzine\/wp-content\/uploads\/medias\/SEAT-Arona-Xperience_12_2500-compressor-1024x683.jpg","large-width":1024,"large-height":683,"1536x1536":"https:\/\/cdn.bymycar.eu\/fr-webzine\/wp-content\/uploads\/medias\/SEAT-Arona-Xperience_12_2500-compressor-1536x1024.jpg","1536x1536-width":1536,"1536x1536-height":1024,"2048x2048":"https:\/\/cdn.bymycar.eu\/fr-webzine\/wp-content\/uploads\/medias\/SEAT-Arona-Xperience_12_2500-compressor-2048x1366.jpg","2048x2048-width":2048,"2048x2048-height":1366}},"page_content":{"block_content":[{"acf_fc_layout":"text-simple","--nav":{"-withNav":false,"-ancre":""},"--group":{"-text":"<p><img loading=\"lazy\" decoding=\"async\" class=\"aligncenter size-full wp-image-17061\" src=\"https:\/\/obs-webzine-prod.oss.eu-west-0.prod-cloud-ocb.orange-business.com\/medias\/SEAT-Arona-Xperience_02_800-compressor.jpg\" alt=\"Avant Nouvelle Seat Arona\" width=\"800\" height=\"630\" srcset=\"https:\/\/cdn.bymycar.eu\/fr-webzine\/wp-content\/uploads\/medias\/medias\/SEAT-Arona-Xperience_02_800-compressor.jpg 800w, https:\/\/cdn.bymycar.eu\/fr-webzine\/wp-content\/uploads\/medias\/medias\/SEAT-Arona-Xperience_02_800-compressor.jpg 300w, https:\/\/cdn.bymycar.eu\/fr-webzine\/wp-content\/uploads\/medias\/medias\/SEAT-Arona-Xperience_02_800-compressor.jpg 768w, https:\/\/cdn.bymycar.eu\/fr-webzine\/wp-content\/uploads\/medias\/medias\/SEAT-Arona-Xperience_02_800-compressor.jpg 229w\" sizes=\"(max-width: 800px) 100vw, 800px\" \/><\/p>\n<p style=\"text-align: justify;\">Son look ext\u00e9rieur est renforc\u00e9, un nouveau pare-chocs int\u00e9grant des nouveaux feux antibrouillards accentue son c\u00f4t\u00e9 aventurier. Son allure est dynamique jusque dans les moindres d\u00e9tails, sa face avant est plus affirm\u00e9e et elle a un diffuseur arri\u00e8re redessin\u00e9. Le restylage est accentu\u00e9 par la calandre et le large choix de nouvelles jantes en alliage. Accompagn\u00e9e du nouveau logo SEAT avec une finition chrom\u00e9e en deux tons et le nom du mod\u00e8le \u00e9crit en police manuscrite en relief \u00e0 l\u2019arri\u00e8re, son nouveau look est renforc\u00e9.<\/p>\n<p style=\"text-align: justify;\">Le soin du d\u00e9tail et la pointe de la technologie.<\/p>\n<p><img loading=\"lazy\" decoding=\"async\" class=\"aligncenter size-full wp-image-17064\" src=\"https:\/\/obs-webzine-prod.oss.eu-west-0.prod-cloud-ocb.orange-business.com\/medias\/SEAT-Arona-Xperience_14_800-compressor.jpg\" alt=\"Tableau de bord Seat Arona\" width=\"800\" height=\"491\" srcset=\"https:\/\/cdn.bymycar.eu\/fr-webzine\/wp-content\/uploads\/medias\/medias\/SEAT-Arona-Xperience_14_800-compressor.jpg 800w, https:\/\/cdn.bymycar.eu\/fr-webzine\/wp-content\/uploads\/medias\/medias\/SEAT-Arona-Xperience_14_800-compressor.jpg 300w, https:\/\/cdn.bymycar.eu\/fr-webzine\/wp-content\/uploads\/medias\/medias\/SEAT-Arona-Xperience_14_800-compressor.jpg 768w, https:\/\/cdn.bymycar.eu\/fr-webzine\/wp-content\/uploads\/medias\/medias\/SEAT-Arona-Xperience_14_800-compressor.jpg 293w\" sizes=\"(max-width: 800px) 100vw, 800px\" \/><\/p>\n<p style=\"text-align: justify;\">A l\u2019int\u00e9rieur, une v\u00e9ritable r\u00e9volution pour la nouvelle SEAT Arona accentu\u00e9e par le tout nouveau tableau de bord en plastique mouss\u00e9, plus l\u2019\u00e9cran est grand, mieux c\u2019est ! ce nouvel \u00e9cran de 9,2 pouces offre une meilleure visibilit\u00e9 et am\u00e9liore l\u2019esth\u00e9tique du tableau de bord. Sa grande personnalit\u00e9 est renforc\u00e9e par l\u2019utilisation des derni\u00e8res technologies d\u2019\u00e9clairage pour illuminer les nouvelles buses d\u2019a\u00e9ration.<\/p>\n<p style=\"text-align: justify;\">La Nouvelle SEAT Arona est au c\u0153ur de la technologie, enti\u00e8rement connect\u00e9e gr\u00e2ce \u00e0 des technologies embarqu\u00e9es et l\u2019acc\u00e8s \u00e0 distance, elle est \u00e9quip\u00e9e du syst\u00e8me Full Link sans fil. Les conducteurs peuvent profiter des nouveaux syst\u00e8mes d\u2019infodiverstissement de 8,25 et 9,2 pouces et utiliser l\u2019assistance vocale pour ne pas retirer les yeux de la route, en \u00e9non\u00e7ant les mots \u00ab\u00a0Hol\u00e0 Hol\u00e0\u00a0\u00bb.<\/p>\n<p style=\"text-align: justify;\">Ayez confiance en votre SEAT Arona, en int\u00e9grant les nouveaux syst\u00e8mes d\u2019aide \u00e0 la conduite comme le Travel Assist, elle autorise une conduite semi-automatique associ\u00e9 \u00e0 l\u2019ACC (r\u00e9gulateur de vitesse adaptatif) et au Lane Assit. Votre SEAT Arona vous offre une conduite en toute s\u00e9curit\u00e9 gr\u00e2ce aux d\u00e9tecteurs d\u2019angles morts\u00a0: le Side Assist. Cet \u0153il suppl\u00e9mentaire vous permet de pr\u00e9venir les voitures qui arrivent derri\u00e8re vous. \u00a0Vous retrouverez \u00e9galement l\u2019assistant de sortie de stationnement Arri\u00e8re, la reconnaissance des panneaux de signalisation gr\u00e2ce \u00e0 la cam\u00e9ra frontale int\u00e9gr\u00e9e et les feux de routes intelligents.<\/p>\n"}},{"acf_fc_layout":"text-simple","--nav":{"-withNav":true,"-ancre":"Contactez-Nous"},"--group":{"-text":"<p style=\"text-align: justify;\">La nouvelle SEAT Arona est disponible avec cinq motorisations diff\u00e9rentes de 90 \u00e0 150ch, aussi bien essence (TSI) que GNV (TGI) et sera bient\u00f4t disponible \u00e0 la commande. Remplissez le formulaire ci-dessous pour avoir plus d&rsquo;information aupr\u00e8s d&rsquo;un de nos conseillers.<\/p>\n<p style=\"text-align: justify;\">\n<div class=\"wpcf7 no-js\" id=\"wpcf7-f17065-p17060-o214\" lang=\"fr-FR\" dir=\"ltr\" data-wpcf7-id=\"17065\">\n<div class=\"screen-reader-response\">\n<p role=\"status\" aria-live=\"polite\" aria-atomic=\"true\">\n<ul><\/ul>\n<\/div>\n<form action=\"\/webzine\/wp-admin\/index.php?page=transfert-data-post#wpcf7-f17065-p17060-o214\" method=\"post\" class=\"wpcf7-form init\" aria-label=\"Formulaire de contact\" novalidate=\"novalidate\" data-status=\"init\">\n<div style=\"display: none;\">\n<input type=\"hidden\" name=\"_wpcf7\" value=\"17065\" \/><br \/>\n<input type=\"hidden\" name=\"_wpcf7_version\" value=\"6.0.6\" \/><br \/>\n<input type=\"hidden\" name=\"_wpcf7_locale\" value=\"fr_FR\" \/><br \/>\n<input type=\"hidden\" name=\"_wpcf7_unit_tag\" value=\"wpcf7-f17065-p17060-o214\" \/><br \/>\n<input type=\"hidden\" name=\"_wpcf7_container_post\" value=\"17060\" \/><br \/>\n<input type=\"hidden\" name=\"_wpcf7_posted_data_hash\" value=\"\" \/><br \/>\n<input type=\"hidden\" name=\"_wpcf7_recaptcha_response\" value=\"\" \/>\n<\/div>\n<div class=\"flex flex-row flex-wrap -mx-4\">\n<div class=\"w-1\/2 flex flex-col gap-4 align-top px-4\">\n<p><label> Nom* <\/label><br \/>\n<span class=\"wpcf7-form-control-wrap\" data-name=\"Nom\"><input size=\"40\" maxlength=\"400\" class=\"wpcf7-form-control wpcf7-text wpcf7-validates-as-required\" aria-required=\"true\" aria-invalid=\"false\" value=\"\" type=\"text\" name=\"Nom\" \/><\/span><\/p>\n<p><label> Pr\u00e9nom* <\/label><br \/>\n<span class=\"wpcf7-form-control-wrap\" data-name=\"prenom\"><input size=\"40\" maxlength=\"400\" class=\"wpcf7-form-control wpcf7-text wpcf7-validates-as-required\" aria-required=\"true\" aria-invalid=\"false\" value=\"\" type=\"text\" name=\"prenom\" \/><\/span><\/p>\n<p><label> Email* <\/label><br \/>\n<span class=\"wpcf7-form-control-wrap\" data-name=\"email\"><input size=\"40\" maxlength=\"400\" class=\"wpcf7-form-control wpcf7-email wpcf7-validates-as-required wpcf7-text wpcf7-validates-as-email\" aria-required=\"true\" aria-invalid=\"false\" value=\"\" type=\"email\" name=\"email\" \/><\/span><\/p>\n<\/div>\n<div class=\"w-1\/2 flex flex-col gap-4 align-top px-4\">\n<p><label> T\u00e9l\u00e9phone* <\/label><br \/>\n<span class=\"wpcf7-form-control-wrap\" data-name=\"telephone\"><input size=\"40\" maxlength=\"400\" class=\"wpcf7-form-control wpcf7-tel wpcf7-validates-as-required wpcf7-text wpcf7-validates-as-tel\" aria-required=\"true\" aria-invalid=\"false\" value=\"\" type=\"tel\" name=\"telephone\" \/><\/span><\/p>\n<p><label> Choix de la concession* <\/label><br \/>\n<span class=\"wpcf7-form-control-wrap\" data-name=\"concession\"><select class=\"wpcf7-form-control wpcf7-select wpcf7-validates-as-required\" aria-required=\"true\" aria-invalid=\"false\" name=\"concession\"><option value=\"SEAT BYmyCAR Lyon Sud\">SEAT BYmyCAR Lyon Sud<\/option><option value=\"SEAT BYmyCAR Lyon Vaise\">SEAT BYmyCAR Lyon Vaise<\/option><option value=\"SEAT BYmyCAR Orl\u00e9ans\">SEAT BYmyCAR Orl\u00e9ans<\/option><option value=\"SEAT City Store BYmyCAR Orl\u00e9ans\">SEAT City Store BYmyCAR Orl\u00e9ans<\/option><option value=\"SEAT BYmyCAR Villefranche-sur-Sa\u00f4ne\">SEAT BYmyCAR Villefranche-sur-Sa\u00f4ne<\/option><\/select><\/span><\/p>\n<p><label> Votre message <\/label><br \/>\n<span class=\"wpcf7-form-control-wrap\" data-name=\"Commentaireclient\"><textarea cols=\"40\" rows=\"1\" maxlength=\"2000\" class=\"wpcf7-form-control wpcf7-textarea\" aria-invalid=\"false\" name=\"Commentaireclient\"><\/textarea><\/span><\/p>\n<\/div>\n<p><span class=\"wpcf7-form-control-wrap\" data-name=\"optinemail\"><span class=\"wpcf7-form-control wpcf7-checkbox\"><span class=\"wpcf7-list-item first last\"><input type=\"checkbox\" name=\"optinemail[]\" value=\"J&#039;accepte de recevoir la lettre d&#039;information li\u00e9e au Groupe BYmyCAR\" \/><span class=\"wpcf7-list-item-label\">J&#039;accepte de recevoir la lettre d&#039;information li\u00e9e au Groupe BYmyCAR<\/span><\/span><\/span><\/span><\/p>\n<p><span class=\"wpcf7-form-control-wrap\" data-name=\"optinsms\"><span class=\"wpcf7-form-control wpcf7-checkbox\"><span class=\"wpcf7-list-item first last\"><input type=\"checkbox\" name=\"optinsms[]\" value=\"J&#039;accepte de recevoir des informations li\u00e9es au Groupe BYmyCAR par sms\" \/><span class=\"wpcf7-list-item-label\">J&#039;accepte de recevoir des informations li\u00e9es au Groupe BYmyCAR par sms<\/span><\/span><\/span><\/span><\/p>\n<p><span class=\"wpcf7-form-control-wrap\" data-name=\"optinappel\"><span class=\"wpcf7-form-control wpcf7-checkbox\"><span class=\"wpcf7-list-item first last\"><input type=\"checkbox\" name=\"optinappel[]\" value=\"J&#039;accepte de recevoir des informations li\u00e9es au Groupe BYmyCAR par appel\" \/><span class=\"wpcf7-list-item-label\">J&#039;accepte de recevoir des informations li\u00e9es au Groupe BYmyCAR par appel<\/span><\/span><\/span><\/span><\/p>\n<div class=\"w-full flex flex-col items-center gap-y-2 text-center mt-4\"><input class=\"wpcf7-form-control wpcf7-submit has-spinner\" type=\"submit\" value=\"Envoyer\" \/><\/div>\n<\/div>\n<div class=\"wpcf7-response-output\" aria-hidden=\"true\"><\/div>\n<\/form>\n<\/div>\n"}}]},"add-carousel-to-footer":true},"yoast_head":"<!-- This site is optimized with the Yoast SEO Premium plugin v26.4 (Yoast SEO v26.4) - https:\/\/yoast.com\/wordpress\/plugins\/seo\/ -->\n<title>La Nouvelle SEAT Arona, un SUV \u00e0 la pointe de la modernit\u00e9<\/title>\n<meta name=\"robots\" content=\"index, follow, max-snippet:-1, max-image-preview:large, max-video-preview:-1\" \/>\n<link rel=\"canonical\" href=\"https:\/\/www.bymycar.fr\/webzine\/la-nouvelle-seat-arona-un-suv-a-la-pointe-de-la-modernite\/\" \/>\n<meta property=\"og:locale\" content=\"fr_FR\" \/>\n<meta property=\"og:type\" content=\"article\" \/>\n<meta property=\"og:title\" content=\"La Nouvelle SEAT Arona, un SUV \u00e0 la pointe de la modernit\u00e9\" \/>\n<meta property=\"og:url\" content=\"https:\/\/www.bymycar.fr\/webzine\/la-nouvelle-seat-arona-un-suv-a-la-pointe-de-la-modernite\/\" \/>\n<meta property=\"og:site_name\" content=\"Webzine auto BYmyCAR\" \/>\n<meta property=\"article:published_time\" content=\"2021-06-03T09:09:09+00:00\" \/>\n<meta property=\"article:modified_time\" content=\"2021-06-03T09:09:10+00:00\" \/>\n<meta property=\"og:image\" content=\"https:\/\/cdn.bymycar.eu\/fr-webzine\/wp-content\/uploads\/medias\/SEAT-Arona-Xperience_12_2500-compressor.jpg\" \/>\n\t<meta property=\"og:image:width\" content=\"2500\" \/>\n\t<meta property=\"og:image:height\" content=\"1667\" \/>\n\t<meta property=\"og:image:type\" content=\"image\/jpeg\" \/>\n<meta name=\"author\" content=\"Gregoire LE BIHAN\" \/>\n<meta name=\"twitter:card\" content=\"summary_large_image\" \/>\n<meta name=\"twitter:label1\" content=\"\u00c9crit par\" \/>\n\t<meta name=\"twitter:data1\" content=\"Gregoire LE BIHAN\" \/>\n<script type=\"application\/ld+json\" class=\"yoast-schema-graph\">{\"@context\":\"https:\/\/schema.org\",\"@graph\":[{\"@type\":\"Article\",\"@id\":\"https:\/\/www.bymycar.fr\/webzine\/la-nouvelle-seat-arona-un-suv-a-la-pointe-de-la-modernite\/#article\",\"isPartOf\":{\"@id\":\"https:\/\/www.bymycar.fr\/webzine\/la-nouvelle-seat-arona-un-suv-a-la-pointe-de-la-modernite\/\"},\"author\":{\"name\":\"Gregoire LE BIHAN\",\"@id\":\"https:\/\/www.bymycar.fr\/webzine\/#\/schema\/person\/8c56906440ec126868bd40232b3445f0\"},\"headline\":\"La Nouvelle SEAT Arona, un SUV \u00e0 la pointe de la modernit\u00e9\",\"datePublished\":\"2021-06-03T09:09:09+00:00\",\"dateModified\":\"2021-06-03T09:09:10+00:00\",\"mainEntityOfPage\":{\"@id\":\"https:\/\/www.bymycar.fr\/webzine\/la-nouvelle-seat-arona-un-suv-a-la-pointe-de-la-modernite\/\"},\"wordCount\":11,\"publisher\":{\"@id\":\"https:\/\/www.bymycar.fr\/webzine\/#organization\"},\"image\":{\"@id\":\"https:\/\/www.bymycar.fr\/webzine\/la-nouvelle-seat-arona-un-suv-a-la-pointe-de-la-modernite\/#primaryimage\"},\"thumbnailUrl\":\"https:\/\/cdn.bymycar.eu\/fr-webzine\/wp-content\/uploads\/medias\/SEAT-Arona-Xperience_12_2500-compressor.jpg\",\"articleSection\":[\"Seat\"],\"inLanguage\":\"fr-FR\"},{\"@type\":\"WebPage\",\"@id\":\"https:\/\/www.bymycar.fr\/webzine\/la-nouvelle-seat-arona-un-suv-a-la-pointe-de-la-modernite\/\",\"url\":\"https:\/\/www.bymycar.fr\/webzine\/la-nouvelle-seat-arona-un-suv-a-la-pointe-de-la-modernite\/\",\"name\":\"La Nouvelle SEAT Arona, un SUV \u00e0 la pointe de la modernit\u00e9\",\"isPartOf\":{\"@id\":\"https:\/\/www.bymycar.fr\/webzine\/#website\"},\"primaryImageOfPage\":{\"@id\":\"https:\/\/www.bymycar.fr\/webzine\/la-nouvelle-seat-arona-un-suv-a-la-pointe-de-la-modernite\/#primaryimage\"},\"image\":{\"@id\":\"https:\/\/www.bymycar.fr\/webzine\/la-nouvelle-seat-arona-un-suv-a-la-pointe-de-la-modernite\/#primaryimage\"},\"thumbnailUrl\":\"https:\/\/cdn.bymycar.eu\/fr-webzine\/wp-content\/uploads\/medias\/SEAT-Arona-Xperience_12_2500-compressor.jpg\",\"datePublished\":\"2021-06-03T09:09:09+00:00\",\"dateModified\":\"2021-06-03T09:09:10+00:00\",\"breadcrumb\":{\"@id\":\"https:\/\/www.bymycar.fr\/webzine\/la-nouvelle-seat-arona-un-suv-a-la-pointe-de-la-modernite\/#breadcrumb\"},\"inLanguage\":\"fr-FR\",\"potentialAction\":[{\"@type\":\"ReadAction\",\"target\":[\"https:\/\/www.bymycar.fr\/webzine\/la-nouvelle-seat-arona-un-suv-a-la-pointe-de-la-modernite\/\"]}]},{\"@type\":\"ImageObject\",\"inLanguage\":\"fr-FR\",\"@id\":\"https:\/\/www.bymycar.fr\/webzine\/la-nouvelle-seat-arona-un-suv-a-la-pointe-de-la-modernite\/#primaryimage\",\"url\":\"https:\/\/cdn.bymycar.eu\/fr-webzine\/wp-content\/uploads\/medias\/SEAT-Arona-Xperience_12_2500-compressor.jpg\",\"contentUrl\":\"https:\/\/cdn.bymycar.eu\/fr-webzine\/wp-content\/uploads\/medias\/SEAT-Arona-Xperience_12_2500-compressor.jpg\",\"width\":2500,\"height\":1667,\"caption\":\"Nouvelle SEAT Arona\"},{\"@type\":\"BreadcrumbList\",\"@id\":\"https:\/\/www.bymycar.fr\/webzine\/la-nouvelle-seat-arona-un-suv-a-la-pointe-de-la-modernite\/#breadcrumb\",\"itemListElement\":[{\"@type\":\"ListItem\",\"position\":1,\"name\":\"Accueil\",\"item\":\"https:\/\/www.bymycar.fr\/webzine\/\"},{\"@type\":\"ListItem\",\"position\":2,\"name\":\"La Nouvelle SEAT Arona, un SUV \u00e0 la pointe de la modernit\u00e9\"}]},{\"@type\":\"WebSite\",\"@id\":\"https:\/\/www.bymycar.fr\/webzine\/#website\",\"url\":\"https:\/\/www.bymycar.fr\/webzine\/\",\"name\":\"Webzine auto BYmyCAR\",\"description\":\"La magazine auto de BYmyCAR\",\"publisher\":{\"@id\":\"https:\/\/www.bymycar.fr\/webzine\/#organization\"},\"potentialAction\":[{\"@type\":\"SearchAction\",\"target\":{\"@type\":\"EntryPoint\",\"urlTemplate\":\"https:\/\/www.bymycar.fr\/webzine\/?s={search_term_string}\"},\"query-input\":{\"@type\":\"PropertyValueSpecification\",\"valueRequired\":true,\"valueName\":\"search_term_string\"}}],\"inLanguage\":\"fr-FR\"},{\"@type\":\"Organization\",\"@id\":\"https:\/\/www.bymycar.fr\/webzine\/#organization\",\"name\":\"BYmyCAR\",\"url\":\"https:\/\/www.bymycar.fr\/webzine\/\",\"logo\":{\"@type\":\"ImageObject\",\"inLanguage\":\"fr-FR\",\"@id\":\"https:\/\/www.bymycar.fr\/webzine\/#\/schema\/logo\/image\/\",\"url\":\"https:\/\/cdn.bymycar.eu\/fr-webzine\/wp-content\/uploads\/medias\/2017\/08\/logo_DEALER_00000406_001.png\",\"contentUrl\":\"https:\/\/cdn.bymycar.eu\/fr-webzine\/wp-content\/uploads\/medias\/2017\/08\/logo_DEALER_00000406_001.png\",\"width\":2132,\"height\":720,\"caption\":\"BYmyCAR\"},\"image\":{\"@id\":\"https:\/\/www.bymycar.fr\/webzine\/#\/schema\/logo\/image\/\"}},{\"@type\":\"Person\",\"@id\":\"https:\/\/www.bymycar.fr\/webzine\/#\/schema\/person\/8c56906440ec126868bd40232b3445f0\",\"name\":\"Gregoire LE BIHAN\",\"image\":{\"@type\":\"ImageObject\",\"inLanguage\":\"fr-FR\",\"@id\":\"https:\/\/www.bymycar.fr\/webzine\/#\/schema\/person\/image\/\",\"url\":\"https:\/\/secure.gravatar.com\/avatar\/1356d71f3c6eed50de358ba425c9944b742a0d35f88e0d5f8afe88fdac525492?s=96&d=mm&r=g\",\"contentUrl\":\"https:\/\/secure.gravatar.com\/avatar\/1356d71f3c6eed50de358ba425c9944b742a0d35f88e0d5f8afe88fdac525492?s=96&d=mm&r=g\",\"caption\":\"Gregoire LE BIHAN\"}}]}<\/script>\n<!-- \/ Yoast SEO Premium plugin. -->","yoast_head_json":{"title":"La Nouvelle SEAT Arona, un SUV \u00e0 la pointe de la modernit\u00e9","robots":{"index":"index","follow":"follow","max-snippet":"max-snippet:-1","max-image-preview":"max-image-preview:large","max-video-preview":"max-video-preview:-1"},"canonical":"https:\/\/www.bymycar.fr\/webzine\/la-nouvelle-seat-arona-un-suv-a-la-pointe-de-la-modernite\/","og_locale":"fr_FR","og_type":"article","og_title":"La Nouvelle SEAT Arona, un SUV \u00e0 la pointe de la modernit\u00e9","og_url":"https:\/\/www.bymycar.fr\/webzine\/la-nouvelle-seat-arona-un-suv-a-la-pointe-de-la-modernite\/","og_site_name":"Webzine auto BYmyCAR","article_published_time":"2021-06-03T09:09:09+00:00","article_modified_time":"2021-06-03T09:09:10+00:00","og_image":[{"width":2500,"height":1667,"url":"https:\/\/cdn.bymycar.eu\/fr-webzine\/wp-content\/uploads\/medias\/SEAT-Arona-Xperience_12_2500-compressor.jpg","type":"image\/jpeg"}],"author":"Gregoire LE BIHAN","twitter_card":"summary_large_image","twitter_misc":{"\u00c9crit par":"Gregoire LE BIHAN"},"schema":{"@context":"https:\/\/schema.org","@graph":[{"@type":"Article","@id":"https:\/\/www.bymycar.fr\/webzine\/la-nouvelle-seat-arona-un-suv-a-la-pointe-de-la-modernite\/#article","isPartOf":{"@id":"https:\/\/www.bymycar.fr\/webzine\/la-nouvelle-seat-arona-un-suv-a-la-pointe-de-la-modernite\/"},"author":{"name":"Gregoire LE BIHAN","@id":"https:\/\/www.bymycar.fr\/webzine\/#\/schema\/person\/8c56906440ec126868bd40232b3445f0"},"headline":"La Nouvelle SEAT Arona, un SUV \u00e0 la pointe de la modernit\u00e9","datePublished":"2021-06-03T09:09:09+00:00","dateModified":"2021-06-03T09:09:10+00:00","mainEntityOfPage":{"@id":"https:\/\/www.bymycar.fr\/webzine\/la-nouvelle-seat-arona-un-suv-a-la-pointe-de-la-modernite\/"},"wordCount":11,"publisher":{"@id":"https:\/\/www.bymycar.fr\/webzine\/#organization"},"image":{"@id":"https:\/\/www.bymycar.fr\/webzine\/la-nouvelle-seat-arona-un-suv-a-la-pointe-de-la-modernite\/#primaryimage"},"thumbnailUrl":"https:\/\/cdn.bymycar.eu\/fr-webzine\/wp-content\/uploads\/medias\/SEAT-Arona-Xperience_12_2500-compressor.jpg","articleSection":["Seat"],"inLanguage":"fr-FR"},{"@type":"WebPage","@id":"https:\/\/www.bymycar.fr\/webzine\/la-nouvelle-seat-arona-un-suv-a-la-pointe-de-la-modernite\/","url":"https:\/\/www.bymycar.fr\/webzine\/la-nouvelle-seat-arona-un-suv-a-la-pointe-de-la-modernite\/","name":"La Nouvelle SEAT Arona, un SUV \u00e0 la pointe de la modernit\u00e9","isPartOf":{"@id":"https:\/\/www.bymycar.fr\/webzine\/#website"},"primaryImageOfPage":{"@id":"https:\/\/www.bymycar.fr\/webzine\/la-nouvelle-seat-arona-un-suv-a-la-pointe-de-la-modernite\/#primaryimage"},"image":{"@id":"https:\/\/www.bymycar.fr\/webzine\/la-nouvelle-seat-arona-un-suv-a-la-pointe-de-la-modernite\/#primaryimage"},"thumbnailUrl":"https:\/\/cdn.bymycar.eu\/fr-webzine\/wp-content\/uploads\/medias\/SEAT-Arona-Xperience_12_2500-compressor.jpg","datePublished":"2021-06-03T09:09:09+00:00","dateModified":"2021-06-03T09:09:10+00:00","breadcrumb":{"@id":"https:\/\/www.bymycar.fr\/webzine\/la-nouvelle-seat-arona-un-suv-a-la-pointe-de-la-modernite\/#breadcrumb"},"inLanguage":"fr-FR","potentialAction":[{"@type":"ReadAction","target":["https:\/\/www.bymycar.fr\/webzine\/la-nouvelle-seat-arona-un-suv-a-la-pointe-de-la-modernite\/"]}]},{"@type":"ImageObject","inLanguage":"fr-FR","@id":"https:\/\/www.bymycar.fr\/webzine\/la-nouvelle-seat-arona-un-suv-a-la-pointe-de-la-modernite\/#primaryimage","url":"https:\/\/cdn.bymycar.eu\/fr-webzine\/wp-content\/uploads\/medias\/SEAT-Arona-Xperience_12_2500-compressor.jpg","contentUrl":"https:\/\/cdn.bymycar.eu\/fr-webzine\/wp-content\/uploads\/medias\/SEAT-Arona-Xperience_12_2500-compressor.jpg","width":2500,"height":1667,"caption":"Nouvelle SEAT Arona"},{"@type":"BreadcrumbList","@id":"https:\/\/www.bymycar.fr\/webzine\/la-nouvelle-seat-arona-un-suv-a-la-pointe-de-la-modernite\/#breadcrumb","itemListElement":[{"@type":"ListItem","position":1,"name":"Accueil","item":"https:\/\/www.bymycar.fr\/webzine\/"},{"@type":"ListItem","position":2,"name":"La Nouvelle SEAT Arona, un SUV \u00e0 la pointe de la modernit\u00e9"}]},{"@type":"WebSite","@id":"https:\/\/www.bymycar.fr\/webzine\/#website","url":"https:\/\/www.bymycar.fr\/webzine\/","name":"Webzine auto BYmyCAR","description":"La magazine auto de BYmyCAR","publisher":{"@id":"https:\/\/www.bymycar.fr\/webzine\/#organization"},"potentialAction":[{"@type":"SearchAction","target":{"@type":"EntryPoint","urlTemplate":"https:\/\/www.bymycar.fr\/webzine\/?s={search_term_string}"},"query-input":{"@type":"PropertyValueSpecification","valueRequired":true,"valueName":"search_term_string"}}],"inLanguage":"fr-FR"},{"@type":"Organization","@id":"https:\/\/www.bymycar.fr\/webzine\/#organization","name":"BYmyCAR","url":"https:\/\/www.bymycar.fr\/webzine\/","logo":{"@type":"ImageObject","inLanguage":"fr-FR","@id":"https:\/\/www.bymycar.fr\/webzine\/#\/schema\/logo\/image\/","url":"https:\/\/cdn.bymycar.eu\/fr-webzine\/wp-content\/uploads\/medias\/2017\/08\/logo_DEALER_00000406_001.png","contentUrl":"https:\/\/cdn.bymycar.eu\/fr-webzine\/wp-content\/uploads\/medias\/2017\/08\/logo_DEALER_00000406_001.png","width":2132,"height":720,"caption":"BYmyCAR"},"image":{"@id":"https:\/\/www.bymycar.fr\/webzine\/#\/schema\/logo\/image\/"}},{"@type":"Person","@id":"https:\/\/www.bymycar.fr\/webzine\/#\/schema\/person\/8c56906440ec126868bd40232b3445f0","name":"Gregoire LE BIHAN","image":{"@type":"ImageObject","inLanguage":"fr-FR","@id":"https:\/\/www.bymycar.fr\/webzine\/#\/schema\/person\/image\/","url":"https:\/\/secure.gravatar.com\/avatar\/1356d71f3c6eed50de358ba425c9944b742a0d35f88e0d5f8afe88fdac525492?s=96&d=mm&r=g","contentUrl":"https:\/\/secure.gravatar.com\/avatar\/1356d71f3c6eed50de358ba425c9944b742a0d35f88e0d5f8afe88fdac525492?s=96&d=mm&r=g","caption":"Gregoire LE BIHAN"}}]}},"_links":{"self":[{"href":"https:\/\/www.bymycar.fr\/webzine\/wp-json\/wp\/v2\/posts\/17060","targetHints":{"allow":["GET"]}}],"collection":[{"href":"https:\/\/www.bymycar.fr\/webzine\/wp-json\/wp\/v2\/posts"}],"about":[{"href":"https:\/\/www.bymycar.fr\/webzine\/wp-json\/wp\/v2\/types\/post"}],"author":[{"embeddable":true,"href":"https:\/\/www.bymycar.fr\/webzine\/wp-json\/wp\/v2\/users\/9"}],"replies":[{"embeddable":true,"href":"https:\/\/www.bymycar.fr\/webzine\/wp-json\/wp\/v2\/comments?post=17060"}],"version-history":[{"count":2,"href":"https:\/\/www.bymycar.fr\/webzine\/wp-json\/wp\/v2\/posts\/17060\/revisions"}],"predecessor-version":[{"id":17068,"href":"https:\/\/www.bymycar.fr\/webzine\/wp-json\/wp\/v2\/posts\/17060\/revisions\/17068"}],"wp:featuredmedia":[{"embeddable":true,"href":"https:\/\/www.bymycar.fr\/webzine\/wp-json\/wp\/v2\/media\/17063"}],"wp:attachment":[{"href":"https:\/\/www.bymycar.fr\/webzine\/wp-json\/wp\/v2\/media?parent=17060"}],"wp:term":[{"taxonomy":"category","embeddable":true,"href":"https:\/\/www.bymycar.fr\/webzine\/wp-json\/wp\/v2\/categories?post=17060"},{"taxonomy":"post_tag","embeddable":true,"href":"https:\/\/www.bymycar.fr\/webzine\/wp-json\/wp\/v2\/tags?post=17060"}],"curies":[{"name":"wp","href":"https:\/\/api.w.org\/{rel}","templated":true}]}}