{"id":14642,"date":"2021-04-07T16:56:00","date_gmt":"2021-04-07T14:56:00","guid":{"rendered":"https:\/\/prod.bymycar.fr\/webzine\/?p=14642"},"modified":"2021-07-26T18:24:00","modified_gmt":"2021-07-26T16:24:00","slug":"les-offres-volkswagen-vehicules-utilitaires-du-moment","status":"publish","type":"post","link":"https:\/\/www.bymycar.fr\/webzine\/les-offres-volkswagen-vehicules-utilitaires-du-moment\/","title":{"rendered":"D\u00e9couvrez le Nouveau Caddy Volkswagen V\u00e9hicules Utilitaires"},"content":{"rendered":"","protected":false},"excerpt":{"rendered":"","protected":false},"author":9,"featured_media":14645,"comment_status":"closed","ping_status":"open","sticky":false,"template":"","format":"standard","meta":{"_acf_changed":false,"footnotes":""},"categories":[9014,4,4231],"tags":[],"class_list":["post-14642","post","type-post","status-publish","format-standard","has-post-thumbnail","hentry","category-actualites-concessions-bymycar","category-offres-et-bons-plans","category-volkswagen-actualites"],"acf":{"template":"classique","introduction":"<p style=\"text-align: justify;\">D\u00e9couvrez les offres disponibles en ce moment chez vos concessionnaires Volkswagen Utilitaires BYmyCAR.<\/p>\n","strates":[{"type_strate":"texte-simple","ancre":"","contenu":"<h2 style=\"text-align: justify;\">Le Nouveau Caddy Cargo Business<\/h2>\n<p style=\"text-align: justify;\"><strong><em>A partir de 139\u20ac HT\/mois avec apport de 2 666\u20ac HT<\/em><\/strong><strong><em><sup>(1)<\/sup><\/em><\/strong><strong><em>Avec solution CarePort Pro<\/em><\/strong><\/p>\n<p style=\"text-align: justify;\">Le Nouveau Caddy Cargo ne perd rien de sa fiabilit\u00e9 et surtout de sa flexibilit\u00e9. C\u2019est un utilitaire plus grand, plus intelligent et surtout encore plus s\u00fbr, avec un poste de conduite ergonomique, des technologies digitales connect\u00e9es et des syst\u00e8mes d\u2019assistance encore plus innovants.<\/p>\n<p style=\"text-align: justify;\">Son principal\u00a0atout c\u2019est son espace de chargement allant de 3,1 m3 jusqu\u2019\u00e0 3,7m3 (en version maxi). Il impressionne par sa capacit\u00e9 de stockage et peut transporter jusqu\u2019\u00e0 723kg* dont 100kg sur le toit (*la charge utile admissible varie en fonction de l\u2019\u00e9quipement)<\/p>\n<p style=\"text-align: justify;\">Les portes coulissantes Maxi extralarges et le<strong>\u00a0<\/strong>syst\u00e8me de d\u00e9marrage et de verrouillage sans cl\u00e9 Keyless Advanced<sup>(2)\u00a0<\/sup>offre une grande agilit\u00e9 et un confort au quotidien. Il est le partenaire id\u00e9al pour tous vos d\u00e9placements professionnels.<\/p>\n<p style=\"text-align: justify;\">Les moteurs du Nouveau Caddy Cargo sont tous conformes aux normes Euro-6 en mati\u00e8re d\u2019\u00e9missions. Ils sont notamment \u00e9quip\u00e9s de filtres \u00e0 particules ce qui le rend plus sobre que ses pr\u00e9d\u00e9cesseurs.<\/p>\n<p style=\"text-align: justify;\">Le Caddy Cargo est disponible \u00e0 la commande en version Maxi avec les 3 finitions suivantes : Business 1st Edition \/ Business \/ Business Plus.<\/p>\n","titre":"texte","image":false,"image_libre":false,"image_800x500":false,"legende":"","zoom":false,"texte":"","articles":false,"categorie_droite":false,"images":false,"elements_comparatif":false,"texte_1":"","texte_2":"","image_1":false,"image_1_563x400":false,"image_1_332x332":false,"image_2":false,"image_2_333x240":false,"image_2_563x400":false,"image_3":false,"image_3_333x240":false,"image_3_332x450":false,"image_4":false,"image_4_332x332":false,"image_4_563x400":false,"code_embed":"","legende_video":"","photo":false,"photo_100x100":false,"nom":"","fonction":"","elements_timeline":false,"entetes_colonnes":false,"entetes_lignes":false,"lignes":false,"introduction":"","formulaire":false,"question":"","reponse":"","libelle_bouton_lien":"","url_lien":"","questions":false,"conclusions":false,"pays":false,"region":false,"marque":false,"marqueConcessions":false,"modele":false,"ptvente":false,"typeV":false,"collection":false,"nombre_maximum_elements":10,"lien_fin_carousel":"","texte_lien_fin_carousel":"","trier_par":false},{"type_strate":"mosaique-3","ancre":"","contenu":"","titre":"","image":false,"image_libre":false,"image_800x500":false,"legende":"","zoom":false,"texte":"","articles":false,"categorie_droite":false,"images":false,"elements_comparatif":false,"texte_1":"","texte_2":"","image_1":false,"image_1_563x400":false,"image_1_332x332":{"ID":14644,"id":14644,"title":"6195183_","filename":"6195183_.jpg","filesize":1,"url":"https:\/\/cdn.bymycar.eu\/fr-webzine\/wp-content\/uploads\/medias\/6195183_.jpg","link":"https:\/\/www.bymycar.fr\/webzine\/les-offres-volkswagen-vehicules-utilitaires-du-moment\/6195183_\/","alt":"","author":"9","description":"","caption":"","name":"6195183_","status":"inherit","uploaded_to":14642,"date":"2021-01-27 15:22:35","modified":"2021-01-27 15:25:11","menu_order":0,"mime_type":"image\/jpeg","type":"image","subtype":"jpeg","icon":"https:\/\/www.bymycar.fr\/webzine\/wp-includes\/images\/media\/default.png","width":1050,"height":700,"sizes":{"thumbnail":"https:\/\/cdn.bymycar.eu\/fr-webzine\/wp-content\/uploads\/medias\/6195183_-150x150.jpg","thumbnail-width":150,"thumbnail-height":150,"medium":"https:\/\/cdn.bymycar.eu\/fr-webzine\/wp-content\/uploads\/medias\/6195183_-300x200.jpg","medium-width":300,"medium-height":200,"medium_large":"https:\/\/cdn.bymycar.eu\/fr-webzine\/wp-content\/uploads\/medias\/6195183_-768x512.jpg","medium_large-width":768,"medium_large-height":512,"large":"https:\/\/cdn.bymycar.eu\/fr-webzine\/wp-content\/uploads\/medias\/6195183_-1024x683.jpg","large-width":1024,"large-height":683,"1536x1536":"https:\/\/cdn.bymycar.eu\/fr-webzine\/wp-content\/uploads\/medias\/6195183_.jpg","1536x1536-width":1050,"1536x1536-height":700,"2048x2048":"https:\/\/cdn.bymycar.eu\/fr-webzine\/wp-content\/uploads\/medias\/6195183_.jpg","2048x2048-width":1050,"2048x2048-height":700}},"image_2":false,"image_2_333x240":false,"image_2_563x400":{"ID":14643,"id":14643,"title":"04630-caddy-cargo","filename":"04630-caddy-cargo.jpg","filesize":1,"url":"https:\/\/cdn.bymycar.eu\/fr-webzine\/wp-content\/uploads\/medias\/04630-caddy-cargo.jpg","link":"https:\/\/www.bymycar.fr\/webzine\/les-offres-volkswagen-vehicules-utilitaires-du-moment\/04630-caddy-cargo\/","alt":"","author":"9","description":"","caption":"","name":"04630-caddy-cargo","status":"inherit","uploaded_to":14642,"date":"2021-01-27 15:22:32","modified":"2021-01-27 15:25:06","menu_order":0,"mime_type":"image\/jpeg","type":"image","subtype":"jpeg","icon":"https:\/\/www.bymycar.fr\/webzine\/wp-includes\/images\/media\/default.png","width":1920,"height":1080,"sizes":{"thumbnail":"https:\/\/cdn.bymycar.eu\/fr-webzine\/wp-content\/uploads\/medias\/04630-caddy-cargo-150x150.jpg","thumbnail-width":150,"thumbnail-height":150,"medium":"https:\/\/cdn.bymycar.eu\/fr-webzine\/wp-content\/uploads\/medias\/04630-caddy-cargo-300x169.jpg","medium-width":300,"medium-height":169,"medium_large":"https:\/\/cdn.bymycar.eu\/fr-webzine\/wp-content\/uploads\/medias\/04630-caddy-cargo-768x432.jpg","medium_large-width":768,"medium_large-height":432,"large":"https:\/\/cdn.bymycar.eu\/fr-webzine\/wp-content\/uploads\/medias\/04630-caddy-cargo-1024x576.jpg","large-width":1024,"large-height":576,"1536x1536":"https:\/\/cdn.bymycar.eu\/fr-webzine\/wp-content\/uploads\/medias\/04630-caddy-cargo.jpg","1536x1536-width":1536,"1536x1536-height":864,"2048x2048":"https:\/\/cdn.bymycar.eu\/fr-webzine\/wp-content\/uploads\/medias\/04630-caddy-cargo.jpg","2048x2048-width":1920,"2048x2048-height":1080}},"image_3":false,"image_3_333x240":false,"image_3_332x450":{"ID":14645,"id":14645,"title":"cdc0797-vw-caddy-interior-mood-gallery-1","filename":"cdc0797-vw-caddy-interior-mood-gallery-1.jpg","filesize":1,"url":"https:\/\/cdn.bymycar.eu\/fr-webzine\/wp-content\/uploads\/medias\/cdc0797-vw-caddy-interior-mood-gallery-1.jpg","link":"https:\/\/www.bymycar.fr\/webzine\/les-offres-volkswagen-vehicules-utilitaires-du-moment\/cdc0797-vw-caddy-interior-mood-gallery-1\/","alt":"","author":"9","description":"","caption":"","name":"cdc0797-vw-caddy-interior-mood-gallery-1","status":"inherit","uploaded_to":14642,"date":"2021-01-27 15:22:36","modified":"2021-01-27 15:25:16","menu_order":0,"mime_type":"image\/jpeg","type":"image","subtype":"jpeg","icon":"https:\/\/www.bymycar.fr\/webzine\/wp-includes\/images\/media\/default.png","width":2560,"height":1280,"sizes":{"thumbnail":"https:\/\/cdn.bymycar.eu\/fr-webzine\/wp-content\/uploads\/medias\/cdc0797-vw-caddy-interior-mood-gallery-1-150x150.jpg","thumbnail-width":150,"thumbnail-height":150,"medium":"https:\/\/cdn.bymycar.eu\/fr-webzine\/wp-content\/uploads\/medias\/cdc0797-vw-caddy-interior-mood-gallery-1-300x150.jpg","medium-width":300,"medium-height":150,"medium_large":"https:\/\/cdn.bymycar.eu\/fr-webzine\/wp-content\/uploads\/medias\/cdc0797-vw-caddy-interior-mood-gallery-1-768x384.jpg","medium_large-width":768,"medium_large-height":384,"large":"https:\/\/cdn.bymycar.eu\/fr-webzine\/wp-content\/uploads\/medias\/cdc0797-vw-caddy-interior-mood-gallery-1-1024x512.jpg","large-width":1024,"large-height":512,"1536x1536":"https:\/\/cdn.bymycar.eu\/fr-webzine\/wp-content\/uploads\/medias\/cdc0797-vw-caddy-interior-mood-gallery-1.jpg","1536x1536-width":1536,"1536x1536-height":768,"2048x2048":"https:\/\/cdn.bymycar.eu\/fr-webzine\/wp-content\/uploads\/medias\/cdc0797-vw-caddy-interior-mood-gallery-1.jpg","2048x2048-width":2048,"2048x2048-height":1024}},"image_4":false,"image_4_332x332":false,"image_4_563x400":false,"code_embed":"","legende_video":"","photo":false,"photo_100x100":false,"nom":"","fonction":"","elements_timeline":false,"entetes_colonnes":false,"entetes_lignes":false,"lignes":false,"introduction":"","formulaire":false,"question":"","reponse":"","libelle_bouton_lien":"","url_lien":"","questions":false,"conclusions":false,"pays":false,"region":false,"marque":false,"marqueConcessions":false,"modele":false,"ptvente":false,"typeV":false,"collection":false,"nombre_maximum_elements":10,"lien_fin_carousel":"","texte_lien_fin_carousel":"","trier_par":false},{"type_strate":"texte-simple","ancre":"","contenu":"<h2 style=\"text-align: justify;\"><strong>Le Nouveau Caddy 5 VP<\/strong><\/h2>\n<p style=\"text-align: justify;\"><strong><em>A partir de 249\u20ac TTC\/mois avec apport de 3917\u20ac TTC (2) <\/em><\/strong><\/p>\n<p style=\"text-align: justify;\">Le nouveau Caddy 5 VP \u00e0 totalement \u00e9t\u00e9 revisit\u00e9. \u00a0Un design s\u00e9duisant, des syst\u00e8mes d\u2019aide \u00e0 la conduite \u00e0 la pointe de la technologie et un digital cockpit innovant.<\/p>\n<p style=\"text-align: justify;\">Ses atouts :<\/p>\n<ul style=\"text-align: justify;\">\n<li>Autoradio \u00ab\u00a0Composition\u00a0\u00bb avec \u00e9cran tactile couleur 20,96 cm<\/li>\n<li>Ventilation confort pour le compartiment passagers avec diffuseurs de toit dans le pavillon<\/li>\n<li>Syst\u00e8me d&rsquo;aide au stationnement \u00e0 l&rsquo;avant et \u00e0 l&rsquo;arri\u00e8re<\/li>\n<li>Barres de toit<\/li>\n<\/ul>\n<p style=\"text-align: justify;\">Vous serez mieux pr\u00e9par\u00e9 \u00e0 relever les d\u00e9fis de la vie avec le Nouveau Caddy.<\/p>\n<p><img loading=\"lazy\" decoding=\"async\" class=\"aligncenter size-large wp-image-14648\" src=\"https:\/\/obs-webzine-prod.oss.eu-west-0.prod-cloud-ocb.orange-business.com\/medias\/caddy-1024x583.png\" alt=\"\" width=\"1024\" height=\"583\" srcset=\"https:\/\/cdn.bymycar.eu\/fr-webzine\/wp-content\/uploads\/medias\/caddy.png 1024w, https:\/\/cdn.bymycar.eu\/fr-webzine\/wp-content\/uploads\/medias\/caddy.png 300w, https:\/\/cdn.bymycar.eu\/fr-webzine\/wp-content\/uploads\/medias\/caddy.png 768w, https:\/\/cdn.bymycar.eu\/fr-webzine\/wp-content\/uploads\/medias\/caddy.png 316w, https:\/\/cdn.bymycar.eu\/fr-webzine\/wp-content\/uploads\/medias\/caddy.png 1113w\" sizes=\"(max-width: 1024px) 100vw, 1024px\" \/><\/p>\n","titre":"texte 2","image":false,"image_libre":false,"image_800x500":false,"legende":"","zoom":false,"texte":"","articles":false,"categorie_droite":false,"images":false,"elements_comparatif":false,"texte_1":"","texte_2":"","image_1":false,"image_1_563x400":false,"image_1_332x332":false,"image_2":false,"image_2_333x240":false,"image_2_563x400":false,"image_3":false,"image_3_333x240":false,"image_3_332x450":false,"image_4":false,"image_4_332x332":false,"image_4_563x400":false,"code_embed":"","legende_video":"","photo":false,"photo_100x100":false,"nom":"","fonction":"","elements_timeline":false,"entetes_colonnes":false,"entetes_lignes":false,"lignes":false,"introduction":"","formulaire":false,"question":"","reponse":"","libelle_bouton_lien":"","url_lien":"","questions":false,"conclusions":false,"pays":false,"region":false,"marque":false,"marqueConcessions":false,"modele":false,"ptvente":false,"typeV":false,"collection":false,"nombre_maximum_elements":10,"lien_fin_carousel":"","texte_lien_fin_carousel":"","trier_par":false},{"type_strate":"texte-simple","ancre":"Contactez-nous","contenu":"<p>Vous souhaitez plus d\u2019informations ou r\u00e9server un essai\u00a0? N\u2019h\u00e9sitez-pas \u00e0 nous contacter par le biais du formulaire ci-dessous\u00a0:<\/p>\n\n<div class=\"wpcf7 no-js\" id=\"wpcf7-f14646-o1\" lang=\"fr-FR\" dir=\"ltr\" data-wpcf7-id=\"14646\">\n<div class=\"screen-reader-response\"><p role=\"status\" aria-live=\"polite\" aria-atomic=\"true\"><\/p> <ul><\/ul><\/div>\n<form action=\"\/webzine\/wp-json\/wp\/v2\/posts\/14642#wpcf7-f14646-o1\" method=\"post\" class=\"wpcf7-form init\" aria-label=\"Formulaire de contact\" novalidate=\"novalidate\" data-status=\"init\">\n<fieldset class=\"hidden-fields-container\"><input type=\"hidden\" name=\"_wpcf7\" value=\"14646\" \/><input type=\"hidden\" name=\"_wpcf7_version\" value=\"6.1.3\" \/><input type=\"hidden\" name=\"_wpcf7_locale\" value=\"fr_FR\" \/><input type=\"hidden\" name=\"_wpcf7_unit_tag\" value=\"wpcf7-f14646-o1\" \/><input type=\"hidden\" name=\"_wpcf7_container_post\" value=\"0\" \/><input type=\"hidden\" name=\"_wpcf7_posted_data_hash\" value=\"\" \/><input type=\"hidden\" name=\"_wpcf7_recaptcha_response\" value=\"\" \/>\n<\/fieldset>\n<div class=\"flex flex-row flex-wrap -mx-4\"><div class=\"w-1\/2 flex flex-col gap-4 align-top px-4\">\n\n<label> Nom* <\/label>\n<span class=\"wpcf7-form-control-wrap\" data-name=\"Nom\"><input size=\"40\" maxlength=\"400\" class=\"wpcf7-form-control wpcf7-text wpcf7-validates-as-required\" aria-required=\"true\" aria-invalid=\"false\" value=\"\" type=\"text\" name=\"Nom\" \/><\/span>\n\n<label> Pr\u00e9nom* <\/label>\n<span class=\"wpcf7-form-control-wrap\" data-name=\"prenom\"><input size=\"40\" maxlength=\"400\" class=\"wpcf7-form-control wpcf7-text wpcf7-validates-as-required\" aria-required=\"true\" aria-invalid=\"false\" value=\"\" type=\"text\" name=\"prenom\" \/><\/span>\n\n<label> Email* <\/label>\n<span class=\"wpcf7-form-control-wrap\" data-name=\"email\"><input size=\"40\" maxlength=\"400\" class=\"wpcf7-form-control wpcf7-email wpcf7-validates-as-required wpcf7-text wpcf7-validates-as-email\" aria-required=\"true\" aria-invalid=\"false\" value=\"\" type=\"email\" name=\"email\" \/><\/span>\n\n<label> T\u00e9l\u00e9phone* <\/label>\n<span class=\"wpcf7-form-control-wrap\" data-name=\"telephone\"><input size=\"40\" maxlength=\"400\" class=\"wpcf7-form-control wpcf7-tel wpcf7-validates-as-required wpcf7-text wpcf7-validates-as-tel\" aria-required=\"true\" aria-invalid=\"false\" value=\"\" type=\"tel\" name=\"telephone\" \/><\/span>\n\n<\/div>\n\n<div class=\"w-1\/2 flex flex-col gap-4 align-top px-4\">\n\n<label> Choix de l'offre* <\/label>\n<span class=\"wpcf7-form-control-wrap\" data-name=\"offre\"><select class=\"wpcf7-form-control wpcf7-select wpcf7-validates-as-required\" aria-required=\"true\" aria-invalid=\"false\" name=\"offre\"><option value=\"Nouveau Caddy Cargo First Edition\">Nouveau Caddy Cargo First Edition<\/option><option value=\"Nouveau Caddy First Edition\">Nouveau Caddy First Edition<\/option><option value=\"Autre mod\u00e8le Volkswagen Utilitaires\">Autre mod\u00e8le Volkswagen Utilitaires<\/option><\/select><\/span>\n\n<label> Choix de la concession* <\/label>\n<span class=\"wpcf7-form-control-wrap\" data-name=\"concession\"><select class=\"wpcf7-form-control wpcf7-select wpcf7-validates-as-required\" aria-required=\"true\" aria-invalid=\"false\" name=\"concession\"><option value=\"VOLKSWAGEN BYmyCAR Roanne\">VOLKSWAGEN BYmyCAR Roanne<\/option><option value=\"VOLKSWAGEN Utilitaires BYmyCAR Bourgoin\">VOLKSWAGEN Utilitaires BYmyCAR Bourgoin<\/option><option value=\"VOLKSWAGEN Utilitaires BYmyCAR Lyon Est\">VOLKSWAGEN Utilitaires BYmyCAR Lyon Est<\/option><option value=\"VOLKSWAGEN Utilitaires BYmyCAR Lyon Sud\">VOLKSWAGEN Utilitaires BYmyCAR Lyon Sud<\/option><option value=\"VOLKSWAGEN Utilitaires BYmyCAR Lyon Vaise\">VOLKSWAGEN Utilitaires BYmyCAR Lyon Vaise<\/option><option value=\"VOLKSWAGEN Utilitaires BYmyCAR Orl\u00e9ans\">VOLKSWAGEN Utilitaires BYmyCAR Orl\u00e9ans<\/option><option value=\"VOLKSWAGEN Utilitaires BYmyCAR Saint-Etienne Nord\">VOLKSWAGEN Utilitaires BYmyCAR Saint-Etienne Nord<\/option><\/select><\/span>\n\n<label> Votre message <\/label>\n<span class=\"wpcf7-form-control-wrap\" data-name=\"Commentaireclient\"><textarea cols=\"40\" rows=\"5\" maxlength=\"2000\" class=\"wpcf7-form-control wpcf7-textarea\" aria-invalid=\"false\" name=\"Commentaireclient\"><\/textarea><\/span>\n\n<\/div>\n\n<span class=\"wpcf7-form-control-wrap\" data-name=\"optinemail\"><span class=\"wpcf7-form-control wpcf7-checkbox\"><span class=\"wpcf7-list-item first last\"><input type=\"checkbox\" name=\"optinemail[]\" value=\"J&#039;accepte de recevoir la lettre d&#039;information li\u00e9e au Groupe BYmyCAR\" \/><span class=\"wpcf7-list-item-label\">J&#039;accepte de recevoir la lettre d&#039;information li\u00e9e au Groupe BYmyCAR<\/span><\/span><\/span><\/span>\n\n<span class=\"wpcf7-form-control-wrap\" data-name=\"optinsms\"><span class=\"wpcf7-form-control wpcf7-checkbox\"><span class=\"wpcf7-list-item first last\"><input type=\"checkbox\" name=\"optinsms[]\" value=\"J&#039;accepte de recevoir des informations li\u00e9es au Groupe BYmyCAR par sms\" \/><span class=\"wpcf7-list-item-label\">J&#039;accepte de recevoir des informations li\u00e9es au Groupe BYmyCAR par sms<\/span><\/span><\/span><\/span>\n\n<span class=\"wpcf7-form-control-wrap\" data-name=\"optinappel\"><span class=\"wpcf7-form-control wpcf7-checkbox\"><span class=\"wpcf7-list-item first last\"><input type=\"checkbox\" name=\"optinappel[]\" value=\"J&#039;accepte de recevoir des informations li\u00e9es au Groupe BYmyCAR par appel\" \/><span class=\"wpcf7-list-item-label\">J&#039;accepte de recevoir des informations li\u00e9es au Groupe BYmyCAR par appel<\/span><\/span><\/span><\/span>\n\n<div class=\"w-full flex flex-col items-center gap-y-2 text-center mt-4\"><input class=\"wpcf7-form-control wpcf7-submit has-spinner\" type=\"submit\" value=\"Envoyer\" \/><\/div><\/div><div class=\"wpcf7-response-output\" aria-hidden=\"true\"><\/div>\n<\/form>\n<\/div>\n\n<p>&nbsp;<\/p>\n<p style=\"text-align: justify;\"><span style=\"font-size: 8pt;\">(1) Offre de Location Longue Dur\u00e9e sur 37 mois et 45 000km, apport de 3 277\u20acHT, suivi de 36 loyers de 179\u20acHT, pour un Transporter Van Business L1H1 2.0 TDI 90ch<\/span><\/p>\n<p style=\"text-align: justify;\"><span style=\"font-size: 8pt;\">(2) Offre de Location Longue Dur\u00e9e sur 37 mois et 40 000km avec apport de 2 735\u20acHT suivi le 36 loyers de 145\u20acHT pour un Caddy 5 Cargo BLN 2.0 TDI 75 ch BVM<\/span><\/p>\n","titre":"formulaire","image":false,"image_libre":false,"image_800x500":false,"legende":"","zoom":false,"texte":"","articles":false,"categorie_droite":false,"images":false,"elements_comparatif":false,"texte_1":"","texte_2":"","image_1":false,"image_1_563x400":false,"image_1_332x332":false,"image_2":false,"image_2_333x240":false,"image_2_563x400":false,"image_3":false,"image_3_333x240":false,"image_3_332x450":false,"image_4":false,"image_4_332x332":false,"image_4_563x400":false,"code_embed":"","legende_video":"","photo":false,"photo_100x100":false,"nom":"","fonction":"","elements_timeline":false,"entetes_colonnes":false,"entetes_lignes":false,"lignes":false,"introduction":"","formulaire":false,"question":"","reponse":"","libelle_bouton_lien":"","url_lien":"","questions":false,"conclusions":false,"pays":false,"region":false,"marque":false,"marqueConcessions":false,"modele":false,"ptvente":false,"typeV":false,"collection":false,"nombre_maximum_elements":10,"lien_fin_carousel":"","texte_lien_fin_carousel":"","trier_par":false}],"is_old_post":false,"image":{"ID":14645,"id":14645,"title":"cdc0797-vw-caddy-interior-mood-gallery-1","filename":"cdc0797-vw-caddy-interior-mood-gallery-1.jpg","filesize":1,"url":"https:\/\/cdn.bymycar.eu\/fr-webzine\/wp-content\/uploads\/medias\/cdc0797-vw-caddy-interior-mood-gallery-1.jpg","link":"https:\/\/www.bymycar.fr\/webzine\/les-offres-volkswagen-vehicules-utilitaires-du-moment\/cdc0797-vw-caddy-interior-mood-gallery-1\/","alt":"","author":"9","description":"","caption":"","name":"cdc0797-vw-caddy-interior-mood-gallery-1","status":"inherit","uploaded_to":14642,"date":"2021-01-27 15:22:36","modified":"2021-01-27 15:25:16","menu_order":0,"mime_type":"image\/jpeg","type":"image","subtype":"jpeg","icon":"https:\/\/www.bymycar.fr\/webzine\/wp-includes\/images\/media\/default.png","width":2560,"height":1280,"sizes":{"thumbnail":"https:\/\/cdn.bymycar.eu\/fr-webzine\/wp-content\/uploads\/medias\/cdc0797-vw-caddy-interior-mood-gallery-1-150x150.jpg","thumbnail-width":150,"thumbnail-height":150,"medium":"https:\/\/cdn.bymycar.eu\/fr-webzine\/wp-content\/uploads\/medias\/cdc0797-vw-caddy-interior-mood-gallery-1-300x150.jpg","medium-width":300,"medium-height":150,"medium_large":"https:\/\/cdn.bymycar.eu\/fr-webzine\/wp-content\/uploads\/medias\/cdc0797-vw-caddy-interior-mood-gallery-1-768x384.jpg","medium_large-width":768,"medium_large-height":384,"large":"https:\/\/cdn.bymycar.eu\/fr-webzine\/wp-content\/uploads\/medias\/cdc0797-vw-caddy-interior-mood-gallery-1-1024x512.jpg","large-width":1024,"large-height":512,"1536x1536":"https:\/\/cdn.bymycar.eu\/fr-webzine\/wp-content\/uploads\/medias\/cdc0797-vw-caddy-interior-mood-gallery-1.jpg","1536x1536-width":1536,"1536x1536-height":768,"2048x2048":"https:\/\/cdn.bymycar.eu\/fr-webzine\/wp-content\/uploads\/medias\/cdc0797-vw-caddy-interior-mood-gallery-1.jpg","2048x2048-width":2048,"2048x2048-height":1024}},"page_content":{"block_content":[{"acf_fc_layout":"text-simple","--nav":{"-withNav":false,"-ancre":""},"--group":{"-text":"<h2 style=\"text-align: justify;\">Le Nouveau Caddy Cargo Business<\/h2>\n<p style=\"text-align: justify;\"><strong><em>A partir de 139\u20ac HT\/mois avec apport de 2 666\u20ac HT<\/em><\/strong><strong><em><sup>(1)<\/sup><\/em><\/strong><strong><em>Avec solution CarePort Pro<\/em><\/strong><\/p>\n<p style=\"text-align: justify;\">Le Nouveau Caddy Cargo ne perd rien de sa fiabilit\u00e9 et surtout de sa flexibilit\u00e9. C\u2019est un utilitaire plus grand, plus intelligent et surtout encore plus s\u00fbr, avec un poste de conduite ergonomique, des technologies digitales connect\u00e9es et des syst\u00e8mes d\u2019assistance encore plus innovants.<\/p>\n<p style=\"text-align: justify;\">Son principal\u00a0atout c\u2019est son espace de chargement allant de 3,1 m3 jusqu\u2019\u00e0 3,7m3 (en version maxi). Il impressionne par sa capacit\u00e9 de stockage et peut transporter jusqu\u2019\u00e0 723kg* dont 100kg sur le toit (*la charge utile admissible varie en fonction de l\u2019\u00e9quipement)<\/p>\n<p style=\"text-align: justify;\">Les portes coulissantes Maxi extralarges et le<strong>\u00a0<\/strong>syst\u00e8me de d\u00e9marrage et de verrouillage sans cl\u00e9 Keyless Advanced<sup>(2)\u00a0<\/sup>offre une grande agilit\u00e9 et un confort au quotidien. Il est le partenaire id\u00e9al pour tous vos d\u00e9placements professionnels.<\/p>\n<p style=\"text-align: justify;\">Les moteurs du Nouveau Caddy Cargo sont tous conformes aux normes Euro-6 en mati\u00e8re d\u2019\u00e9missions. Ils sont notamment \u00e9quip\u00e9s de filtres \u00e0 particules ce qui le rend plus sobre que ses pr\u00e9d\u00e9cesseurs.<\/p>\n<p style=\"text-align: justify;\">Le Caddy Cargo est disponible \u00e0 la commande en version Maxi avec les 3 finitions suivantes : Business 1st Edition \/ Business \/ Business Plus.<\/p>\n"}},{"acf_fc_layout":"images-mosaique-x3","--nav":{"-withNav":false,"-ancre":""},"--group":{"-title":"","-images":[{"ID":14644,"id":14644,"title":"6195183_","filename":"6195183_.jpg","filesize":1,"url":"https:\/\/cdn.bymycar.eu\/fr-webzine\/wp-content\/uploads\/medias\/6195183_.jpg","link":"https:\/\/www.bymycar.fr\/webzine\/les-offres-volkswagen-vehicules-utilitaires-du-moment\/6195183_\/","alt":"","author":"9","description":"","caption":"","name":"6195183_","status":"inherit","uploaded_to":14642,"date":"2021-01-27 15:22:35","modified":"2021-01-27 15:25:11","menu_order":0,"mime_type":"image\/jpeg","type":"image","subtype":"jpeg","icon":"https:\/\/www.bymycar.fr\/webzine\/wp-includes\/images\/media\/default.png","width":1050,"height":700,"sizes":{"thumbnail":"https:\/\/cdn.bymycar.eu\/fr-webzine\/wp-content\/uploads\/medias\/6195183_-150x150.jpg","thumbnail-width":150,"thumbnail-height":150,"medium":"https:\/\/cdn.bymycar.eu\/fr-webzine\/wp-content\/uploads\/medias\/6195183_-300x200.jpg","medium-width":300,"medium-height":200,"medium_large":"https:\/\/cdn.bymycar.eu\/fr-webzine\/wp-content\/uploads\/medias\/6195183_-768x512.jpg","medium_large-width":768,"medium_large-height":512,"large":"https:\/\/cdn.bymycar.eu\/fr-webzine\/wp-content\/uploads\/medias\/6195183_-1024x683.jpg","large-width":1024,"large-height":683,"1536x1536":"https:\/\/cdn.bymycar.eu\/fr-webzine\/wp-content\/uploads\/medias\/6195183_.jpg","1536x1536-width":1050,"1536x1536-height":700,"2048x2048":"https:\/\/cdn.bymycar.eu\/fr-webzine\/wp-content\/uploads\/medias\/6195183_.jpg","2048x2048-width":1050,"2048x2048-height":700}},{"ID":14643,"id":14643,"title":"04630-caddy-cargo","filename":"04630-caddy-cargo.jpg","filesize":1,"url":"https:\/\/cdn.bymycar.eu\/fr-webzine\/wp-content\/uploads\/medias\/04630-caddy-cargo.jpg","link":"https:\/\/www.bymycar.fr\/webzine\/les-offres-volkswagen-vehicules-utilitaires-du-moment\/04630-caddy-cargo\/","alt":"","author":"9","description":"","caption":"","name":"04630-caddy-cargo","status":"inherit","uploaded_to":14642,"date":"2021-01-27 15:22:32","modified":"2021-01-27 15:25:06","menu_order":0,"mime_type":"image\/jpeg","type":"image","subtype":"jpeg","icon":"https:\/\/www.bymycar.fr\/webzine\/wp-includes\/images\/media\/default.png","width":1920,"height":1080,"sizes":{"thumbnail":"https:\/\/cdn.bymycar.eu\/fr-webzine\/wp-content\/uploads\/medias\/04630-caddy-cargo-150x150.jpg","thumbnail-width":150,"thumbnail-height":150,"medium":"https:\/\/cdn.bymycar.eu\/fr-webzine\/wp-content\/uploads\/medias\/04630-caddy-cargo-300x169.jpg","medium-width":300,"medium-height":169,"medium_large":"https:\/\/cdn.bymycar.eu\/fr-webzine\/wp-content\/uploads\/medias\/04630-caddy-cargo-768x432.jpg","medium_large-width":768,"medium_large-height":432,"large":"https:\/\/cdn.bymycar.eu\/fr-webzine\/wp-content\/uploads\/medias\/04630-caddy-cargo-1024x576.jpg","large-width":1024,"large-height":576,"1536x1536":"https:\/\/cdn.bymycar.eu\/fr-webzine\/wp-content\/uploads\/medias\/04630-caddy-cargo.jpg","1536x1536-width":1536,"1536x1536-height":864,"2048x2048":"https:\/\/cdn.bymycar.eu\/fr-webzine\/wp-content\/uploads\/medias\/04630-caddy-cargo.jpg","2048x2048-width":1920,"2048x2048-height":1080}},{"ID":14645,"id":14645,"title":"cdc0797-vw-caddy-interior-mood-gallery-1","filename":"cdc0797-vw-caddy-interior-mood-gallery-1.jpg","filesize":1,"url":"https:\/\/cdn.bymycar.eu\/fr-webzine\/wp-content\/uploads\/medias\/cdc0797-vw-caddy-interior-mood-gallery-1.jpg","link":"https:\/\/www.bymycar.fr\/webzine\/les-offres-volkswagen-vehicules-utilitaires-du-moment\/cdc0797-vw-caddy-interior-mood-gallery-1\/","alt":"","author":"9","description":"","caption":"","name":"cdc0797-vw-caddy-interior-mood-gallery-1","status":"inherit","uploaded_to":14642,"date":"2021-01-27 15:22:36","modified":"2021-01-27 15:25:16","menu_order":0,"mime_type":"image\/jpeg","type":"image","subtype":"jpeg","icon":"https:\/\/www.bymycar.fr\/webzine\/wp-includes\/images\/media\/default.png","width":2560,"height":1280,"sizes":{"thumbnail":"https:\/\/cdn.bymycar.eu\/fr-webzine\/wp-content\/uploads\/medias\/cdc0797-vw-caddy-interior-mood-gallery-1-150x150.jpg","thumbnail-width":150,"thumbnail-height":150,"medium":"https:\/\/cdn.bymycar.eu\/fr-webzine\/wp-content\/uploads\/medias\/cdc0797-vw-caddy-interior-mood-gallery-1-300x150.jpg","medium-width":300,"medium-height":150,"medium_large":"https:\/\/cdn.bymycar.eu\/fr-webzine\/wp-content\/uploads\/medias\/cdc0797-vw-caddy-interior-mood-gallery-1-768x384.jpg","medium_large-width":768,"medium_large-height":384,"large":"https:\/\/cdn.bymycar.eu\/fr-webzine\/wp-content\/uploads\/medias\/cdc0797-vw-caddy-interior-mood-gallery-1-1024x512.jpg","large-width":1024,"large-height":512,"1536x1536":"https:\/\/cdn.bymycar.eu\/fr-webzine\/wp-content\/uploads\/medias\/cdc0797-vw-caddy-interior-mood-gallery-1.jpg","1536x1536-width":1536,"1536x1536-height":768,"2048x2048":"https:\/\/cdn.bymycar.eu\/fr-webzine\/wp-content\/uploads\/medias\/cdc0797-vw-caddy-interior-mood-gallery-1.jpg","2048x2048-width":2048,"2048x2048-height":1024}}],"-title-2":""}},{"acf_fc_layout":"text-simple","--nav":{"-withNav":false,"-ancre":""},"--group":{"-text":"<h2 style=\"text-align: justify;\"><strong>Le Nouveau Caddy 5 VP<\/strong><\/h2>\n<p style=\"text-align: justify;\"><strong><em>A partir de 249\u20ac TTC\/mois avec apport de 3917\u20ac TTC (2) <\/em><\/strong><\/p>\n<p style=\"text-align: justify;\">Le nouveau Caddy 5 VP \u00e0 totalement \u00e9t\u00e9 revisit\u00e9. \u00a0Un design s\u00e9duisant, des syst\u00e8mes d\u2019aide \u00e0 la conduite \u00e0 la pointe de la technologie et un digital cockpit innovant.<\/p>\n<p style=\"text-align: justify;\">Ses atouts :<\/p>\n<ul style=\"text-align: justify;\">\n<li>Autoradio \u00ab\u00a0Composition\u00a0\u00bb avec \u00e9cran tactile couleur 20,96 cm<\/li>\n<li>Ventilation confort pour le compartiment passagers avec diffuseurs de toit dans le pavillon<\/li>\n<li>Syst\u00e8me d&rsquo;aide au stationnement \u00e0 l&rsquo;avant et \u00e0 l&rsquo;arri\u00e8re<\/li>\n<li>Barres de toit<\/li>\n<\/ul>\n<p style=\"text-align: justify;\">Vous serez mieux pr\u00e9par\u00e9 \u00e0 relever les d\u00e9fis de la vie avec le Nouveau Caddy.<\/p>\n<p><img loading=\"lazy\" decoding=\"async\" class=\"aligncenter size-large wp-image-14648\" src=\"https:\/\/obs-webzine-prod.oss.eu-west-0.prod-cloud-ocb.orange-business.com\/medias\/caddy-1024x583.png\" alt=\"\" width=\"1024\" height=\"583\" srcset=\"https:\/\/cdn.bymycar.eu\/fr-webzine\/wp-content\/uploads\/medias\/medias\/caddy.png 1024w, https:\/\/cdn.bymycar.eu\/fr-webzine\/wp-content\/uploads\/medias\/medias\/caddy.png 300w, https:\/\/cdn.bymycar.eu\/fr-webzine\/wp-content\/uploads\/medias\/medias\/caddy.png 768w, https:\/\/cdn.bymycar.eu\/fr-webzine\/wp-content\/uploads\/medias\/medias\/caddy.png 316w, https:\/\/cdn.bymycar.eu\/fr-webzine\/wp-content\/uploads\/medias\/medias\/caddy.png 1113w\" sizes=\"(max-width: 1024px) 100vw, 1024px\" \/><\/p>\n"}},{"acf_fc_layout":"text-simple","--nav":{"-withNav":true,"-ancre":"Contactez-nous"},"--group":{"-text":"<p>Vous souhaitez plus d\u2019informations ou r\u00e9server un essai\u00a0? N\u2019h\u00e9sitez-pas \u00e0 nous contacter par le biais du formulaire ci-dessous\u00a0:<\/p>\n<div class=\"wpcf7 no-js\" id=\"wpcf7-f14646-p14642-o247\" lang=\"fr-FR\" dir=\"ltr\" data-wpcf7-id=\"14646\">\n<div class=\"screen-reader-response\">\n<p role=\"status\" aria-live=\"polite\" aria-atomic=\"true\">\n<ul><\/ul>\n<\/div>\n<form action=\"\/webzine\/wp-admin\/index.php?page=transfert-data-post#wpcf7-f14646-p14642-o247\" method=\"post\" class=\"wpcf7-form init\" aria-label=\"Formulaire de contact\" novalidate=\"novalidate\" data-status=\"init\">\n<div style=\"display: none;\">\n<input type=\"hidden\" name=\"_wpcf7\" value=\"14646\" \/><br \/>\n<input type=\"hidden\" name=\"_wpcf7_version\" value=\"6.0.6\" \/><br \/>\n<input type=\"hidden\" name=\"_wpcf7_locale\" value=\"fr_FR\" \/><br \/>\n<input type=\"hidden\" name=\"_wpcf7_unit_tag\" value=\"wpcf7-f14646-p14642-o247\" \/><br \/>\n<input type=\"hidden\" name=\"_wpcf7_container_post\" value=\"14642\" \/><br \/>\n<input type=\"hidden\" name=\"_wpcf7_posted_data_hash\" value=\"\" \/><br \/>\n<input type=\"hidden\" name=\"_wpcf7_recaptcha_response\" value=\"\" \/>\n<\/div>\n<div class=\"flex flex-row flex-wrap -mx-4\">\n<div class=\"w-1\/2 flex flex-col gap-4 align-top px-4\">\n<p><label> Nom* <\/label><br \/>\n<span class=\"wpcf7-form-control-wrap\" data-name=\"Nom\"><input size=\"40\" maxlength=\"400\" class=\"wpcf7-form-control wpcf7-text wpcf7-validates-as-required\" aria-required=\"true\" aria-invalid=\"false\" value=\"\" type=\"text\" name=\"Nom\" \/><\/span><\/p>\n<p><label> Pr\u00e9nom* <\/label><br \/>\n<span class=\"wpcf7-form-control-wrap\" data-name=\"prenom\"><input size=\"40\" maxlength=\"400\" class=\"wpcf7-form-control wpcf7-text wpcf7-validates-as-required\" aria-required=\"true\" aria-invalid=\"false\" value=\"\" type=\"text\" name=\"prenom\" \/><\/span><\/p>\n<p><label> Email* <\/label><br \/>\n<span class=\"wpcf7-form-control-wrap\" data-name=\"email\"><input size=\"40\" maxlength=\"400\" class=\"wpcf7-form-control wpcf7-email wpcf7-validates-as-required wpcf7-text wpcf7-validates-as-email\" aria-required=\"true\" aria-invalid=\"false\" value=\"\" type=\"email\" name=\"email\" \/><\/span><\/p>\n<p><label> T\u00e9l\u00e9phone* <\/label><br \/>\n<span class=\"wpcf7-form-control-wrap\" data-name=\"telephone\"><input size=\"40\" maxlength=\"400\" class=\"wpcf7-form-control wpcf7-tel wpcf7-validates-as-required wpcf7-text wpcf7-validates-as-tel\" aria-required=\"true\" aria-invalid=\"false\" value=\"\" type=\"tel\" name=\"telephone\" \/><\/span><\/p>\n<\/div>\n<div class=\"w-1\/2 flex flex-col gap-4 align-top px-4\">\n<p><label> Choix de l&rsquo;offre* <\/label><br \/>\n<span class=\"wpcf7-form-control-wrap\" data-name=\"offre\"><select class=\"wpcf7-form-control wpcf7-select wpcf7-validates-as-required\" aria-required=\"true\" aria-invalid=\"false\" name=\"offre\"><option value=\"Nouveau Caddy Cargo First Edition\">Nouveau Caddy Cargo First Edition<\/option><option value=\"Nouveau Caddy First Edition\">Nouveau Caddy First Edition<\/option><option value=\"Autre mod\u00e8le Volkswagen Utilitaires\">Autre mod\u00e8le Volkswagen Utilitaires<\/option><\/select><\/span><\/p>\n<p><label> Choix de la concession* <\/label><br \/>\n<span class=\"wpcf7-form-control-wrap\" data-name=\"concession\"><select class=\"wpcf7-form-control wpcf7-select wpcf7-validates-as-required\" aria-required=\"true\" aria-invalid=\"false\" name=\"concession\"><option value=\"VOLKSWAGEN BYmyCAR Roanne\">VOLKSWAGEN BYmyCAR Roanne<\/option><option value=\"VOLKSWAGEN Utilitaires BYmyCAR Bourgoin\">VOLKSWAGEN Utilitaires BYmyCAR Bourgoin<\/option><option value=\"VOLKSWAGEN Utilitaires BYmyCAR Lyon Est\">VOLKSWAGEN Utilitaires BYmyCAR Lyon Est<\/option><option value=\"VOLKSWAGEN Utilitaires BYmyCAR Lyon Sud\">VOLKSWAGEN Utilitaires BYmyCAR Lyon Sud<\/option><option value=\"VOLKSWAGEN Utilitaires BYmyCAR Lyon Vaise\">VOLKSWAGEN Utilitaires BYmyCAR Lyon Vaise<\/option><option value=\"VOLKSWAGEN Utilitaires BYmyCAR Orl\u00e9ans\">VOLKSWAGEN Utilitaires BYmyCAR Orl\u00e9ans<\/option><option value=\"VOLKSWAGEN Utilitaires BYmyCAR Saint-Etienne Nord\">VOLKSWAGEN Utilitaires BYmyCAR Saint-Etienne Nord<\/option><\/select><\/span><\/p>\n<p><label> Votre message <\/label><br \/>\n<span class=\"wpcf7-form-control-wrap\" data-name=\"Commentaireclient\"><textarea cols=\"40\" rows=\"5\" maxlength=\"2000\" class=\"wpcf7-form-control wpcf7-textarea\" aria-invalid=\"false\" name=\"Commentaireclient\"><\/textarea><\/span><\/p>\n<\/div>\n<p><span class=\"wpcf7-form-control-wrap\" data-name=\"optinemail\"><span class=\"wpcf7-form-control wpcf7-checkbox\"><span class=\"wpcf7-list-item first last\"><input type=\"checkbox\" name=\"optinemail[]\" value=\"J&#039;accepte de recevoir la lettre d&#039;information li\u00e9e au Groupe BYmyCAR\" \/><span class=\"wpcf7-list-item-label\">J&#039;accepte de recevoir la lettre d&#039;information li\u00e9e au Groupe BYmyCAR<\/span><\/span><\/span><\/span><\/p>\n<p><span class=\"wpcf7-form-control-wrap\" data-name=\"optinsms\"><span class=\"wpcf7-form-control wpcf7-checkbox\"><span class=\"wpcf7-list-item first last\"><input type=\"checkbox\" name=\"optinsms[]\" value=\"J&#039;accepte de recevoir des informations li\u00e9es au Groupe BYmyCAR par sms\" \/><span class=\"wpcf7-list-item-label\">J&#039;accepte de recevoir des informations li\u00e9es au Groupe BYmyCAR par sms<\/span><\/span><\/span><\/span><\/p>\n<p><span class=\"wpcf7-form-control-wrap\" data-name=\"optinappel\"><span class=\"wpcf7-form-control wpcf7-checkbox\"><span class=\"wpcf7-list-item first last\"><input type=\"checkbox\" name=\"optinappel[]\" value=\"J&#039;accepte de recevoir des informations li\u00e9es au Groupe BYmyCAR par appel\" \/><span class=\"wpcf7-list-item-label\">J&#039;accepte de recevoir des informations li\u00e9es au Groupe BYmyCAR par appel<\/span><\/span><\/span><\/span><\/p>\n<div class=\"w-full flex flex-col items-center gap-y-2 text-center mt-4\"><input class=\"wpcf7-form-control wpcf7-submit has-spinner\" type=\"submit\" value=\"Envoyer\" \/><\/div>\n<\/div>\n<div class=\"wpcf7-response-output\" aria-hidden=\"true\"><\/div>\n<\/form>\n<\/div>\n<p>&nbsp;<\/p>\n<p style=\"text-align: justify;\"><span style=\"font-size: 8pt;\">(1) Offre de Location Longue Dur\u00e9e sur 37 mois et 45 000km, apport de 3 277\u20acHT, suivi de 36 loyers de 179\u20acHT, pour un Transporter Van Business L1H1 2.0 TDI 90ch<\/span><\/p>\n<p style=\"text-align: justify;\"><span style=\"font-size: 8pt;\">(2) Offre de Location Longue Dur\u00e9e sur 37 mois et 40 000km avec apport de 2 735\u20acHT suivi le 36 loyers de 145\u20acHT pour un Caddy 5 Cargo BLN 2.0 TDI 75 ch BVM<\/span><\/p>\n"}}]},"add-carousel-to-footer":true},"yoast_head":"<!-- This site is optimized with the Yoast SEO Premium plugin v26.4 (Yoast SEO v26.4) - https:\/\/yoast.com\/wordpress\/plugins\/seo\/ -->\n<title>D\u00e9couvrez le Nouveau Caddy Volkswagen V\u00e9hicules Utilitaires<\/title>\n<meta name=\"robots\" content=\"noindex, nofollow\" \/>\n<meta property=\"og:locale\" content=\"fr_FR\" \/>\n<meta property=\"og:type\" content=\"article\" \/>\n<meta property=\"og:title\" content=\"D\u00e9couvrez le Nouveau Caddy Volkswagen V\u00e9hicules Utilitaires\" \/>\n<meta property=\"og:url\" content=\"https:\/\/www.bymycar.fr\/webzine\/les-offres-volkswagen-vehicules-utilitaires-du-moment\/\" \/>\n<meta property=\"og:site_name\" content=\"Webzine auto BYmyCAR\" \/>\n<meta property=\"article:published_time\" content=\"2021-04-07T14:56:00+00:00\" \/>\n<meta property=\"article:modified_time\" content=\"2021-07-26T16:24:00+00:00\" \/>\n<meta property=\"og:image\" content=\"https:\/\/cdn.bymycar.eu\/fr-webzine\/wp-content\/uploads\/medias\/cdc0797-vw-caddy-interior-mood-gallery-1.jpg\" \/>\n\t<meta property=\"og:image:width\" content=\"2560\" \/>\n\t<meta property=\"og:image:height\" content=\"1280\" \/>\n\t<meta property=\"og:image:type\" content=\"image\/jpeg\" \/>\n<meta name=\"author\" content=\"Gregoire LE BIHAN\" \/>\n<meta name=\"twitter:card\" content=\"summary_large_image\" \/>\n<meta name=\"twitter:label1\" content=\"\u00c9crit par\" \/>\n\t<meta name=\"twitter:data1\" content=\"Gregoire LE BIHAN\" \/>\n<script type=\"application\/ld+json\" class=\"yoast-schema-graph\">{\"@context\":\"https:\/\/schema.org\",\"@graph\":[{\"@type\":\"Article\",\"@id\":\"https:\/\/www.bymycar.fr\/webzine\/les-offres-volkswagen-vehicules-utilitaires-du-moment\/#article\",\"isPartOf\":{\"@id\":\"https:\/\/www.bymycar.fr\/webzine\/les-offres-volkswagen-vehicules-utilitaires-du-moment\/\"},\"author\":{\"name\":\"Gregoire LE BIHAN\",\"@id\":\"https:\/\/www.bymycar.fr\/webzine\/#\/schema\/person\/8c56906440ec126868bd40232b3445f0\"},\"headline\":\"D\u00e9couvrez le Nouveau Caddy Volkswagen V\u00e9hicules Utilitaires\",\"datePublished\":\"2021-04-07T14:56:00+00:00\",\"dateModified\":\"2021-07-26T16:24:00+00:00\",\"mainEntityOfPage\":{\"@id\":\"https:\/\/www.bymycar.fr\/webzine\/les-offres-volkswagen-vehicules-utilitaires-du-moment\/\"},\"wordCount\":9,\"publisher\":{\"@id\":\"https:\/\/www.bymycar.fr\/webzine\/#organization\"},\"image\":{\"@id\":\"https:\/\/www.bymycar.fr\/webzine\/les-offres-volkswagen-vehicules-utilitaires-du-moment\/#primaryimage\"},\"thumbnailUrl\":\"https:\/\/cdn.bymycar.eu\/fr-webzine\/wp-content\/uploads\/medias\/cdc0797-vw-caddy-interior-mood-gallery-1.jpg\",\"articleSection\":[\"Actualit\u00e9s des concessions\",\"Offres et bons plans\",\"Volkswagen\"],\"inLanguage\":\"fr-FR\"},{\"@type\":\"WebPage\",\"@id\":\"https:\/\/www.bymycar.fr\/webzine\/les-offres-volkswagen-vehicules-utilitaires-du-moment\/\",\"url\":\"https:\/\/www.bymycar.fr\/webzine\/les-offres-volkswagen-vehicules-utilitaires-du-moment\/\",\"name\":\"D\u00e9couvrez le Nouveau Caddy Volkswagen V\u00e9hicules Utilitaires\",\"isPartOf\":{\"@id\":\"https:\/\/www.bymycar.fr\/webzine\/#website\"},\"primaryImageOfPage\":{\"@id\":\"https:\/\/www.bymycar.fr\/webzine\/les-offres-volkswagen-vehicules-utilitaires-du-moment\/#primaryimage\"},\"image\":{\"@id\":\"https:\/\/www.bymycar.fr\/webzine\/les-offres-volkswagen-vehicules-utilitaires-du-moment\/#primaryimage\"},\"thumbnailUrl\":\"https:\/\/cdn.bymycar.eu\/fr-webzine\/wp-content\/uploads\/medias\/cdc0797-vw-caddy-interior-mood-gallery-1.jpg\",\"datePublished\":\"2021-04-07T14:56:00+00:00\",\"dateModified\":\"2021-07-26T16:24:00+00:00\",\"breadcrumb\":{\"@id\":\"https:\/\/www.bymycar.fr\/webzine\/les-offres-volkswagen-vehicules-utilitaires-du-moment\/#breadcrumb\"},\"inLanguage\":\"fr-FR\",\"potentialAction\":[{\"@type\":\"ReadAction\",\"target\":[\"https:\/\/www.bymycar.fr\/webzine\/les-offres-volkswagen-vehicules-utilitaires-du-moment\/\"]}]},{\"@type\":\"ImageObject\",\"inLanguage\":\"fr-FR\",\"@id\":\"https:\/\/www.bymycar.fr\/webzine\/les-offres-volkswagen-vehicules-utilitaires-du-moment\/#primaryimage\",\"url\":\"https:\/\/cdn.bymycar.eu\/fr-webzine\/wp-content\/uploads\/medias\/cdc0797-vw-caddy-interior-mood-gallery-1.jpg\",\"contentUrl\":\"https:\/\/cdn.bymycar.eu\/fr-webzine\/wp-content\/uploads\/medias\/cdc0797-vw-caddy-interior-mood-gallery-1.jpg\",\"width\":2560,\"height\":1280},{\"@type\":\"BreadcrumbList\",\"@id\":\"https:\/\/www.bymycar.fr\/webzine\/les-offres-volkswagen-vehicules-utilitaires-du-moment\/#breadcrumb\",\"itemListElement\":[{\"@type\":\"ListItem\",\"position\":1,\"name\":\"Accueil\",\"item\":\"https:\/\/www.bymycar.fr\/webzine\/\"},{\"@type\":\"ListItem\",\"position\":2,\"name\":\"D\u00e9couvrez le Nouveau Caddy Volkswagen V\u00e9hicules Utilitaires\"}]},{\"@type\":\"WebSite\",\"@id\":\"https:\/\/www.bymycar.fr\/webzine\/#website\",\"url\":\"https:\/\/www.bymycar.fr\/webzine\/\",\"name\":\"Webzine auto BYmyCAR\",\"description\":\"La magazine auto de BYmyCAR\",\"publisher\":{\"@id\":\"https:\/\/www.bymycar.fr\/webzine\/#organization\"},\"potentialAction\":[{\"@type\":\"SearchAction\",\"target\":{\"@type\":\"EntryPoint\",\"urlTemplate\":\"https:\/\/www.bymycar.fr\/webzine\/?s={search_term_string}\"},\"query-input\":{\"@type\":\"PropertyValueSpecification\",\"valueRequired\":true,\"valueName\":\"search_term_string\"}}],\"inLanguage\":\"fr-FR\"},{\"@type\":\"Organization\",\"@id\":\"https:\/\/www.bymycar.fr\/webzine\/#organization\",\"name\":\"BYmyCAR\",\"url\":\"https:\/\/www.bymycar.fr\/webzine\/\",\"logo\":{\"@type\":\"ImageObject\",\"inLanguage\":\"fr-FR\",\"@id\":\"https:\/\/www.bymycar.fr\/webzine\/#\/schema\/logo\/image\/\",\"url\":\"https:\/\/cdn.bymycar.eu\/fr-webzine\/wp-content\/uploads\/medias\/2017\/08\/logo_DEALER_00000406_001.png\",\"contentUrl\":\"https:\/\/cdn.bymycar.eu\/fr-webzine\/wp-content\/uploads\/medias\/2017\/08\/logo_DEALER_00000406_001.png\",\"width\":2132,\"height\":720,\"caption\":\"BYmyCAR\"},\"image\":{\"@id\":\"https:\/\/www.bymycar.fr\/webzine\/#\/schema\/logo\/image\/\"}},{\"@type\":\"Person\",\"@id\":\"https:\/\/www.bymycar.fr\/webzine\/#\/schema\/person\/8c56906440ec126868bd40232b3445f0\",\"name\":\"Gregoire LE BIHAN\",\"image\":{\"@type\":\"ImageObject\",\"inLanguage\":\"fr-FR\",\"@id\":\"https:\/\/www.bymycar.fr\/webzine\/#\/schema\/person\/image\/\",\"url\":\"https:\/\/secure.gravatar.com\/avatar\/1356d71f3c6eed50de358ba425c9944b742a0d35f88e0d5f8afe88fdac525492?s=96&d=mm&r=g\",\"contentUrl\":\"https:\/\/secure.gravatar.com\/avatar\/1356d71f3c6eed50de358ba425c9944b742a0d35f88e0d5f8afe88fdac525492?s=96&d=mm&r=g\",\"caption\":\"Gregoire LE BIHAN\"}}]}<\/script>\n<!-- \/ Yoast SEO Premium plugin. -->","yoast_head_json":{"title":"D\u00e9couvrez le Nouveau Caddy Volkswagen V\u00e9hicules Utilitaires","robots":{"index":"noindex","follow":"nofollow"},"og_locale":"fr_FR","og_type":"article","og_title":"D\u00e9couvrez le Nouveau Caddy Volkswagen V\u00e9hicules Utilitaires","og_url":"https:\/\/www.bymycar.fr\/webzine\/les-offres-volkswagen-vehicules-utilitaires-du-moment\/","og_site_name":"Webzine auto BYmyCAR","article_published_time":"2021-04-07T14:56:00+00:00","article_modified_time":"2021-07-26T16:24:00+00:00","og_image":[{"width":2560,"height":1280,"url":"https:\/\/cdn.bymycar.eu\/fr-webzine\/wp-content\/uploads\/medias\/cdc0797-vw-caddy-interior-mood-gallery-1.jpg","type":"image\/jpeg"}],"author":"Gregoire LE BIHAN","twitter_card":"summary_large_image","twitter_misc":{"\u00c9crit par":"Gregoire LE BIHAN"},"schema":{"@context":"https:\/\/schema.org","@graph":[{"@type":"Article","@id":"https:\/\/www.bymycar.fr\/webzine\/les-offres-volkswagen-vehicules-utilitaires-du-moment\/#article","isPartOf":{"@id":"https:\/\/www.bymycar.fr\/webzine\/les-offres-volkswagen-vehicules-utilitaires-du-moment\/"},"author":{"name":"Gregoire LE BIHAN","@id":"https:\/\/www.bymycar.fr\/webzine\/#\/schema\/person\/8c56906440ec126868bd40232b3445f0"},"headline":"D\u00e9couvrez le Nouveau Caddy Volkswagen V\u00e9hicules Utilitaires","datePublished":"2021-04-07T14:56:00+00:00","dateModified":"2021-07-26T16:24:00+00:00","mainEntityOfPage":{"@id":"https:\/\/www.bymycar.fr\/webzine\/les-offres-volkswagen-vehicules-utilitaires-du-moment\/"},"wordCount":9,"publisher":{"@id":"https:\/\/www.bymycar.fr\/webzine\/#organization"},"image":{"@id":"https:\/\/www.bymycar.fr\/webzine\/les-offres-volkswagen-vehicules-utilitaires-du-moment\/#primaryimage"},"thumbnailUrl":"https:\/\/cdn.bymycar.eu\/fr-webzine\/wp-content\/uploads\/medias\/cdc0797-vw-caddy-interior-mood-gallery-1.jpg","articleSection":["Actualit\u00e9s des concessions","Offres et bons plans","Volkswagen"],"inLanguage":"fr-FR"},{"@type":"WebPage","@id":"https:\/\/www.bymycar.fr\/webzine\/les-offres-volkswagen-vehicules-utilitaires-du-moment\/","url":"https:\/\/www.bymycar.fr\/webzine\/les-offres-volkswagen-vehicules-utilitaires-du-moment\/","name":"D\u00e9couvrez le Nouveau Caddy Volkswagen V\u00e9hicules Utilitaires","isPartOf":{"@id":"https:\/\/www.bymycar.fr\/webzine\/#website"},"primaryImageOfPage":{"@id":"https:\/\/www.bymycar.fr\/webzine\/les-offres-volkswagen-vehicules-utilitaires-du-moment\/#primaryimage"},"image":{"@id":"https:\/\/www.bymycar.fr\/webzine\/les-offres-volkswagen-vehicules-utilitaires-du-moment\/#primaryimage"},"thumbnailUrl":"https:\/\/cdn.bymycar.eu\/fr-webzine\/wp-content\/uploads\/medias\/cdc0797-vw-caddy-interior-mood-gallery-1.jpg","datePublished":"2021-04-07T14:56:00+00:00","dateModified":"2021-07-26T16:24:00+00:00","breadcrumb":{"@id":"https:\/\/www.bymycar.fr\/webzine\/les-offres-volkswagen-vehicules-utilitaires-du-moment\/#breadcrumb"},"inLanguage":"fr-FR","potentialAction":[{"@type":"ReadAction","target":["https:\/\/www.bymycar.fr\/webzine\/les-offres-volkswagen-vehicules-utilitaires-du-moment\/"]}]},{"@type":"ImageObject","inLanguage":"fr-FR","@id":"https:\/\/www.bymycar.fr\/webzine\/les-offres-volkswagen-vehicules-utilitaires-du-moment\/#primaryimage","url":"https:\/\/cdn.bymycar.eu\/fr-webzine\/wp-content\/uploads\/medias\/cdc0797-vw-caddy-interior-mood-gallery-1.jpg","contentUrl":"https:\/\/cdn.bymycar.eu\/fr-webzine\/wp-content\/uploads\/medias\/cdc0797-vw-caddy-interior-mood-gallery-1.jpg","width":2560,"height":1280},{"@type":"BreadcrumbList","@id":"https:\/\/www.bymycar.fr\/webzine\/les-offres-volkswagen-vehicules-utilitaires-du-moment\/#breadcrumb","itemListElement":[{"@type":"ListItem","position":1,"name":"Accueil","item":"https:\/\/www.bymycar.fr\/webzine\/"},{"@type":"ListItem","position":2,"name":"D\u00e9couvrez le Nouveau Caddy Volkswagen V\u00e9hicules Utilitaires"}]},{"@type":"WebSite","@id":"https:\/\/www.bymycar.fr\/webzine\/#website","url":"https:\/\/www.bymycar.fr\/webzine\/","name":"Webzine auto BYmyCAR","description":"La magazine auto de BYmyCAR","publisher":{"@id":"https:\/\/www.bymycar.fr\/webzine\/#organization"},"potentialAction":[{"@type":"SearchAction","target":{"@type":"EntryPoint","urlTemplate":"https:\/\/www.bymycar.fr\/webzine\/?s={search_term_string}"},"query-input":{"@type":"PropertyValueSpecification","valueRequired":true,"valueName":"search_term_string"}}],"inLanguage":"fr-FR"},{"@type":"Organization","@id":"https:\/\/www.bymycar.fr\/webzine\/#organization","name":"BYmyCAR","url":"https:\/\/www.bymycar.fr\/webzine\/","logo":{"@type":"ImageObject","inLanguage":"fr-FR","@id":"https:\/\/www.bymycar.fr\/webzine\/#\/schema\/logo\/image\/","url":"https:\/\/cdn.bymycar.eu\/fr-webzine\/wp-content\/uploads\/medias\/2017\/08\/logo_DEALER_00000406_001.png","contentUrl":"https:\/\/cdn.bymycar.eu\/fr-webzine\/wp-content\/uploads\/medias\/2017\/08\/logo_DEALER_00000406_001.png","width":2132,"height":720,"caption":"BYmyCAR"},"image":{"@id":"https:\/\/www.bymycar.fr\/webzine\/#\/schema\/logo\/image\/"}},{"@type":"Person","@id":"https:\/\/www.bymycar.fr\/webzine\/#\/schema\/person\/8c56906440ec126868bd40232b3445f0","name":"Gregoire LE BIHAN","image":{"@type":"ImageObject","inLanguage":"fr-FR","@id":"https:\/\/www.bymycar.fr\/webzine\/#\/schema\/person\/image\/","url":"https:\/\/secure.gravatar.com\/avatar\/1356d71f3c6eed50de358ba425c9944b742a0d35f88e0d5f8afe88fdac525492?s=96&d=mm&r=g","contentUrl":"https:\/\/secure.gravatar.com\/avatar\/1356d71f3c6eed50de358ba425c9944b742a0d35f88e0d5f8afe88fdac525492?s=96&d=mm&r=g","caption":"Gregoire LE BIHAN"}}]}},"_links":{"self":[{"href":"https:\/\/www.bymycar.fr\/webzine\/wp-json\/wp\/v2\/posts\/14642","targetHints":{"allow":["GET"]}}],"collection":[{"href":"https:\/\/www.bymycar.fr\/webzine\/wp-json\/wp\/v2\/posts"}],"about":[{"href":"https:\/\/www.bymycar.fr\/webzine\/wp-json\/wp\/v2\/types\/post"}],"author":[{"embeddable":true,"href":"https:\/\/www.bymycar.fr\/webzine\/wp-json\/wp\/v2\/users\/9"}],"replies":[{"embeddable":true,"href":"https:\/\/www.bymycar.fr\/webzine\/wp-json\/wp\/v2\/comments?post=14642"}],"version-history":[{"count":8,"href":"https:\/\/www.bymycar.fr\/webzine\/wp-json\/wp\/v2\/posts\/14642\/revisions"}],"predecessor-version":[{"id":17641,"href":"https:\/\/www.bymycar.fr\/webzine\/wp-json\/wp\/v2\/posts\/14642\/revisions\/17641"}],"wp:featuredmedia":[{"embeddable":true,"href":"https:\/\/www.bymycar.fr\/webzine\/wp-json\/wp\/v2\/media\/14645"}],"wp:attachment":[{"href":"https:\/\/www.bymycar.fr\/webzine\/wp-json\/wp\/v2\/media?parent=14642"}],"wp:term":[{"taxonomy":"category","embeddable":true,"href":"https:\/\/www.bymycar.fr\/webzine\/wp-json\/wp\/v2\/categories?post=14642"},{"taxonomy":"post_tag","embeddable":true,"href":"https:\/\/www.bymycar.fr\/webzine\/wp-json\/wp\/v2\/tags?post=14642"}],"curies":[{"name":"wp","href":"https:\/\/api.w.org\/{rel}","templated":true}]}}