{"id":14457,"date":"2021-01-11T15:22:23","date_gmt":"2021-01-11T14:22:23","guid":{"rendered":"https:\/\/prod.bymycar.fr\/webzine\/?p=14457"},"modified":"2023-01-16T16:40:19","modified_gmt":"2023-01-16T15:40:19","slug":"journee-portes-ouvertes-nissan-bymycar-du-15-au-17-janvier","status":"publish","type":"post","link":"https:\/\/www.bymycar.fr\/webzine\/journee-portes-ouvertes-nissan-bymycar-du-15-au-17-janvier\/","title":{"rendered":"Journ\u00e9e Portes Ouvertes Nissan BYmyCAR du 15 au 17 janvier 2021"},"content":{"rendered":"","protected":false},"excerpt":{"rendered":"","protected":false},"author":9,"featured_media":14459,"comment_status":"closed","ping_status":"open","sticky":false,"template":"","format":"standard","meta":{"_acf_changed":false,"footnotes":""},"categories":[4093,4],"tags":[],"class_list":["post-14457","post","type-post","status-publish","format-standard","has-post-thumbnail","hentry","category-nissan-actualites","category-offres-et-bons-plans"],"acf":{"template":"classique","introduction":"<p style=\"text-align: justify;\">Toute les \u00e9quipes Nissan BYmyCAR vous souhaitent une belle et heureuse ann\u00e9e 2021\u00a0! Pour bien la commencer nous vous invitons aux <a href=\"https:\/\/www.bymycar.fr\/webzine\/les-journees-portes-ouvertes-avec-la-nissan\/\">Journ\u00e9es Portes Ouvertes Nissan<\/a>, les 15, 16 et 17 janvier dans vos concessions de Rillieux-La-Pape et Lyon Vaise.<\/p>\n<p style=\"text-align: justify;\"><strong>Les offres du moment\u00a0:<\/strong><\/p>\n","strates":[{"type_strate":"50-50-image-texte-full","ancre":"Le mois sans conditions","contenu":"","titre":"","image":false,"image_libre":false,"image_800x500":{"ID":14461,"id":14461,"title":"NMSH116-1_MOIS_SANS_CONDITION_4CARS_A5_MAS-01","filename":"NMSH116-1_MOIS_SANS_CONDITION_4CARS_A5_MAS-01.jpg","filesize":1,"url":"https:\/\/cdn.bymycar.eu\/fr-webzine\/wp-content\/uploads\/medias\/NMSH116-1_MOIS_SANS_CONDITION_4CARS_A5_MAS-01.jpg","link":"https:\/\/www.bymycar.fr\/webzine\/journee-portes-ouvertes-nissan-bymycar-du-15-au-17-janvier\/nmsh116-1_mois_sans_condition_4cars_a5_mas-01\/","alt":"Journ\u00e9es Portes Ouvertes Nissan BYmyCAR 2021","author":"9","description":"","caption":"","name":"nmsh116-1_mois_sans_condition_4cars_a5_mas-01","status":"inherit","uploaded_to":14457,"date":"2021-01-11 14:01:04","modified":"2021-01-11 14:01:51","menu_order":0,"mime_type":"image\/jpeg","type":"image","subtype":"jpeg","icon":"https:\/\/www.bymycar.fr\/webzine\/wp-includes\/images\/media\/default.png","width":1362,"height":999,"sizes":{"thumbnail":"https:\/\/cdn.bymycar.eu\/fr-webzine\/wp-content\/uploads\/medias\/NMSH116-1_MOIS_SANS_CONDITION_4CARS_A5_MAS-01-150x150.jpg","thumbnail-width":150,"thumbnail-height":150,"medium":"https:\/\/cdn.bymycar.eu\/fr-webzine\/wp-content\/uploads\/medias\/NMSH116-1_MOIS_SANS_CONDITION_4CARS_A5_MAS-01-300x220.jpg","medium-width":300,"medium-height":220,"medium_large":"https:\/\/cdn.bymycar.eu\/fr-webzine\/wp-content\/uploads\/medias\/NMSH116-1_MOIS_SANS_CONDITION_4CARS_A5_MAS-01-768x563.jpg","medium_large-width":768,"medium_large-height":563,"large":"https:\/\/cdn.bymycar.eu\/fr-webzine\/wp-content\/uploads\/medias\/NMSH116-1_MOIS_SANS_CONDITION_4CARS_A5_MAS-01-1024x751.jpg","large-width":1024,"large-height":751,"1536x1536":"https:\/\/cdn.bymycar.eu\/fr-webzine\/wp-content\/uploads\/medias\/NMSH116-1_MOIS_SANS_CONDITION_4CARS_A5_MAS-01.jpg","1536x1536-width":1362,"1536x1536-height":999,"2048x2048":"https:\/\/cdn.bymycar.eu\/fr-webzine\/wp-content\/uploads\/medias\/NMSH116-1_MOIS_SANS_CONDITION_4CARS_A5_MAS-01.jpg","2048x2048-width":1362,"2048x2048-height":999}},"legende":"","zoom":false,"texte":"<p style=\"text-align: justify;\"><strong>Le mois sans condition\u00a0:<\/strong><\/p>\n<p style=\"text-align: justify;\">Cette offre vous permet de b\u00e9n\u00e9ficier d&rsquo;un contrat sans apport, sans condition, un entretien de 3 ans inclus et 3 mois de loyer offert\u00a0! N&rsquo;attendez plus et prenez rendez-vous avec l&rsquo;un de nos conseiller commerciaux\u00a0!<\/p>\n","articles":false,"categorie_droite":false,"images":false,"elements_comparatif":false,"texte_1":"","texte_2":"","image_1":false,"image_1_563x400":false,"image_1_332x332":false,"image_2":false,"image_2_333x240":false,"image_2_563x400":false,"image_3":false,"image_3_333x240":false,"image_3_332x450":false,"image_4":false,"image_4_332x332":false,"image_4_563x400":false,"code_embed":"","legende_video":"","photo":false,"photo_100x100":false,"nom":"","fonction":"","elements_timeline":false,"entetes_colonnes":false,"entetes_lignes":false,"lignes":false,"introduction":"","formulaire":false,"question":"","reponse":"","libelle_bouton_lien":"","url_lien":"","questions":false,"conclusions":false,"pays":false,"region":false,"marque":false,"marqueConcessions":false,"modele":false,"ptvente":false,"typeV":false,"collection":false,"nombre_maximum_elements":10,"lien_fin_carousel":"","texte_lien_fin_carousel":"","trier_par":false},{"type_strate":"50-50-image-texte-full","ancre":"Jours fid\u00e9lit\u00e9","contenu":"","titre":"","image":false,"image_libre":false,"image_800x500":{"ID":14458,"id":14458,"title":"065579_NISSAN JOURS FIDELITE_Brochure_210x148MM_JAN21_PP-BAG-HD-01","filename":"065579_NISSAN-JOURS-FIDELITE_Brochure_210x148MM_JAN21_PP-BAG-HD-01.jpg","filesize":1,"url":"https:\/\/cdn.bymycar.eu\/fr-webzine\/wp-content\/uploads\/medias\/065579_NISSAN-JOURS-FIDELITE_Brochure_210x148MM_JAN21_PP-BAG-HD-01.jpg","link":"https:\/\/www.bymycar.fr\/webzine\/journee-portes-ouvertes-nissan-bymycar-du-15-au-17-janvier\/065579_nissan-jours-fidelite_brochure_210x148mm_jan21_pp-bag-hd-01\/","alt":"Journ\u00e9es Portes Ouvertes Nissan BYmyCAR 2021","author":"9","description":"","caption":"","name":"065579_nissan-jours-fidelite_brochure_210x148mm_jan21_pp-bag-hd-01","status":"inherit","uploaded_to":14457,"date":"2021-01-11 14:00:55","modified":"2021-01-11 14:02:14","menu_order":0,"mime_type":"image\/jpeg","type":"image","subtype":"jpeg","icon":"https:\/\/www.bymycar.fr\/webzine\/wp-includes\/images\/media\/default.png","width":1206,"height":880,"sizes":{"thumbnail":"https:\/\/cdn.bymycar.eu\/fr-webzine\/wp-content\/uploads\/medias\/065579_NISSAN-JOURS-FIDELITE_Brochure_210x148MM_JAN21_PP-BAG-HD-01-150x150.jpg","thumbnail-width":150,"thumbnail-height":150,"medium":"https:\/\/cdn.bymycar.eu\/fr-webzine\/wp-content\/uploads\/medias\/065579_NISSAN-JOURS-FIDELITE_Brochure_210x148MM_JAN21_PP-BAG-HD-01-300x219.jpg","medium-width":300,"medium-height":219,"medium_large":"https:\/\/cdn.bymycar.eu\/fr-webzine\/wp-content\/uploads\/medias\/065579_NISSAN-JOURS-FIDELITE_Brochure_210x148MM_JAN21_PP-BAG-HD-01-768x560.jpg","medium_large-width":768,"medium_large-height":560,"large":"https:\/\/cdn.bymycar.eu\/fr-webzine\/wp-content\/uploads\/medias\/065579_NISSAN-JOURS-FIDELITE_Brochure_210x148MM_JAN21_PP-BAG-HD-01-1024x747.jpg","large-width":1024,"large-height":747,"1536x1536":"https:\/\/cdn.bymycar.eu\/fr-webzine\/wp-content\/uploads\/medias\/065579_NISSAN-JOURS-FIDELITE_Brochure_210x148MM_JAN21_PP-BAG-HD-01.jpg","1536x1536-width":1206,"1536x1536-height":880,"2048x2048":"https:\/\/cdn.bymycar.eu\/fr-webzine\/wp-content\/uploads\/medias\/065579_NISSAN-JOURS-FIDELITE_Brochure_210x148MM_JAN21_PP-BAG-HD-01.jpg","2048x2048-width":1206,"2048x2048-height":880}},"legende":"","zoom":false,"texte":"<p style=\"text-align: justify;\"><strong>Les Jours de fid\u00e9lit\u00e9\u00a0:<\/strong><\/p>\n<p style=\"text-align: justify;\">Pendant les jours de fid\u00e9lit\u00e9 profitez de nos meilleures offres sur toutes la gamme Nissan. Jours pourrez b\u00e9n\u00e9ficier d&rsquo;une remise pouvant aller jusqu&rsquo;\u00e0 1\u00a0500\u20ac, de 3 mois de loyer offert et d&rsquo;une extension de garantie avec une remise de 50%.<\/p>\n","articles":false,"categorie_droite":false,"images":false,"elements_comparatif":false,"texte_1":"","texte_2":"","image_1":false,"image_1_563x400":false,"image_1_332x332":false,"image_2":false,"image_2_333x240":false,"image_2_563x400":false,"image_3":false,"image_3_333x240":false,"image_3_332x450":false,"image_4":false,"image_4_332x332":false,"image_4_563x400":false,"code_embed":"","legende_video":"","photo":false,"photo_100x100":false,"nom":"","fonction":"","elements_timeline":false,"entetes_colonnes":false,"entetes_lignes":false,"lignes":false,"introduction":"","formulaire":false,"question":"","reponse":"","libelle_bouton_lien":"","url_lien":"","questions":false,"conclusions":false,"pays":false,"region":false,"marque":false,"marqueConcessions":false,"modele":false,"ptvente":false,"typeV":false,"collection":false,"nombre_maximum_elements":10,"lien_fin_carousel":"","texte_lien_fin_carousel":"","trier_par":false},{"type_strate":"texte-simple","ancre":"Juke","contenu":"<p style=\"text-align: justify;\"><strong>Les mod\u00e8les phares de ces Journ\u00e9es Portes Ouvertes\u00a0:<\/strong><\/p>\n<p style=\"text-align: justify;\">Le Nissan Juke Enigma\u00a0: B\u00e9n\u00e9ficiez de 1\u00a0500\u20ac de remises, 3 Mois de loyer offerts sans apport, sans condition.<\/p>\n<p style=\"text-align: justify;\">Une signature lumineuse spectaculaire, des lignes affirm\u00e9es, des jantes alliage 19 pouces imposantes et sa silhouette audacieuse, voici ce qui fait la particularit\u00e9 du Nissan JUKE. De plus sa ligne rac\u00e9e et a\u00e9rodynamique optimise votre consommation de carburant et la s\u00e9r\u00e9nit\u00e9 \u00e0 bord du v\u00e9hicule.<\/p>\n<p style=\"text-align: justify;\">Grace \u00e0 son habitacle de qualit\u00e9 sup\u00e9rieur, le design du Nissan JUKE est r\u00e9volutionnaire. L&rsquo;int\u00e9rieur est pens\u00e9 pour vous, avec des commandes ergonomiques et un \u00e9clairage d&rsquo;ambiance con\u00e7u pour vous immerger dans un univers de conduite intuitif. Vous profiterez de toute la technologie Nissan gr\u00e2ce aux multiples fonctions dont disposent le Nissan JUKE.<\/p>\n","titre":"1","image":false,"image_libre":false,"image_800x500":false,"legende":"","zoom":false,"texte":"","articles":false,"categorie_droite":false,"images":false,"elements_comparatif":false,"texte_1":"","texte_2":"","image_1":false,"image_1_563x400":false,"image_1_332x332":false,"image_2":false,"image_2_333x240":false,"image_2_563x400":false,"image_3":false,"image_3_333x240":false,"image_3_332x450":false,"image_4":false,"image_4_332x332":false,"image_4_563x400":false,"code_embed":"","legende_video":"","photo":false,"photo_100x100":false,"nom":"","fonction":"","elements_timeline":false,"entetes_colonnes":false,"entetes_lignes":false,"lignes":false,"introduction":"","formulaire":false,"question":"","reponse":"","libelle_bouton_lien":"","url_lien":"","questions":false,"conclusions":false,"pays":false,"region":false,"marque":false,"marqueConcessions":false,"modele":false,"ptvente":false,"typeV":false,"collection":false,"nombre_maximum_elements":10,"lien_fin_carousel":"","texte_lien_fin_carousel":"","trier_par":false},{"type_strate":"50-50-image-texte-full","ancre":"","contenu":"","titre":"","image":false,"image_libre":false,"image_800x500":{"ID":14460,"id":14460,"title":"NMSH104-1_JUKE_ENIGMA_A5_MAS-01","filename":"NMSH104-1_JUKE_ENIGMA_A5_MAS-01.jpg","filesize":1,"url":"https:\/\/cdn.bymycar.eu\/fr-webzine\/wp-content\/uploads\/medias\/NMSH104-1_JUKE_ENIGMA_A5_MAS-01.jpg","link":"https:\/\/www.bymycar.fr\/webzine\/journee-portes-ouvertes-nissan-bymycar-du-15-au-17-janvier\/nmsh104-1_juke_enigma_a5_mas-01\/","alt":"Journ\u00e9es Portes Ouvertes Nissan BYmyCAR 2021","author":"9","description":"","caption":"","name":"nmsh104-1_juke_enigma_a5_mas-01","status":"inherit","uploaded_to":14457,"date":"2021-01-11 14:01:01","modified":"2021-01-11 14:04:22","menu_order":0,"mime_type":"image\/jpeg","type":"image","subtype":"jpeg","icon":"https:\/\/www.bymycar.fr\/webzine\/wp-includes\/images\/media\/default.png","width":1300,"height":804,"sizes":{"thumbnail":"https:\/\/cdn.bymycar.eu\/fr-webzine\/wp-content\/uploads\/medias\/NMSH104-1_JUKE_ENIGMA_A5_MAS-01-150x150.jpg","thumbnail-width":150,"thumbnail-height":150,"medium":"https:\/\/cdn.bymycar.eu\/fr-webzine\/wp-content\/uploads\/medias\/NMSH104-1_JUKE_ENIGMA_A5_MAS-01-300x186.jpg","medium-width":300,"medium-height":186,"medium_large":"https:\/\/cdn.bymycar.eu\/fr-webzine\/wp-content\/uploads\/medias\/NMSH104-1_JUKE_ENIGMA_A5_MAS-01-768x475.jpg","medium_large-width":768,"medium_large-height":475,"large":"https:\/\/cdn.bymycar.eu\/fr-webzine\/wp-content\/uploads\/medias\/NMSH104-1_JUKE_ENIGMA_A5_MAS-01-1024x633.jpg","large-width":1024,"large-height":633,"1536x1536":"https:\/\/cdn.bymycar.eu\/fr-webzine\/wp-content\/uploads\/medias\/NMSH104-1_JUKE_ENIGMA_A5_MAS-01.jpg","1536x1536-width":1300,"1536x1536-height":804,"2048x2048":"https:\/\/cdn.bymycar.eu\/fr-webzine\/wp-content\/uploads\/medias\/NMSH104-1_JUKE_ENIGMA_A5_MAS-01.jpg","2048x2048-width":1300,"2048x2048-height":804}},"legende":"","zoom":false,"texte":"<p style=\"text-align: justify;\">Le petit plus du Nissan Enigma\u00a0?<\/p>\n<ul>\n<li style=\"text-align: justify;\">Jantes alliage 19\u00a0\u00bb Akari noires et stickers ext\u00e9rieurs Enigma.<\/li>\n<li style=\"text-align: justify;\">2 combinaisons de couleurs\u00a0: Gris Squale\/Toit Noir ou Blanc Lunaire\/Toit Noir.<\/li>\n<li style=\"text-align: justify;\">NissanConnect Services connect\u00e9s via l&rsquo;application smartphone.<\/li>\n<li style=\"text-align: justify;\">Cam\u00e9ra de recul avec radars de stationnement.<\/li>\n<\/ul>\n","articles":false,"categorie_droite":false,"images":false,"elements_comparatif":false,"texte_1":"","texte_2":"","image_1":false,"image_1_563x400":false,"image_1_332x332":false,"image_2":false,"image_2_333x240":false,"image_2_563x400":false,"image_3":false,"image_3_333x240":false,"image_3_332x450":false,"image_4":false,"image_4_332x332":false,"image_4_563x400":false,"code_embed":"","legende_video":"","photo":false,"photo_100x100":false,"nom":"","fonction":"","elements_timeline":false,"entetes_colonnes":false,"entetes_lignes":false,"lignes":false,"introduction":"","formulaire":false,"question":"","reponse":"","libelle_bouton_lien":"","url_lien":"","questions":false,"conclusions":false,"pays":false,"region":false,"marque":false,"marqueConcessions":false,"modele":false,"ptvente":false,"typeV":false,"collection":false,"nombre_maximum_elements":10,"lien_fin_carousel":"","texte_lien_fin_carousel":"","trier_par":false},{"type_strate":"texte-simple","ancre":"Qashqai","contenu":"<h2><strong>Le Nissan Qashqai<\/strong><\/h2>\n<p>Le Nissan QASHQAI sait se faire remarquer avec sa grille de calandre sp\u00e9cifique en V, et ses feux avant et arri\u00e8re en forme de boomerang. Dans l&rsquo;habitacle, les finitions sont compos\u00e9es de mati\u00e8res de qualit\u00e9 aussi agr\u00e9ables.<\/p>\n<p>Le Nissan QASHQAI vous propose de nombreuses innovations technologiques. Par exemple, le Nouveau NissanConnect, avec son \u00e9cran tactile 7 pouces multi-touch et de nouvelles fonctionnalit\u00e9s comme les cartes 3D, les commandes vocales et l&rsquo;int\u00e9gration de votre smartphone avec Apple CarPlay ou Android Auto.<\/p>\n<p><strong>Le petit plus du Nissan Qashqai ?<\/strong><\/p>\n<ul>\n<li>Pack S\u00e9curit\u00e9 avec freinage d&rsquo;urgence intelligent et d\u00e9tection pi\u00e9ton de s\u00e9rie.<\/li>\n<li>Syst\u00e8me d&rsquo;ouverture et de d\u00e9marrage sans cl\u00e9 \u00ab\u00a0intelligent Key.<\/li>\n<li>Syst\u00e8me de navigation NissanConnect 7&prime; avec Apple CarPlay et AndroidAuto.<\/li>\n<li>Aide au stationnement 4 cam\u00e9ras Nissan.<\/li>\n<\/ul>\n","titre":"2","image":false,"image_libre":false,"image_800x500":false,"legende":"","zoom":false,"texte":"","articles":false,"categorie_droite":false,"images":false,"elements_comparatif":false,"texte_1":"","texte_2":"","image_1":false,"image_1_563x400":false,"image_1_332x332":false,"image_2":false,"image_2_333x240":false,"image_2_563x400":false,"image_3":false,"image_3_333x240":false,"image_3_332x450":false,"image_4":false,"image_4_332x332":false,"image_4_563x400":false,"code_embed":"","legende_video":"","photo":false,"photo_100x100":false,"nom":"","fonction":"","elements_timeline":false,"entetes_colonnes":false,"entetes_lignes":false,"lignes":false,"introduction":"","formulaire":false,"question":"","reponse":"","libelle_bouton_lien":"","url_lien":"","questions":false,"conclusions":false,"pays":false,"region":false,"marque":false,"marqueConcessions":false,"modele":false,"ptvente":false,"typeV":false,"collection":false,"nombre_maximum_elements":10,"lien_fin_carousel":"","texte_lien_fin_carousel":"","trier_par":false},{"type_strate":"mosaique-3","ancre":"","contenu":"","titre":"","image":false,"image_libre":false,"image_800x500":false,"legende":"","zoom":false,"texte":"","articles":false,"categorie_droite":false,"images":false,"elements_comparatif":false,"texte_1":"","texte_2":"","image_1":false,"image_1_563x400":false,"image_1_332x332":{"ID":14464,"id":14464,"title":"QQ_1200X627_4 (1)","filename":"QQ_1200X627_4-1.jpg","filesize":1,"url":"https:\/\/cdn.bymycar.eu\/fr-webzine\/wp-content\/uploads\/medias\/QQ_1200X627_4-1.jpg","link":"https:\/\/www.bymycar.fr\/webzine\/journee-portes-ouvertes-nissan-bymycar-du-15-au-17-janvier\/qq_1200x627_4-1\/","alt":"Journ\u00e9es Portes Ouvertes Nissan BYmyCAR 2021","author":"9","description":"","caption":"","name":"qq_1200x627_4-1","status":"inherit","uploaded_to":14457,"date":"2021-01-11 14:01:21","modified":"2021-01-11 14:05:51","menu_order":0,"mime_type":"image\/jpeg","type":"image","subtype":"jpeg","icon":"https:\/\/www.bymycar.fr\/webzine\/wp-includes\/images\/media\/default.png","width":1200,"height":627,"sizes":{"thumbnail":"https:\/\/cdn.bymycar.eu\/fr-webzine\/wp-content\/uploads\/medias\/QQ_1200X627_4-1-150x150.jpg","thumbnail-width":150,"thumbnail-height":150,"medium":"https:\/\/cdn.bymycar.eu\/fr-webzine\/wp-content\/uploads\/medias\/QQ_1200X627_4-1-300x157.jpg","medium-width":300,"medium-height":157,"medium_large":"https:\/\/cdn.bymycar.eu\/fr-webzine\/wp-content\/uploads\/medias\/QQ_1200X627_4-1-768x401.jpg","medium_large-width":768,"medium_large-height":401,"large":"https:\/\/cdn.bymycar.eu\/fr-webzine\/wp-content\/uploads\/medias\/QQ_1200X627_4-1-1024x535.jpg","large-width":1024,"large-height":535,"1536x1536":"https:\/\/cdn.bymycar.eu\/fr-webzine\/wp-content\/uploads\/medias\/QQ_1200X627_4-1.jpg","1536x1536-width":1200,"1536x1536-height":627,"2048x2048":"https:\/\/cdn.bymycar.eu\/fr-webzine\/wp-content\/uploads\/medias\/QQ_1200X627_4-1.jpg","2048x2048-width":1200,"2048x2048-height":627}},"image_2":false,"image_2_333x240":false,"image_2_563x400":{"ID":14462,"id":14462,"title":"QQ N-TEC 1 (1)","filename":"QQ-N-TEC-1-1.png","filesize":1,"url":"https:\/\/cdn.bymycar.eu\/fr-webzine\/wp-content\/uploads\/medias\/QQ-N-TEC-1-1.png","link":"https:\/\/www.bymycar.fr\/webzine\/journee-portes-ouvertes-nissan-bymycar-du-15-au-17-janvier\/qq-n-tec-1-1\/","alt":"Journ\u00e9es Portes Ouvertes Nissan BYmyCAR 2021","author":"9","description":"","caption":"","name":"qq-n-tec-1-1","status":"inherit","uploaded_to":14457,"date":"2021-01-11 14:01:07","modified":"2021-01-11 14:05:56","menu_order":0,"mime_type":"image\/png","type":"image","subtype":"png","icon":"https:\/\/www.bymycar.fr\/webzine\/wp-includes\/images\/media\/default.png","width":1200,"height":627,"sizes":{"thumbnail":"https:\/\/cdn.bymycar.eu\/fr-webzine\/wp-content\/uploads\/medias\/QQ-N-TEC-1-1-150x150.png","thumbnail-width":150,"thumbnail-height":150,"medium":"https:\/\/cdn.bymycar.eu\/fr-webzine\/wp-content\/uploads\/medias\/QQ-N-TEC-1-1-300x157.png","medium-width":300,"medium-height":157,"medium_large":"https:\/\/cdn.bymycar.eu\/fr-webzine\/wp-content\/uploads\/medias\/QQ-N-TEC-1-1-768x401.png","medium_large-width":768,"medium_large-height":401,"large":"https:\/\/cdn.bymycar.eu\/fr-webzine\/wp-content\/uploads\/medias\/QQ-N-TEC-1-1-1024x535.png","large-width":1024,"large-height":535,"1536x1536":"https:\/\/cdn.bymycar.eu\/fr-webzine\/wp-content\/uploads\/medias\/QQ-N-TEC-1-1.png","1536x1536-width":1200,"1536x1536-height":627,"2048x2048":"https:\/\/cdn.bymycar.eu\/fr-webzine\/wp-content\/uploads\/medias\/QQ-N-TEC-1-1.png","2048x2048-width":1200,"2048x2048-height":627}},"image_3":false,"image_3_333x240":false,"image_3_332x450":{"ID":14463,"id":14463,"title":"QQ N-TEC 4 (1)","filename":"QQ-N-TEC-4-1.png","filesize":1,"url":"https:\/\/cdn.bymycar.eu\/fr-webzine\/wp-content\/uploads\/medias\/QQ-N-TEC-4-1.png","link":"https:\/\/www.bymycar.fr\/webzine\/journee-portes-ouvertes-nissan-bymycar-du-15-au-17-janvier\/qq-n-tec-4-1\/","alt":"Journ\u00e9es Portes Ouvertes Nissan BYmyCAR 2021","author":"9","description":"","caption":"","name":"qq-n-tec-4-1","status":"inherit","uploaded_to":14457,"date":"2021-01-11 14:01:14","modified":"2021-01-11 14:06:05","menu_order":0,"mime_type":"image\/png","type":"image","subtype":"png","icon":"https:\/\/www.bymycar.fr\/webzine\/wp-includes\/images\/media\/default.png","width":1200,"height":627,"sizes":{"thumbnail":"https:\/\/cdn.bymycar.eu\/fr-webzine\/wp-content\/uploads\/medias\/QQ-N-TEC-4-1-150x150.png","thumbnail-width":150,"thumbnail-height":150,"medium":"https:\/\/cdn.bymycar.eu\/fr-webzine\/wp-content\/uploads\/medias\/QQ-N-TEC-4-1-300x157.png","medium-width":300,"medium-height":157,"medium_large":"https:\/\/cdn.bymycar.eu\/fr-webzine\/wp-content\/uploads\/medias\/QQ-N-TEC-4-1-768x401.png","medium_large-width":768,"medium_large-height":401,"large":"https:\/\/cdn.bymycar.eu\/fr-webzine\/wp-content\/uploads\/medias\/QQ-N-TEC-4-1-1024x535.png","large-width":1024,"large-height":535,"1536x1536":"https:\/\/cdn.bymycar.eu\/fr-webzine\/wp-content\/uploads\/medias\/QQ-N-TEC-4-1.png","1536x1536-width":1200,"1536x1536-height":627,"2048x2048":"https:\/\/cdn.bymycar.eu\/fr-webzine\/wp-content\/uploads\/medias\/QQ-N-TEC-4-1.png","2048x2048-width":1200,"2048x2048-height":627}},"image_4":false,"image_4_332x332":false,"image_4_563x400":false,"code_embed":"","legende_video":"","photo":false,"photo_100x100":false,"nom":"","fonction":"","elements_timeline":false,"entetes_colonnes":false,"entetes_lignes":false,"lignes":false,"introduction":"","formulaire":false,"question":"","reponse":"","libelle_bouton_lien":"","url_lien":"","questions":false,"conclusions":false,"pays":false,"region":false,"marque":false,"marqueConcessions":false,"modele":false,"ptvente":false,"typeV":false,"collection":false,"nombre_maximum_elements":10,"lien_fin_carousel":"","texte_lien_fin_carousel":"","trier_par":false},{"type_strate":"texte-simple","ancre":"","contenu":"\n<div class=\"wpcf7 no-js\" id=\"wpcf7-f14465-o1\" lang=\"fr-FR\" dir=\"ltr\" data-wpcf7-id=\"14465\">\n<div class=\"screen-reader-response\"><p role=\"status\" aria-live=\"polite\" aria-atomic=\"true\"><\/p> <ul><\/ul><\/div>\n<form action=\"\/webzine\/wp-json\/wp\/v2\/posts\/14457#wpcf7-f14465-o1\" method=\"post\" class=\"wpcf7-form init\" aria-label=\"Formulaire de contact\" novalidate=\"novalidate\" data-status=\"init\">\n<fieldset class=\"hidden-fields-container\"><input type=\"hidden\" name=\"_wpcf7\" value=\"14465\" \/><input type=\"hidden\" name=\"_wpcf7_version\" value=\"6.1.3\" \/><input type=\"hidden\" name=\"_wpcf7_locale\" value=\"fr_FR\" \/><input type=\"hidden\" name=\"_wpcf7_unit_tag\" value=\"wpcf7-f14465-o1\" \/><input type=\"hidden\" name=\"_wpcf7_container_post\" value=\"0\" \/><input type=\"hidden\" name=\"_wpcf7_posted_data_hash\" value=\"\" \/><input type=\"hidden\" name=\"_wpcf7_recaptcha_response\" value=\"\" \/>\n<\/fieldset>\n<div class=\"flex flex-row flex-wrap -mx-4\"><div class=\"w-1\/2 flex flex-col gap-4 align-top px-4\">\n\n<label> Nom* <\/label>\n<span class=\"wpcf7-form-control-wrap\" data-name=\"Nom\"><input size=\"40\" maxlength=\"400\" class=\"wpcf7-form-control wpcf7-text wpcf7-validates-as-required\" aria-required=\"true\" aria-invalid=\"false\" value=\"\" type=\"text\" name=\"Nom\" \/><\/span>\n\n<label> Pr\u00e9nom* <\/label>\n<span class=\"wpcf7-form-control-wrap\" data-name=\"prenom\"><input size=\"40\" maxlength=\"400\" class=\"wpcf7-form-control wpcf7-text wpcf7-validates-as-required\" aria-required=\"true\" aria-invalid=\"false\" value=\"\" type=\"text\" name=\"prenom\" \/><\/span>\n\n<label> Email* <\/label>\n<span class=\"wpcf7-form-control-wrap\" data-name=\"email\"><input size=\"40\" maxlength=\"400\" class=\"wpcf7-form-control wpcf7-email wpcf7-validates-as-required wpcf7-text wpcf7-validates-as-email\" aria-required=\"true\" aria-invalid=\"false\" value=\"\" type=\"email\" name=\"email\" \/><\/span>\n\n<label> T\u00e9l\u00e9phone* <\/label>\n<span class=\"wpcf7-form-control-wrap\" data-name=\"telephone\"><input size=\"40\" maxlength=\"400\" class=\"wpcf7-form-control wpcf7-tel wpcf7-validates-as-required wpcf7-text wpcf7-validates-as-tel\" aria-required=\"true\" aria-invalid=\"false\" value=\"\" type=\"tel\" name=\"telephone\" \/><\/span>\n\n<\/div>\n\n<div class=\"w-1\/2 flex flex-col gap-4 align-top px-4\">\n\n<label> Choix de l'offre* <\/label>\n<span class=\"wpcf7-form-control-wrap\" data-name=\"offre\"><select class=\"wpcf7-form-control wpcf7-select wpcf7-validates-as-required\" aria-required=\"true\" aria-invalid=\"false\" name=\"offre\"><option value=\"Le mois sans conditions\">Le mois sans conditions<\/option><option value=\"Jours fid\u00e9lit\u00e9s\">Jours fid\u00e9lit\u00e9s<\/option><option value=\"Juke Enigma\">Juke Enigma<\/option><option value=\"Qashqai\">Qashqai<\/option><\/select><\/span>\n\n<label> Choix de la concession* <\/label>\n<span class=\"wpcf7-form-control-wrap\" data-name=\"concession\"><select class=\"wpcf7-form-control wpcf7-select wpcf7-validates-as-required\" aria-required=\"true\" aria-invalid=\"false\" name=\"concession\"><option value=\"NISSAN BYmyCAR Lyon Rillieux La Pape\">NISSAN BYmyCAR Lyon Rillieux La Pape<\/option><option value=\"NISSAN BYmyCAR Lyon Vaise\">NISSAN BYmyCAR Lyon Vaise<\/option><\/select><\/span>\n\n<label> Votre message <\/label>\n<span class=\"wpcf7-form-control-wrap\" data-name=\"Commentaireclient\"><textarea cols=\"40\" rows=\"5\" maxlength=\"2000\" class=\"wpcf7-form-control wpcf7-textarea\" aria-invalid=\"false\" name=\"Commentaireclient\"><\/textarea><\/span>\n\n<\/div>\n\n<span class=\"wpcf7-form-control-wrap\" data-name=\"optinemail\"><span class=\"wpcf7-form-control wpcf7-checkbox\"><span class=\"wpcf7-list-item first last\"><input type=\"checkbox\" name=\"optinemail[]\" value=\"J&#039;accepte de recevoir la lettre d&#039;information li\u00e9e au Groupe BYmyCAR\" \/><span class=\"wpcf7-list-item-label\">J&#039;accepte de recevoir la lettre d&#039;information li\u00e9e au Groupe BYmyCAR<\/span><\/span><\/span><\/span>\n\n<span class=\"wpcf7-form-control-wrap\" data-name=\"optinsms\"><span class=\"wpcf7-form-control wpcf7-checkbox\"><span class=\"wpcf7-list-item first last\"><input type=\"checkbox\" name=\"optinsms[]\" value=\"J&#039;accepte de recevoir des informations li\u00e9es au Groupe BYmyCAR par sms\" \/><span class=\"wpcf7-list-item-label\">J&#039;accepte de recevoir des informations li\u00e9es au Groupe BYmyCAR par sms<\/span><\/span><\/span><\/span>\n\n<span class=\"wpcf7-form-control-wrap\" data-name=\"optinappel\"><span class=\"wpcf7-form-control wpcf7-checkbox\"><span class=\"wpcf7-list-item first last\"><input type=\"checkbox\" name=\"optinappel[]\" value=\"J&#039;accepte de recevoir des informations li\u00e9es au Groupe BYmyCAR par appel\" \/><span class=\"wpcf7-list-item-label\">J&#039;accepte de recevoir des informations li\u00e9es au Groupe BYmyCAR par appel<\/span><\/span><\/span><\/span>\n\n<div class=\"w-full flex flex-col items-center gap-y-2 text-center mt-4\"><input class=\"wpcf7-form-control wpcf7-submit has-spinner\" type=\"submit\" value=\"Envoyer\" \/><\/div><\/div><div class=\"wpcf7-response-output\" aria-hidden=\"true\"><\/div>\n<\/form>\n<\/div>\n\n","titre":"4","image":false,"image_libre":false,"image_800x500":false,"legende":"","zoom":false,"texte":"","articles":false,"categorie_droite":false,"images":false,"elements_comparatif":false,"texte_1":"","texte_2":"","image_1":false,"image_1_563x400":false,"image_1_332x332":false,"image_2":false,"image_2_333x240":false,"image_2_563x400":false,"image_3":false,"image_3_333x240":false,"image_3_332x450":false,"image_4":false,"image_4_332x332":false,"image_4_563x400":false,"code_embed":"","legende_video":"","photo":false,"photo_100x100":false,"nom":"","fonction":"","elements_timeline":false,"entetes_colonnes":false,"entetes_lignes":false,"lignes":false,"introduction":"","formulaire":false,"question":"","reponse":"","libelle_bouton_lien":"","url_lien":"","questions":false,"conclusions":false,"pays":false,"region":false,"marque":false,"marqueConcessions":false,"modele":false,"ptvente":false,"typeV":false,"collection":false,"nombre_maximum_elements":10,"lien_fin_carousel":"","texte_lien_fin_carousel":"","trier_par":false}],"is_old_post":false,"image":{"ID":14459,"id":14459,"title":"NMSH016-10_PORTES_OUVERTES_5CARS_A5_MAS_-01","filename":"NMSH016-10_PORTES_OUVERTES_5CARS_A5_MAS_-01.jpg","filesize":1,"url":"https:\/\/cdn.bymycar.eu\/fr-webzine\/wp-content\/uploads\/medias\/NMSH016-10_PORTES_OUVERTES_5CARS_A5_MAS_-01.jpg","link":"https:\/\/www.bymycar.fr\/webzine\/journee-portes-ouvertes-nissan-bymycar-du-15-au-17-janvier\/nmsh016-10_portes_ouvertes_5cars_a5_mas_-01\/","alt":"Journ\u00e9es Portes Ouvertes Nissan BYmyCAR 2021","author":"9","description":"","caption":"","name":"nmsh016-10_portes_ouvertes_5cars_a5_mas_-01","status":"inherit","uploaded_to":14457,"date":"2021-01-11 14:00:58","modified":"2021-01-11 14:01:27","menu_order":0,"mime_type":"image\/jpeg","type":"image","subtype":"jpeg","icon":"https:\/\/www.bymycar.fr\/webzine\/wp-includes\/images\/media\/default.png","width":1300,"height":635,"sizes":{"thumbnail":"https:\/\/cdn.bymycar.eu\/fr-webzine\/wp-content\/uploads\/medias\/NMSH016-10_PORTES_OUVERTES_5CARS_A5_MAS_-01-150x150.jpg","thumbnail-width":150,"thumbnail-height":150,"medium":"https:\/\/cdn.bymycar.eu\/fr-webzine\/wp-content\/uploads\/medias\/NMSH016-10_PORTES_OUVERTES_5CARS_A5_MAS_-01-300x147.jpg","medium-width":300,"medium-height":147,"medium_large":"https:\/\/cdn.bymycar.eu\/fr-webzine\/wp-content\/uploads\/medias\/NMSH016-10_PORTES_OUVERTES_5CARS_A5_MAS_-01-768x375.jpg","medium_large-width":768,"medium_large-height":375,"large":"https:\/\/cdn.bymycar.eu\/fr-webzine\/wp-content\/uploads\/medias\/NMSH016-10_PORTES_OUVERTES_5CARS_A5_MAS_-01-1024x500.jpg","large-width":1024,"large-height":500,"1536x1536":"https:\/\/cdn.bymycar.eu\/fr-webzine\/wp-content\/uploads\/medias\/NMSH016-10_PORTES_OUVERTES_5CARS_A5_MAS_-01.jpg","1536x1536-width":1300,"1536x1536-height":635,"2048x2048":"https:\/\/cdn.bymycar.eu\/fr-webzine\/wp-content\/uploads\/medias\/NMSH016-10_PORTES_OUVERTES_5CARS_A5_MAS_-01.jpg","2048x2048-width":1300,"2048x2048-height":635}},"page_content":{"block_content":[{"acf_fc_layout":"text-image","--nav":{"-withNav":true,"-ancre":"Le mois sans conditions"},"--group":{"-image":{"ID":14461,"id":14461,"title":"NMSH116-1_MOIS_SANS_CONDITION_4CARS_A5_MAS-01","filename":"NMSH116-1_MOIS_SANS_CONDITION_4CARS_A5_MAS-01.jpg","filesize":1,"url":"https:\/\/cdn.bymycar.eu\/fr-webzine\/wp-content\/uploads\/medias\/NMSH116-1_MOIS_SANS_CONDITION_4CARS_A5_MAS-01.jpg","link":"https:\/\/www.bymycar.fr\/webzine\/journee-portes-ouvertes-nissan-bymycar-du-15-au-17-janvier\/nmsh116-1_mois_sans_condition_4cars_a5_mas-01\/","alt":"Journ\u00e9es Portes Ouvertes Nissan BYmyCAR 2021","author":"9","description":"","caption":"","name":"nmsh116-1_mois_sans_condition_4cars_a5_mas-01","status":"inherit","uploaded_to":14457,"date":"2021-01-11 14:01:04","modified":"2021-01-11 14:01:51","menu_order":0,"mime_type":"image\/jpeg","type":"image","subtype":"jpeg","icon":"https:\/\/www.bymycar.fr\/webzine\/wp-includes\/images\/media\/default.png","width":1362,"height":999,"sizes":{"thumbnail":"https:\/\/cdn.bymycar.eu\/fr-webzine\/wp-content\/uploads\/medias\/NMSH116-1_MOIS_SANS_CONDITION_4CARS_A5_MAS-01-150x150.jpg","thumbnail-width":150,"thumbnail-height":150,"medium":"https:\/\/cdn.bymycar.eu\/fr-webzine\/wp-content\/uploads\/medias\/NMSH116-1_MOIS_SANS_CONDITION_4CARS_A5_MAS-01-300x220.jpg","medium-width":300,"medium-height":220,"medium_large":"https:\/\/cdn.bymycar.eu\/fr-webzine\/wp-content\/uploads\/medias\/NMSH116-1_MOIS_SANS_CONDITION_4CARS_A5_MAS-01-768x563.jpg","medium_large-width":768,"medium_large-height":563,"large":"https:\/\/cdn.bymycar.eu\/fr-webzine\/wp-content\/uploads\/medias\/NMSH116-1_MOIS_SANS_CONDITION_4CARS_A5_MAS-01-1024x751.jpg","large-width":1024,"large-height":751,"1536x1536":"https:\/\/cdn.bymycar.eu\/fr-webzine\/wp-content\/uploads\/medias\/NMSH116-1_MOIS_SANS_CONDITION_4CARS_A5_MAS-01.jpg","1536x1536-width":1362,"1536x1536-height":999,"2048x2048":"https:\/\/cdn.bymycar.eu\/fr-webzine\/wp-content\/uploads\/medias\/NMSH116-1_MOIS_SANS_CONDITION_4CARS_A5_MAS-01.jpg","2048x2048-width":1362,"2048x2048-height":999}},"-title":"","-text":"<p style=\"text-align: justify;\"><strong>Le mois sans condition\u00a0:<\/strong><\/p>\n<p style=\"text-align: justify;\">Cette offre vous permet de b\u00e9n\u00e9ficier d&rsquo;un contrat sans apport, sans condition, un entretien de 3 ans inclus et 3 mois de loyer offert\u00a0! N&rsquo;attendez plus et prenez rendez-vous avec l&rsquo;un de nos conseiller commerciaux\u00a0!<\/p>\n"}},{"acf_fc_layout":"text-image","--nav":{"-withNav":true,"-ancre":"Jours fid\u00e9lit\u00e9"},"--group":{"-image":{"ID":14458,"id":14458,"title":"065579_NISSAN JOURS FIDELITE_Brochure_210x148MM_JAN21_PP-BAG-HD-01","filename":"065579_NISSAN-JOURS-FIDELITE_Brochure_210x148MM_JAN21_PP-BAG-HD-01.jpg","filesize":1,"url":"https:\/\/cdn.bymycar.eu\/fr-webzine\/wp-content\/uploads\/medias\/065579_NISSAN-JOURS-FIDELITE_Brochure_210x148MM_JAN21_PP-BAG-HD-01.jpg","link":"https:\/\/www.bymycar.fr\/webzine\/journee-portes-ouvertes-nissan-bymycar-du-15-au-17-janvier\/065579_nissan-jours-fidelite_brochure_210x148mm_jan21_pp-bag-hd-01\/","alt":"Journ\u00e9es Portes Ouvertes Nissan BYmyCAR 2021","author":"9","description":"","caption":"","name":"065579_nissan-jours-fidelite_brochure_210x148mm_jan21_pp-bag-hd-01","status":"inherit","uploaded_to":14457,"date":"2021-01-11 14:00:55","modified":"2021-01-11 14:02:14","menu_order":0,"mime_type":"image\/jpeg","type":"image","subtype":"jpeg","icon":"https:\/\/www.bymycar.fr\/webzine\/wp-includes\/images\/media\/default.png","width":1206,"height":880,"sizes":{"thumbnail":"https:\/\/cdn.bymycar.eu\/fr-webzine\/wp-content\/uploads\/medias\/065579_NISSAN-JOURS-FIDELITE_Brochure_210x148MM_JAN21_PP-BAG-HD-01-150x150.jpg","thumbnail-width":150,"thumbnail-height":150,"medium":"https:\/\/cdn.bymycar.eu\/fr-webzine\/wp-content\/uploads\/medias\/065579_NISSAN-JOURS-FIDELITE_Brochure_210x148MM_JAN21_PP-BAG-HD-01-300x219.jpg","medium-width":300,"medium-height":219,"medium_large":"https:\/\/cdn.bymycar.eu\/fr-webzine\/wp-content\/uploads\/medias\/065579_NISSAN-JOURS-FIDELITE_Brochure_210x148MM_JAN21_PP-BAG-HD-01-768x560.jpg","medium_large-width":768,"medium_large-height":560,"large":"https:\/\/cdn.bymycar.eu\/fr-webzine\/wp-content\/uploads\/medias\/065579_NISSAN-JOURS-FIDELITE_Brochure_210x148MM_JAN21_PP-BAG-HD-01-1024x747.jpg","large-width":1024,"large-height":747,"1536x1536":"https:\/\/cdn.bymycar.eu\/fr-webzine\/wp-content\/uploads\/medias\/065579_NISSAN-JOURS-FIDELITE_Brochure_210x148MM_JAN21_PP-BAG-HD-01.jpg","1536x1536-width":1206,"1536x1536-height":880,"2048x2048":"https:\/\/cdn.bymycar.eu\/fr-webzine\/wp-content\/uploads\/medias\/065579_NISSAN-JOURS-FIDELITE_Brochure_210x148MM_JAN21_PP-BAG-HD-01.jpg","2048x2048-width":1206,"2048x2048-height":880}},"-title":"","-text":"<p style=\"text-align: justify;\"><strong>Les Jours de fid\u00e9lit\u00e9\u00a0:<\/strong><\/p>\n<p style=\"text-align: justify;\">Pendant les jours de fid\u00e9lit\u00e9 profitez de nos meilleures offres sur toutes la gamme Nissan. Jours pourrez b\u00e9n\u00e9ficier d&rsquo;une remise pouvant aller jusqu&rsquo;\u00e0 1\u00a0500\u20ac, de 3 mois de loyer offert et d&rsquo;une extension de garantie avec une remise de 50%.<\/p>\n"}},{"acf_fc_layout":"text-simple","--nav":{"-withNav":true,"-ancre":"Juke"},"--group":{"-text":"<p style=\"text-align: justify;\"><strong>Les mod\u00e8les phares de ces Journ\u00e9es Portes Ouvertes\u00a0:<\/strong><\/p>\n<p style=\"text-align: justify;\">Le Nissan Juke Enigma\u00a0: B\u00e9n\u00e9ficiez de 1\u00a0500\u20ac de remises, 3 Mois de loyer offerts sans apport, sans condition.<\/p>\n<p style=\"text-align: justify;\">Une signature lumineuse spectaculaire, des lignes affirm\u00e9es, des jantes alliage 19 pouces imposantes et sa silhouette audacieuse, voici ce qui fait la particularit\u00e9 du Nissan JUKE. De plus sa ligne rac\u00e9e et a\u00e9rodynamique optimise votre consommation de carburant et la s\u00e9r\u00e9nit\u00e9 \u00e0 bord du v\u00e9hicule.<\/p>\n<p style=\"text-align: justify;\">Grace \u00e0 son habitacle de qualit\u00e9 sup\u00e9rieur, le design du Nissan JUKE est r\u00e9volutionnaire. L&rsquo;int\u00e9rieur est pens\u00e9 pour vous, avec des commandes ergonomiques et un \u00e9clairage d&rsquo;ambiance con\u00e7u pour vous immerger dans un univers de conduite intuitif. Vous profiterez de toute la technologie Nissan gr\u00e2ce aux multiples fonctions dont disposent le Nissan JUKE.<\/p>\n"}},{"acf_fc_layout":"text-image","--nav":{"-withNav":false,"-ancre":""},"--group":{"-image":{"ID":14460,"id":14460,"title":"NMSH104-1_JUKE_ENIGMA_A5_MAS-01","filename":"NMSH104-1_JUKE_ENIGMA_A5_MAS-01.jpg","filesize":1,"url":"https:\/\/cdn.bymycar.eu\/fr-webzine\/wp-content\/uploads\/medias\/NMSH104-1_JUKE_ENIGMA_A5_MAS-01.jpg","link":"https:\/\/www.bymycar.fr\/webzine\/journee-portes-ouvertes-nissan-bymycar-du-15-au-17-janvier\/nmsh104-1_juke_enigma_a5_mas-01\/","alt":"Journ\u00e9es Portes Ouvertes Nissan BYmyCAR 2021","author":"9","description":"","caption":"","name":"nmsh104-1_juke_enigma_a5_mas-01","status":"inherit","uploaded_to":14457,"date":"2021-01-11 14:01:01","modified":"2021-01-11 14:04:22","menu_order":0,"mime_type":"image\/jpeg","type":"image","subtype":"jpeg","icon":"https:\/\/www.bymycar.fr\/webzine\/wp-includes\/images\/media\/default.png","width":1300,"height":804,"sizes":{"thumbnail":"https:\/\/cdn.bymycar.eu\/fr-webzine\/wp-content\/uploads\/medias\/NMSH104-1_JUKE_ENIGMA_A5_MAS-01-150x150.jpg","thumbnail-width":150,"thumbnail-height":150,"medium":"https:\/\/cdn.bymycar.eu\/fr-webzine\/wp-content\/uploads\/medias\/NMSH104-1_JUKE_ENIGMA_A5_MAS-01-300x186.jpg","medium-width":300,"medium-height":186,"medium_large":"https:\/\/cdn.bymycar.eu\/fr-webzine\/wp-content\/uploads\/medias\/NMSH104-1_JUKE_ENIGMA_A5_MAS-01-768x475.jpg","medium_large-width":768,"medium_large-height":475,"large":"https:\/\/cdn.bymycar.eu\/fr-webzine\/wp-content\/uploads\/medias\/NMSH104-1_JUKE_ENIGMA_A5_MAS-01-1024x633.jpg","large-width":1024,"large-height":633,"1536x1536":"https:\/\/cdn.bymycar.eu\/fr-webzine\/wp-content\/uploads\/medias\/NMSH104-1_JUKE_ENIGMA_A5_MAS-01.jpg","1536x1536-width":1300,"1536x1536-height":804,"2048x2048":"https:\/\/cdn.bymycar.eu\/fr-webzine\/wp-content\/uploads\/medias\/NMSH104-1_JUKE_ENIGMA_A5_MAS-01.jpg","2048x2048-width":1300,"2048x2048-height":804}},"-title":"","-text":"<p style=\"text-align: justify;\">Le petit plus du Nissan Enigma\u00a0?<\/p>\n<ul>\n<li style=\"text-align: justify;\">Jantes alliage 19\u00a0\u00bb Akari noires et stickers ext\u00e9rieurs Enigma.<\/li>\n<li style=\"text-align: justify;\">2 combinaisons de couleurs\u00a0: Gris Squale\/Toit Noir ou Blanc Lunaire\/Toit Noir.<\/li>\n<li style=\"text-align: justify;\">NissanConnect Services connect\u00e9s via l&rsquo;application smartphone.<\/li>\n<li style=\"text-align: justify;\">Cam\u00e9ra de recul avec radars de stationnement.<\/li>\n<\/ul>\n"}},{"acf_fc_layout":"text-simple","--nav":{"-withNav":true,"-ancre":"Qashqai"},"--group":{"-text":"<h2><strong>Le Nissan Qashqai<\/strong><\/h2>\n<p>Le Nissan QASHQAI sait se faire remarquer avec sa grille de calandre sp\u00e9cifique en V, et ses feux avant et arri\u00e8re en forme de boomerang. Dans l&rsquo;habitacle, les finitions sont compos\u00e9es de mati\u00e8res de qualit\u00e9 aussi agr\u00e9ables.<\/p>\n<p>Le Nissan QASHQAI vous propose de nombreuses innovations technologiques. Par exemple, le Nouveau NissanConnect, avec son \u00e9cran tactile 7 pouces multi-touch et de nouvelles fonctionnalit\u00e9s comme les cartes 3D, les commandes vocales et l&rsquo;int\u00e9gration de votre smartphone avec Apple CarPlay ou Android Auto.<\/p>\n<p><strong>Le petit plus du Nissan Qashqai ?<\/strong><\/p>\n<ul>\n<li>Pack S\u00e9curit\u00e9 avec freinage d&rsquo;urgence intelligent et d\u00e9tection pi\u00e9ton de s\u00e9rie.<\/li>\n<li>Syst\u00e8me d&rsquo;ouverture et de d\u00e9marrage sans cl\u00e9 \u00ab\u00a0intelligent Key.<\/li>\n<li>Syst\u00e8me de navigation NissanConnect 7&prime; avec Apple CarPlay et AndroidAuto.<\/li>\n<li>Aide au stationnement 4 cam\u00e9ras Nissan.<\/li>\n<\/ul>\n"}},{"acf_fc_layout":"images-mosaique-x3","--nav":{"-withNav":false,"-ancre":""},"--group":{"-title":"","-images":[{"ID":14464,"id":14464,"title":"QQ_1200X627_4 (1)","filename":"QQ_1200X627_4-1.jpg","filesize":1,"url":"https:\/\/cdn.bymycar.eu\/fr-webzine\/wp-content\/uploads\/medias\/QQ_1200X627_4-1.jpg","link":"https:\/\/www.bymycar.fr\/webzine\/journee-portes-ouvertes-nissan-bymycar-du-15-au-17-janvier\/qq_1200x627_4-1\/","alt":"Journ\u00e9es Portes Ouvertes Nissan BYmyCAR 2021","author":"9","description":"","caption":"","name":"qq_1200x627_4-1","status":"inherit","uploaded_to":14457,"date":"2021-01-11 14:01:21","modified":"2021-01-11 14:05:51","menu_order":0,"mime_type":"image\/jpeg","type":"image","subtype":"jpeg","icon":"https:\/\/www.bymycar.fr\/webzine\/wp-includes\/images\/media\/default.png","width":1200,"height":627,"sizes":{"thumbnail":"https:\/\/cdn.bymycar.eu\/fr-webzine\/wp-content\/uploads\/medias\/QQ_1200X627_4-1-150x150.jpg","thumbnail-width":150,"thumbnail-height":150,"medium":"https:\/\/cdn.bymycar.eu\/fr-webzine\/wp-content\/uploads\/medias\/QQ_1200X627_4-1-300x157.jpg","medium-width":300,"medium-height":157,"medium_large":"https:\/\/cdn.bymycar.eu\/fr-webzine\/wp-content\/uploads\/medias\/QQ_1200X627_4-1-768x401.jpg","medium_large-width":768,"medium_large-height":401,"large":"https:\/\/cdn.bymycar.eu\/fr-webzine\/wp-content\/uploads\/medias\/QQ_1200X627_4-1-1024x535.jpg","large-width":1024,"large-height":535,"1536x1536":"https:\/\/cdn.bymycar.eu\/fr-webzine\/wp-content\/uploads\/medias\/QQ_1200X627_4-1.jpg","1536x1536-width":1200,"1536x1536-height":627,"2048x2048":"https:\/\/cdn.bymycar.eu\/fr-webzine\/wp-content\/uploads\/medias\/QQ_1200X627_4-1.jpg","2048x2048-width":1200,"2048x2048-height":627}},{"ID":14462,"id":14462,"title":"QQ N-TEC 1 (1)","filename":"QQ-N-TEC-1-1.png","filesize":1,"url":"https:\/\/cdn.bymycar.eu\/fr-webzine\/wp-content\/uploads\/medias\/QQ-N-TEC-1-1.png","link":"https:\/\/www.bymycar.fr\/webzine\/journee-portes-ouvertes-nissan-bymycar-du-15-au-17-janvier\/qq-n-tec-1-1\/","alt":"Journ\u00e9es Portes Ouvertes Nissan BYmyCAR 2021","author":"9","description":"","caption":"","name":"qq-n-tec-1-1","status":"inherit","uploaded_to":14457,"date":"2021-01-11 14:01:07","modified":"2021-01-11 14:05:56","menu_order":0,"mime_type":"image\/png","type":"image","subtype":"png","icon":"https:\/\/www.bymycar.fr\/webzine\/wp-includes\/images\/media\/default.png","width":1200,"height":627,"sizes":{"thumbnail":"https:\/\/cdn.bymycar.eu\/fr-webzine\/wp-content\/uploads\/medias\/QQ-N-TEC-1-1-150x150.png","thumbnail-width":150,"thumbnail-height":150,"medium":"https:\/\/cdn.bymycar.eu\/fr-webzine\/wp-content\/uploads\/medias\/QQ-N-TEC-1-1-300x157.png","medium-width":300,"medium-height":157,"medium_large":"https:\/\/cdn.bymycar.eu\/fr-webzine\/wp-content\/uploads\/medias\/QQ-N-TEC-1-1-768x401.png","medium_large-width":768,"medium_large-height":401,"large":"https:\/\/cdn.bymycar.eu\/fr-webzine\/wp-content\/uploads\/medias\/QQ-N-TEC-1-1-1024x535.png","large-width":1024,"large-height":535,"1536x1536":"https:\/\/cdn.bymycar.eu\/fr-webzine\/wp-content\/uploads\/medias\/QQ-N-TEC-1-1.png","1536x1536-width":1200,"1536x1536-height":627,"2048x2048":"https:\/\/cdn.bymycar.eu\/fr-webzine\/wp-content\/uploads\/medias\/QQ-N-TEC-1-1.png","2048x2048-width":1200,"2048x2048-height":627}},{"ID":14463,"id":14463,"title":"QQ N-TEC 4 (1)","filename":"QQ-N-TEC-4-1.png","filesize":1,"url":"https:\/\/cdn.bymycar.eu\/fr-webzine\/wp-content\/uploads\/medias\/QQ-N-TEC-4-1.png","link":"https:\/\/www.bymycar.fr\/webzine\/journee-portes-ouvertes-nissan-bymycar-du-15-au-17-janvier\/qq-n-tec-4-1\/","alt":"Journ\u00e9es Portes Ouvertes Nissan BYmyCAR 2021","author":"9","description":"","caption":"","name":"qq-n-tec-4-1","status":"inherit","uploaded_to":14457,"date":"2021-01-11 14:01:14","modified":"2021-01-11 14:06:05","menu_order":0,"mime_type":"image\/png","type":"image","subtype":"png","icon":"https:\/\/www.bymycar.fr\/webzine\/wp-includes\/images\/media\/default.png","width":1200,"height":627,"sizes":{"thumbnail":"https:\/\/cdn.bymycar.eu\/fr-webzine\/wp-content\/uploads\/medias\/QQ-N-TEC-4-1-150x150.png","thumbnail-width":150,"thumbnail-height":150,"medium":"https:\/\/cdn.bymycar.eu\/fr-webzine\/wp-content\/uploads\/medias\/QQ-N-TEC-4-1-300x157.png","medium-width":300,"medium-height":157,"medium_large":"https:\/\/cdn.bymycar.eu\/fr-webzine\/wp-content\/uploads\/medias\/QQ-N-TEC-4-1-768x401.png","medium_large-width":768,"medium_large-height":401,"large":"https:\/\/cdn.bymycar.eu\/fr-webzine\/wp-content\/uploads\/medias\/QQ-N-TEC-4-1-1024x535.png","large-width":1024,"large-height":535,"1536x1536":"https:\/\/cdn.bymycar.eu\/fr-webzine\/wp-content\/uploads\/medias\/QQ-N-TEC-4-1.png","1536x1536-width":1200,"1536x1536-height":627,"2048x2048":"https:\/\/cdn.bymycar.eu\/fr-webzine\/wp-content\/uploads\/medias\/QQ-N-TEC-4-1.png","2048x2048-width":1200,"2048x2048-height":627}}],"-title-2":""}},{"acf_fc_layout":"text-simple","--nav":{"-withNav":false,"-ancre":""},"--group":{"-text":"<div class=\"wpcf7 no-js\" id=\"wpcf7-f14465-p14457-o295\" lang=\"fr-FR\" dir=\"ltr\" data-wpcf7-id=\"14465\">\n<div class=\"screen-reader-response\">\n<p role=\"status\" aria-live=\"polite\" aria-atomic=\"true\">\n<ul><\/ul>\n<\/div>\n<form action=\"\/webzine\/wp-admin\/index.php?page=transfert-data-post#wpcf7-f14465-p14457-o295\" method=\"post\" class=\"wpcf7-form init\" aria-label=\"Formulaire de contact\" novalidate=\"novalidate\" data-status=\"init\">\n<div style=\"display: none;\">\n<input type=\"hidden\" name=\"_wpcf7\" value=\"14465\" \/><br \/>\n<input type=\"hidden\" name=\"_wpcf7_version\" value=\"6.0.6\" \/><br \/>\n<input type=\"hidden\" name=\"_wpcf7_locale\" value=\"fr_FR\" \/><br \/>\n<input type=\"hidden\" name=\"_wpcf7_unit_tag\" value=\"wpcf7-f14465-p14457-o295\" \/><br \/>\n<input type=\"hidden\" name=\"_wpcf7_container_post\" value=\"14457\" \/><br \/>\n<input type=\"hidden\" name=\"_wpcf7_posted_data_hash\" value=\"\" \/><br \/>\n<input type=\"hidden\" name=\"_wpcf7_recaptcha_response\" value=\"\" \/>\n<\/div>\n<div class=\"flex flex-row flex-wrap -mx-4\">\n<div class=\"w-1\/2 flex flex-col gap-4 align-top px-4\">\n<p><label> Nom* <\/label><br \/>\n<span class=\"wpcf7-form-control-wrap\" data-name=\"Nom\"><input size=\"40\" maxlength=\"400\" class=\"wpcf7-form-control wpcf7-text wpcf7-validates-as-required\" aria-required=\"true\" aria-invalid=\"false\" value=\"\" type=\"text\" name=\"Nom\" \/><\/span><\/p>\n<p><label> Pr\u00e9nom* <\/label><br \/>\n<span class=\"wpcf7-form-control-wrap\" data-name=\"prenom\"><input size=\"40\" maxlength=\"400\" class=\"wpcf7-form-control wpcf7-text wpcf7-validates-as-required\" aria-required=\"true\" aria-invalid=\"false\" value=\"\" type=\"text\" name=\"prenom\" \/><\/span><\/p>\n<p><label> Email* <\/label><br \/>\n<span class=\"wpcf7-form-control-wrap\" data-name=\"email\"><input size=\"40\" maxlength=\"400\" class=\"wpcf7-form-control wpcf7-email wpcf7-validates-as-required wpcf7-text wpcf7-validates-as-email\" aria-required=\"true\" aria-invalid=\"false\" value=\"\" type=\"email\" name=\"email\" \/><\/span><\/p>\n<p><label> T\u00e9l\u00e9phone* <\/label><br \/>\n<span class=\"wpcf7-form-control-wrap\" data-name=\"telephone\"><input size=\"40\" maxlength=\"400\" class=\"wpcf7-form-control wpcf7-tel wpcf7-validates-as-required wpcf7-text wpcf7-validates-as-tel\" aria-required=\"true\" aria-invalid=\"false\" value=\"\" type=\"tel\" name=\"telephone\" \/><\/span><\/p>\n<\/div>\n<div class=\"w-1\/2 flex flex-col gap-4 align-top px-4\">\n<p><label> Choix de l&rsquo;offre* <\/label><br \/>\n<span class=\"wpcf7-form-control-wrap\" data-name=\"offre\"><select class=\"wpcf7-form-control wpcf7-select wpcf7-validates-as-required\" aria-required=\"true\" aria-invalid=\"false\" name=\"offre\"><option value=\"Le mois sans conditions\">Le mois sans conditions<\/option><option value=\"Jours fid\u00e9lit\u00e9s\">Jours fid\u00e9lit\u00e9s<\/option><option value=\"Juke Enigma\">Juke Enigma<\/option><option value=\"Qashqai\">Qashqai<\/option><\/select><\/span><\/p>\n<p><label> Choix de la concession* <\/label><br \/>\n<span class=\"wpcf7-form-control-wrap\" data-name=\"concession\"><select class=\"wpcf7-form-control wpcf7-select wpcf7-validates-as-required\" aria-required=\"true\" aria-invalid=\"false\" name=\"concession\"><option value=\"NISSAN BYmyCAR Lyon Rillieux La Pape\">NISSAN BYmyCAR Lyon Rillieux La Pape<\/option><option value=\"NISSAN BYmyCAR Lyon Vaise\">NISSAN BYmyCAR Lyon Vaise<\/option><\/select><\/span><\/p>\n<p><label> Votre message <\/label><br \/>\n<span class=\"wpcf7-form-control-wrap\" data-name=\"Commentaireclient\"><textarea cols=\"40\" rows=\"5\" maxlength=\"2000\" class=\"wpcf7-form-control wpcf7-textarea\" aria-invalid=\"false\" name=\"Commentaireclient\"><\/textarea><\/span><\/p>\n<\/div>\n<p><span class=\"wpcf7-form-control-wrap\" data-name=\"optinemail\"><span class=\"wpcf7-form-control wpcf7-checkbox\"><span class=\"wpcf7-list-item first last\"><input type=\"checkbox\" name=\"optinemail[]\" value=\"J&#039;accepte de recevoir la lettre d&#039;information li\u00e9e au Groupe BYmyCAR\" \/><span class=\"wpcf7-list-item-label\">J&#039;accepte de recevoir la lettre d&#039;information li\u00e9e au Groupe BYmyCAR<\/span><\/span><\/span><\/span><\/p>\n<p><span class=\"wpcf7-form-control-wrap\" data-name=\"optinsms\"><span class=\"wpcf7-form-control wpcf7-checkbox\"><span class=\"wpcf7-list-item first last\"><input type=\"checkbox\" name=\"optinsms[]\" value=\"J&#039;accepte de recevoir des informations li\u00e9es au Groupe BYmyCAR par sms\" \/><span class=\"wpcf7-list-item-label\">J&#039;accepte de recevoir des informations li\u00e9es au Groupe BYmyCAR par sms<\/span><\/span><\/span><\/span><\/p>\n<p><span class=\"wpcf7-form-control-wrap\" data-name=\"optinappel\"><span class=\"wpcf7-form-control wpcf7-checkbox\"><span class=\"wpcf7-list-item first last\"><input type=\"checkbox\" name=\"optinappel[]\" value=\"J&#039;accepte de recevoir des informations li\u00e9es au Groupe BYmyCAR par appel\" \/><span class=\"wpcf7-list-item-label\">J&#039;accepte de recevoir des informations li\u00e9es au Groupe BYmyCAR par appel<\/span><\/span><\/span><\/span><\/p>\n<div class=\"w-full flex flex-col items-center gap-y-2 text-center mt-4\"><input class=\"wpcf7-form-control wpcf7-submit has-spinner\" type=\"submit\" value=\"Envoyer\" \/><\/div>\n<\/div>\n<div class=\"wpcf7-response-output\" aria-hidden=\"true\"><\/div>\n<\/form>\n<\/div>\n"}}]},"add-carousel-to-footer":true},"yoast_head":"<!-- This site is optimized with the Yoast SEO Premium plugin v26.4 (Yoast SEO v26.4) - https:\/\/yoast.com\/wordpress\/plugins\/seo\/ -->\n<title>Journ\u00e9e Portes Ouvertes Nissan BYmyCAR du 15 au 17 janvier 2021<\/title>\n<meta name=\"description\" content=\"Toute les \u00e9quipes Nissan BYmyCAR vous invitent aux Journ\u00e9es portes ouvertes, les 15, 16 et 17 janvier dans vos centres de Rillieux-La-Pape et Lyon Vaise.\" \/>\n<meta name=\"robots\" content=\"index, follow, max-snippet:-1, max-image-preview:large, max-video-preview:-1\" \/>\n<link rel=\"canonical\" href=\"https:\/\/www.bymycar.fr\/webzine\/journee-portes-ouvertes-nissan-bymycar-du-15-au-17-janvier\/\" \/>\n<meta property=\"og:locale\" content=\"fr_FR\" \/>\n<meta property=\"og:type\" content=\"article\" \/>\n<meta property=\"og:title\" content=\"Journ\u00e9e Portes Ouvertes Nissan BYmyCAR du 15 au 17 janvier 2021\" \/>\n<meta property=\"og:description\" content=\"Toute les \u00e9quipes Nissan BYmyCAR vous invitent aux Journ\u00e9es portes ouvertes, les 15, 16 et 17 janvier dans vos centres de Rillieux-La-Pape et Lyon Vaise.\" \/>\n<meta property=\"og:url\" content=\"https:\/\/www.bymycar.fr\/webzine\/journee-portes-ouvertes-nissan-bymycar-du-15-au-17-janvier\/\" \/>\n<meta property=\"og:site_name\" content=\"Webzine auto BYmyCAR\" \/>\n<meta property=\"article:published_time\" content=\"2021-01-11T14:22:23+00:00\" \/>\n<meta property=\"article:modified_time\" content=\"2023-01-16T15:40:19+00:00\" \/>\n<meta property=\"og:image\" content=\"https:\/\/cdn.bymycar.eu\/fr-webzine\/wp-content\/uploads\/medias\/NMSH016-10_PORTES_OUVERTES_5CARS_A5_MAS_-01.jpg\" \/>\n\t<meta property=\"og:image:width\" content=\"1300\" \/>\n\t<meta property=\"og:image:height\" content=\"635\" \/>\n\t<meta property=\"og:image:type\" content=\"image\/jpeg\" \/>\n<meta name=\"author\" content=\"Gregoire LE BIHAN\" \/>\n<meta name=\"twitter:card\" content=\"summary_large_image\" \/>\n<meta name=\"twitter:label1\" content=\"\u00c9crit par\" \/>\n\t<meta name=\"twitter:data1\" content=\"Gregoire LE BIHAN\" \/>\n<script type=\"application\/ld+json\" class=\"yoast-schema-graph\">{\"@context\":\"https:\/\/schema.org\",\"@graph\":[{\"@type\":\"Article\",\"@id\":\"https:\/\/www.bymycar.fr\/webzine\/journee-portes-ouvertes-nissan-bymycar-du-15-au-17-janvier\/#article\",\"isPartOf\":{\"@id\":\"https:\/\/www.bymycar.fr\/webzine\/journee-portes-ouvertes-nissan-bymycar-du-15-au-17-janvier\/\"},\"author\":{\"name\":\"Gregoire LE BIHAN\",\"@id\":\"https:\/\/www.bymycar.fr\/webzine\/#\/schema\/person\/8c56906440ec126868bd40232b3445f0\"},\"headline\":\"Journ\u00e9e Portes Ouvertes Nissan BYmyCAR du 15 au 17 janvier 2021\",\"datePublished\":\"2021-01-11T14:22:23+00:00\",\"dateModified\":\"2023-01-16T15:40:19+00:00\",\"mainEntityOfPage\":{\"@id\":\"https:\/\/www.bymycar.fr\/webzine\/journee-portes-ouvertes-nissan-bymycar-du-15-au-17-janvier\/\"},\"wordCount\":9,\"publisher\":{\"@id\":\"https:\/\/www.bymycar.fr\/webzine\/#organization\"},\"image\":{\"@id\":\"https:\/\/www.bymycar.fr\/webzine\/journee-portes-ouvertes-nissan-bymycar-du-15-au-17-janvier\/#primaryimage\"},\"thumbnailUrl\":\"https:\/\/cdn.bymycar.eu\/fr-webzine\/wp-content\/uploads\/medias\/NMSH016-10_PORTES_OUVERTES_5CARS_A5_MAS_-01.jpg\",\"articleSection\":[\"Nissan\",\"Offres et bons plans\"],\"inLanguage\":\"fr-FR\"},{\"@type\":\"WebPage\",\"@id\":\"https:\/\/www.bymycar.fr\/webzine\/journee-portes-ouvertes-nissan-bymycar-du-15-au-17-janvier\/\",\"url\":\"https:\/\/www.bymycar.fr\/webzine\/journee-portes-ouvertes-nissan-bymycar-du-15-au-17-janvier\/\",\"name\":\"Journ\u00e9e Portes Ouvertes Nissan BYmyCAR du 15 au 17 janvier 2021\",\"isPartOf\":{\"@id\":\"https:\/\/www.bymycar.fr\/webzine\/#website\"},\"primaryImageOfPage\":{\"@id\":\"https:\/\/www.bymycar.fr\/webzine\/journee-portes-ouvertes-nissan-bymycar-du-15-au-17-janvier\/#primaryimage\"},\"image\":{\"@id\":\"https:\/\/www.bymycar.fr\/webzine\/journee-portes-ouvertes-nissan-bymycar-du-15-au-17-janvier\/#primaryimage\"},\"thumbnailUrl\":\"https:\/\/cdn.bymycar.eu\/fr-webzine\/wp-content\/uploads\/medias\/NMSH016-10_PORTES_OUVERTES_5CARS_A5_MAS_-01.jpg\",\"datePublished\":\"2021-01-11T14:22:23+00:00\",\"dateModified\":\"2023-01-16T15:40:19+00:00\",\"description\":\"Toute les \u00e9quipes Nissan BYmyCAR vous invitent aux Journ\u00e9es portes ouvertes, les 15, 16 et 17 janvier dans vos centres de Rillieux-La-Pape et Lyon Vaise.\",\"breadcrumb\":{\"@id\":\"https:\/\/www.bymycar.fr\/webzine\/journee-portes-ouvertes-nissan-bymycar-du-15-au-17-janvier\/#breadcrumb\"},\"inLanguage\":\"fr-FR\",\"potentialAction\":[{\"@type\":\"ReadAction\",\"target\":[\"https:\/\/www.bymycar.fr\/webzine\/journee-portes-ouvertes-nissan-bymycar-du-15-au-17-janvier\/\"]}]},{\"@type\":\"ImageObject\",\"inLanguage\":\"fr-FR\",\"@id\":\"https:\/\/www.bymycar.fr\/webzine\/journee-portes-ouvertes-nissan-bymycar-du-15-au-17-janvier\/#primaryimage\",\"url\":\"https:\/\/cdn.bymycar.eu\/fr-webzine\/wp-content\/uploads\/medias\/NMSH016-10_PORTES_OUVERTES_5CARS_A5_MAS_-01.jpg\",\"contentUrl\":\"https:\/\/cdn.bymycar.eu\/fr-webzine\/wp-content\/uploads\/medias\/NMSH016-10_PORTES_OUVERTES_5CARS_A5_MAS_-01.jpg\",\"width\":1300,\"height\":635,\"caption\":\"Journ\u00e9es Portes Ouvertes Nissan BYmyCAR 2021\"},{\"@type\":\"BreadcrumbList\",\"@id\":\"https:\/\/www.bymycar.fr\/webzine\/journee-portes-ouvertes-nissan-bymycar-du-15-au-17-janvier\/#breadcrumb\",\"itemListElement\":[{\"@type\":\"ListItem\",\"position\":1,\"name\":\"Accueil\",\"item\":\"https:\/\/www.bymycar.fr\/webzine\/\"},{\"@type\":\"ListItem\",\"position\":2,\"name\":\"Journ\u00e9e Portes Ouvertes Nissan BYmyCAR du 15 au 17 janvier 2021\"}]},{\"@type\":\"WebSite\",\"@id\":\"https:\/\/www.bymycar.fr\/webzine\/#website\",\"url\":\"https:\/\/www.bymycar.fr\/webzine\/\",\"name\":\"Webzine auto BYmyCAR\",\"description\":\"La magazine auto de BYmyCAR\",\"publisher\":{\"@id\":\"https:\/\/www.bymycar.fr\/webzine\/#organization\"},\"potentialAction\":[{\"@type\":\"SearchAction\",\"target\":{\"@type\":\"EntryPoint\",\"urlTemplate\":\"https:\/\/www.bymycar.fr\/webzine\/?s={search_term_string}\"},\"query-input\":{\"@type\":\"PropertyValueSpecification\",\"valueRequired\":true,\"valueName\":\"search_term_string\"}}],\"inLanguage\":\"fr-FR\"},{\"@type\":\"Organization\",\"@id\":\"https:\/\/www.bymycar.fr\/webzine\/#organization\",\"name\":\"BYmyCAR\",\"url\":\"https:\/\/www.bymycar.fr\/webzine\/\",\"logo\":{\"@type\":\"ImageObject\",\"inLanguage\":\"fr-FR\",\"@id\":\"https:\/\/www.bymycar.fr\/webzine\/#\/schema\/logo\/image\/\",\"url\":\"https:\/\/cdn.bymycar.eu\/fr-webzine\/wp-content\/uploads\/medias\/2017\/08\/logo_DEALER_00000406_001.png\",\"contentUrl\":\"https:\/\/cdn.bymycar.eu\/fr-webzine\/wp-content\/uploads\/medias\/2017\/08\/logo_DEALER_00000406_001.png\",\"width\":2132,\"height\":720,\"caption\":\"BYmyCAR\"},\"image\":{\"@id\":\"https:\/\/www.bymycar.fr\/webzine\/#\/schema\/logo\/image\/\"}},{\"@type\":\"Person\",\"@id\":\"https:\/\/www.bymycar.fr\/webzine\/#\/schema\/person\/8c56906440ec126868bd40232b3445f0\",\"name\":\"Gregoire LE BIHAN\",\"image\":{\"@type\":\"ImageObject\",\"inLanguage\":\"fr-FR\",\"@id\":\"https:\/\/www.bymycar.fr\/webzine\/#\/schema\/person\/image\/\",\"url\":\"https:\/\/secure.gravatar.com\/avatar\/1356d71f3c6eed50de358ba425c9944b742a0d35f88e0d5f8afe88fdac525492?s=96&d=mm&r=g\",\"contentUrl\":\"https:\/\/secure.gravatar.com\/avatar\/1356d71f3c6eed50de358ba425c9944b742a0d35f88e0d5f8afe88fdac525492?s=96&d=mm&r=g\",\"caption\":\"Gregoire LE BIHAN\"}}]}<\/script>\n<!-- \/ Yoast SEO Premium plugin. -->","yoast_head_json":{"title":"Journ\u00e9e Portes Ouvertes Nissan BYmyCAR du 15 au 17 janvier 2021","description":"Toute les \u00e9quipes Nissan BYmyCAR vous invitent aux Journ\u00e9es portes ouvertes, les 15, 16 et 17 janvier dans vos centres de Rillieux-La-Pape et Lyon Vaise.","robots":{"index":"index","follow":"follow","max-snippet":"max-snippet:-1","max-image-preview":"max-image-preview:large","max-video-preview":"max-video-preview:-1"},"canonical":"https:\/\/www.bymycar.fr\/webzine\/journee-portes-ouvertes-nissan-bymycar-du-15-au-17-janvier\/","og_locale":"fr_FR","og_type":"article","og_title":"Journ\u00e9e Portes Ouvertes Nissan BYmyCAR du 15 au 17 janvier 2021","og_description":"Toute les \u00e9quipes Nissan BYmyCAR vous invitent aux Journ\u00e9es portes ouvertes, les 15, 16 et 17 janvier dans vos centres de Rillieux-La-Pape et Lyon Vaise.","og_url":"https:\/\/www.bymycar.fr\/webzine\/journee-portes-ouvertes-nissan-bymycar-du-15-au-17-janvier\/","og_site_name":"Webzine auto BYmyCAR","article_published_time":"2021-01-11T14:22:23+00:00","article_modified_time":"2023-01-16T15:40:19+00:00","og_image":[{"width":1300,"height":635,"url":"https:\/\/cdn.bymycar.eu\/fr-webzine\/wp-content\/uploads\/medias\/NMSH016-10_PORTES_OUVERTES_5CARS_A5_MAS_-01.jpg","type":"image\/jpeg"}],"author":"Gregoire LE BIHAN","twitter_card":"summary_large_image","twitter_misc":{"\u00c9crit par":"Gregoire LE BIHAN"},"schema":{"@context":"https:\/\/schema.org","@graph":[{"@type":"Article","@id":"https:\/\/www.bymycar.fr\/webzine\/journee-portes-ouvertes-nissan-bymycar-du-15-au-17-janvier\/#article","isPartOf":{"@id":"https:\/\/www.bymycar.fr\/webzine\/journee-portes-ouvertes-nissan-bymycar-du-15-au-17-janvier\/"},"author":{"name":"Gregoire LE BIHAN","@id":"https:\/\/www.bymycar.fr\/webzine\/#\/schema\/person\/8c56906440ec126868bd40232b3445f0"},"headline":"Journ\u00e9e Portes Ouvertes Nissan BYmyCAR du 15 au 17 janvier 2021","datePublished":"2021-01-11T14:22:23+00:00","dateModified":"2023-01-16T15:40:19+00:00","mainEntityOfPage":{"@id":"https:\/\/www.bymycar.fr\/webzine\/journee-portes-ouvertes-nissan-bymycar-du-15-au-17-janvier\/"},"wordCount":9,"publisher":{"@id":"https:\/\/www.bymycar.fr\/webzine\/#organization"},"image":{"@id":"https:\/\/www.bymycar.fr\/webzine\/journee-portes-ouvertes-nissan-bymycar-du-15-au-17-janvier\/#primaryimage"},"thumbnailUrl":"https:\/\/cdn.bymycar.eu\/fr-webzine\/wp-content\/uploads\/medias\/NMSH016-10_PORTES_OUVERTES_5CARS_A5_MAS_-01.jpg","articleSection":["Nissan","Offres et bons plans"],"inLanguage":"fr-FR"},{"@type":"WebPage","@id":"https:\/\/www.bymycar.fr\/webzine\/journee-portes-ouvertes-nissan-bymycar-du-15-au-17-janvier\/","url":"https:\/\/www.bymycar.fr\/webzine\/journee-portes-ouvertes-nissan-bymycar-du-15-au-17-janvier\/","name":"Journ\u00e9e Portes Ouvertes Nissan BYmyCAR du 15 au 17 janvier 2021","isPartOf":{"@id":"https:\/\/www.bymycar.fr\/webzine\/#website"},"primaryImageOfPage":{"@id":"https:\/\/www.bymycar.fr\/webzine\/journee-portes-ouvertes-nissan-bymycar-du-15-au-17-janvier\/#primaryimage"},"image":{"@id":"https:\/\/www.bymycar.fr\/webzine\/journee-portes-ouvertes-nissan-bymycar-du-15-au-17-janvier\/#primaryimage"},"thumbnailUrl":"https:\/\/cdn.bymycar.eu\/fr-webzine\/wp-content\/uploads\/medias\/NMSH016-10_PORTES_OUVERTES_5CARS_A5_MAS_-01.jpg","datePublished":"2021-01-11T14:22:23+00:00","dateModified":"2023-01-16T15:40:19+00:00","description":"Toute les \u00e9quipes Nissan BYmyCAR vous invitent aux Journ\u00e9es portes ouvertes, les 15, 16 et 17 janvier dans vos centres de Rillieux-La-Pape et Lyon Vaise.","breadcrumb":{"@id":"https:\/\/www.bymycar.fr\/webzine\/journee-portes-ouvertes-nissan-bymycar-du-15-au-17-janvier\/#breadcrumb"},"inLanguage":"fr-FR","potentialAction":[{"@type":"ReadAction","target":["https:\/\/www.bymycar.fr\/webzine\/journee-portes-ouvertes-nissan-bymycar-du-15-au-17-janvier\/"]}]},{"@type":"ImageObject","inLanguage":"fr-FR","@id":"https:\/\/www.bymycar.fr\/webzine\/journee-portes-ouvertes-nissan-bymycar-du-15-au-17-janvier\/#primaryimage","url":"https:\/\/cdn.bymycar.eu\/fr-webzine\/wp-content\/uploads\/medias\/NMSH016-10_PORTES_OUVERTES_5CARS_A5_MAS_-01.jpg","contentUrl":"https:\/\/cdn.bymycar.eu\/fr-webzine\/wp-content\/uploads\/medias\/NMSH016-10_PORTES_OUVERTES_5CARS_A5_MAS_-01.jpg","width":1300,"height":635,"caption":"Journ\u00e9es Portes Ouvertes Nissan BYmyCAR 2021"},{"@type":"BreadcrumbList","@id":"https:\/\/www.bymycar.fr\/webzine\/journee-portes-ouvertes-nissan-bymycar-du-15-au-17-janvier\/#breadcrumb","itemListElement":[{"@type":"ListItem","position":1,"name":"Accueil","item":"https:\/\/www.bymycar.fr\/webzine\/"},{"@type":"ListItem","position":2,"name":"Journ\u00e9e Portes Ouvertes Nissan BYmyCAR du 15 au 17 janvier 2021"}]},{"@type":"WebSite","@id":"https:\/\/www.bymycar.fr\/webzine\/#website","url":"https:\/\/www.bymycar.fr\/webzine\/","name":"Webzine auto BYmyCAR","description":"La magazine auto de BYmyCAR","publisher":{"@id":"https:\/\/www.bymycar.fr\/webzine\/#organization"},"potentialAction":[{"@type":"SearchAction","target":{"@type":"EntryPoint","urlTemplate":"https:\/\/www.bymycar.fr\/webzine\/?s={search_term_string}"},"query-input":{"@type":"PropertyValueSpecification","valueRequired":true,"valueName":"search_term_string"}}],"inLanguage":"fr-FR"},{"@type":"Organization","@id":"https:\/\/www.bymycar.fr\/webzine\/#organization","name":"BYmyCAR","url":"https:\/\/www.bymycar.fr\/webzine\/","logo":{"@type":"ImageObject","inLanguage":"fr-FR","@id":"https:\/\/www.bymycar.fr\/webzine\/#\/schema\/logo\/image\/","url":"https:\/\/cdn.bymycar.eu\/fr-webzine\/wp-content\/uploads\/medias\/2017\/08\/logo_DEALER_00000406_001.png","contentUrl":"https:\/\/cdn.bymycar.eu\/fr-webzine\/wp-content\/uploads\/medias\/2017\/08\/logo_DEALER_00000406_001.png","width":2132,"height":720,"caption":"BYmyCAR"},"image":{"@id":"https:\/\/www.bymycar.fr\/webzine\/#\/schema\/logo\/image\/"}},{"@type":"Person","@id":"https:\/\/www.bymycar.fr\/webzine\/#\/schema\/person\/8c56906440ec126868bd40232b3445f0","name":"Gregoire LE BIHAN","image":{"@type":"ImageObject","inLanguage":"fr-FR","@id":"https:\/\/www.bymycar.fr\/webzine\/#\/schema\/person\/image\/","url":"https:\/\/secure.gravatar.com\/avatar\/1356d71f3c6eed50de358ba425c9944b742a0d35f88e0d5f8afe88fdac525492?s=96&d=mm&r=g","contentUrl":"https:\/\/secure.gravatar.com\/avatar\/1356d71f3c6eed50de358ba425c9944b742a0d35f88e0d5f8afe88fdac525492?s=96&d=mm&r=g","caption":"Gregoire LE BIHAN"}}]}},"_links":{"self":[{"href":"https:\/\/www.bymycar.fr\/webzine\/wp-json\/wp\/v2\/posts\/14457","targetHints":{"allow":["GET"]}}],"collection":[{"href":"https:\/\/www.bymycar.fr\/webzine\/wp-json\/wp\/v2\/posts"}],"about":[{"href":"https:\/\/www.bymycar.fr\/webzine\/wp-json\/wp\/v2\/types\/post"}],"author":[{"embeddable":true,"href":"https:\/\/www.bymycar.fr\/webzine\/wp-json\/wp\/v2\/users\/9"}],"replies":[{"embeddable":true,"href":"https:\/\/www.bymycar.fr\/webzine\/wp-json\/wp\/v2\/comments?post=14457"}],"version-history":[{"count":4,"href":"https:\/\/www.bymycar.fr\/webzine\/wp-json\/wp\/v2\/posts\/14457\/revisions"}],"predecessor-version":[{"id":39297,"href":"https:\/\/www.bymycar.fr\/webzine\/wp-json\/wp\/v2\/posts\/14457\/revisions\/39297"}],"wp:featuredmedia":[{"embeddable":true,"href":"https:\/\/www.bymycar.fr\/webzine\/wp-json\/wp\/v2\/media\/14459"}],"wp:attachment":[{"href":"https:\/\/www.bymycar.fr\/webzine\/wp-json\/wp\/v2\/media?parent=14457"}],"wp:term":[{"taxonomy":"category","embeddable":true,"href":"https:\/\/www.bymycar.fr\/webzine\/wp-json\/wp\/v2\/categories?post=14457"},{"taxonomy":"post_tag","embeddable":true,"href":"https:\/\/www.bymycar.fr\/webzine\/wp-json\/wp\/v2\/tags?post=14457"}],"curies":[{"name":"wp","href":"https:\/\/api.w.org\/{rel}","templated":true}]}}