{"id":14318,"date":"2021-01-05T09:50:09","date_gmt":"2021-01-05T08:50:09","guid":{"rendered":"https:\/\/prod.bymycar.fr\/webzine\/?p=14318"},"modified":"2021-01-05T13:55:49","modified_gmt":"2021-01-05T12:55:49","slug":"un-credit-auto-0-pourquoi-sen-priver","status":"publish","type":"post","link":"https:\/\/www.bymycar.fr\/webzine\/un-credit-auto-0-pourquoi-sen-priver\/","title":{"rendered":"Un cr\u00e9dit auto 0%, pourquoi s\u2019en priver ?"},"content":{"rendered":"","protected":false},"excerpt":{"rendered":"","protected":false},"author":9,"featured_media":14319,"comment_status":"closed","ping_status":"open","sticky":false,"template":"","format":"standard","meta":{"_acf_changed":false,"footnotes":""},"categories":[4],"tags":[],"class_list":["post-14318","post","type-post","status-publish","format-standard","has-post-thumbnail","hentry","category-offres-et-bons-plans"],"acf":{"template":"classique","introduction":"<p style=\"text-align: justify;\">2021 s&rsquo;annonce \u00e9lectrique pour <a href=\"https:\/\/www.bymycar.fr\/marques\/ford\"><strong>FORD BYmyCAR<\/strong><\/a>\u00a0! Et quoi de mieux pour commencer l&rsquo;ann\u00e9e que de profiter d&rsquo;un <strong>cr\u00e9dit auto \u00e0 0%*<\/strong>, du <strong>11 au 20 janvier 2021<\/strong> ?<\/p>\n<p style=\"text-align: justify;\">En plus, vous pouvez le cumuler avec la <strong>prime Ford Hybrid<\/strong> qui vous offre <strong>jusqu&rsquo;\u00e0 7\u00a0000\u20ac d&rsquo;avantages<\/strong>\u00a0! Et, elle est cumulable avec les <strong>aides gouvernementales<\/strong>\u00a0!<\/p>\n<p style=\"text-align: justify;\">Alors, quand est-ce que vous passez \u00e0 l&rsquo;hybride\u00a0?<\/p>\n\n<div class=\"wpcf7 no-js\" id=\"wpcf7-f14322-o1\" lang=\"fr-FR\" dir=\"ltr\" data-wpcf7-id=\"14322\">\n<div class=\"screen-reader-response\"><p role=\"status\" aria-live=\"polite\" aria-atomic=\"true\"><\/p> <ul><\/ul><\/div>\n<form action=\"\/webzine\/wp-json\/wp\/v2\/posts\/14318#wpcf7-f14322-o1\" method=\"post\" class=\"wpcf7-form init\" aria-label=\"Formulaire de contact\" novalidate=\"novalidate\" data-status=\"init\">\n<fieldset class=\"hidden-fields-container\"><input type=\"hidden\" name=\"_wpcf7\" value=\"14322\" \/><input type=\"hidden\" name=\"_wpcf7_version\" value=\"6.1.3\" \/><input type=\"hidden\" name=\"_wpcf7_locale\" value=\"fr_FR\" \/><input type=\"hidden\" name=\"_wpcf7_unit_tag\" value=\"wpcf7-f14322-o1\" \/><input type=\"hidden\" name=\"_wpcf7_container_post\" value=\"0\" \/><input type=\"hidden\" name=\"_wpcf7_posted_data_hash\" value=\"\" \/><input type=\"hidden\" name=\"_wpcf7_recaptcha_response\" value=\"\" \/>\n<\/fieldset>\n<div class=\"flex flex-row flex-wrap -mx-4\"><div class=\"w-1\/2 flex flex-col gap-4 align-top px-4\">\n\n<label> Nom* <\/label>\n<span class=\"wpcf7-form-control-wrap\" data-name=\"Nom\"><input size=\"40\" maxlength=\"400\" class=\"wpcf7-form-control wpcf7-text wpcf7-validates-as-required\" aria-required=\"true\" aria-invalid=\"false\" value=\"\" type=\"text\" name=\"Nom\" \/><\/span>\n\n<label> Pr\u00e9nom* <\/label>\n<span class=\"wpcf7-form-control-wrap\" data-name=\"prenom\"><input size=\"40\" maxlength=\"400\" class=\"wpcf7-form-control wpcf7-text wpcf7-validates-as-required\" aria-required=\"true\" aria-invalid=\"false\" value=\"\" type=\"text\" name=\"prenom\" \/><\/span>\n\n<label> Email* <\/label>\n<span class=\"wpcf7-form-control-wrap\" data-name=\"email\"><input size=\"40\" maxlength=\"400\" class=\"wpcf7-form-control wpcf7-email wpcf7-validates-as-required wpcf7-text wpcf7-validates-as-email\" aria-required=\"true\" aria-invalid=\"false\" value=\"\" type=\"email\" name=\"email\" \/><\/span>\n\n<label> T\u00e9l\u00e9phone* <\/label>\n<span class=\"wpcf7-form-control-wrap\" data-name=\"telephone\"><input size=\"40\" maxlength=\"400\" class=\"wpcf7-form-control wpcf7-tel wpcf7-validates-as-required wpcf7-text wpcf7-validates-as-tel\" aria-required=\"true\" aria-invalid=\"false\" value=\"\" type=\"tel\" name=\"telephone\" \/><\/span>\n\n<\/div>\n\n<div class=\"w-1\/2 flex flex-col gap-4 align-top px-4\">\n\n<label> Choix de l'offre* <\/label>\n<span class=\"wpcf7-form-control-wrap\" data-name=\"offre\"><select class=\"wpcf7-form-control wpcf7-select wpcf7-validates-as-required\" aria-required=\"true\" aria-invalid=\"false\" name=\"offre\"><option value=\"Fiesta\">Fiesta<\/option><option value=\"Focus\">Focus<\/option><option value=\"Puma\">Puma<\/option><option value=\"Kuga\">Kuga<\/option><option value=\"Autre mod\u00e8le Ford\">Autre mod\u00e8le Ford<\/option><\/select><\/span>\n\n<label> Choix de la concession* <\/label>\n<span class=\"wpcf7-form-control-wrap\" data-name=\"concession\"><select class=\"wpcf7-form-control wpcf7-select wpcf7-validates-as-required\" aria-required=\"true\" aria-invalid=\"false\" name=\"concession\"><option value=\"FORD BYmyCAR Bourgoin\">FORD BYmyCAR Bourgoin<\/option><option value=\"FORD BYmyCAR Cannes\">FORD BYmyCAR Cannes<\/option><option value=\"FORD BYmyCAR Fontaine\">FORD BYmyCAR Fontaine<\/option><option value=\"FORD BYmyCAR Lyon Nord\">FORD BYmyCAR Lyon Nord<\/option><option value=\"FORD BYmyCAR Lyon Sud\">FORD BYmyCAR Lyon Sud<\/option><option value=\"FORD BYmyCAR Nice\">FORD BYmyCAR Nice<\/option><option value=\"FORD BYmyCAR Voiron\">FORD BYmyCAR Voiron<\/option><\/select><\/span>\n\n<label> Votre message <\/label>\n<span class=\"wpcf7-form-control-wrap\" data-name=\"Commentaireclient\"><textarea cols=\"40\" rows=\"5\" maxlength=\"2000\" class=\"wpcf7-form-control wpcf7-textarea\" aria-invalid=\"false\" name=\"Commentaireclient\"><\/textarea><\/span>\n\n<\/div>\n\n<span class=\"wpcf7-form-control-wrap\" data-name=\"optinemail\"><span class=\"wpcf7-form-control wpcf7-checkbox\"><span class=\"wpcf7-list-item first last\"><input type=\"checkbox\" name=\"optinemail[]\" value=\"J&#039;accepte de recevoir la lettre d&#039;information li\u00e9e au Groupe BYmyCAR\" \/><span class=\"wpcf7-list-item-label\">J&#039;accepte de recevoir la lettre d&#039;information li\u00e9e au Groupe BYmyCAR<\/span><\/span><\/span><\/span>\n\n<span class=\"wpcf7-form-control-wrap\" data-name=\"optinsms\"><span class=\"wpcf7-form-control wpcf7-checkbox\"><span class=\"wpcf7-list-item first last\"><input type=\"checkbox\" name=\"optinsms[]\" value=\"J&#039;accepte de recevoir des informations li\u00e9es au Groupe BYmyCAR par sms\" \/><span class=\"wpcf7-list-item-label\">J&#039;accepte de recevoir des informations li\u00e9es au Groupe BYmyCAR par sms<\/span><\/span><\/span><\/span>\n\n<span class=\"wpcf7-form-control-wrap\" data-name=\"optinappel\"><span class=\"wpcf7-form-control wpcf7-checkbox\"><span class=\"wpcf7-list-item first last\"><input type=\"checkbox\" name=\"optinappel[]\" value=\"J&#039;accepte de recevoir des informations li\u00e9es au Groupe BYmyCAR par appel\" \/><span class=\"wpcf7-list-item-label\">J&#039;accepte de recevoir des informations li\u00e9es au Groupe BYmyCAR par appel<\/span><\/span><\/span><\/span>\n\n<div class=\"w-full flex flex-col items-center gap-y-2 text-center mt-4\"><input class=\"wpcf7-form-control wpcf7-submit has-spinner\" type=\"submit\" value=\"Envoyer\" \/><\/div><\/div><div class=\"wpcf7-response-output\" aria-hidden=\"true\"><\/div>\n<\/form>\n<\/div>\n\n","strates":[{"type_strate":"texte-simple","ancre":"","contenu":"<p><img loading=\"lazy\" decoding=\"async\" class=\"aligncenter size-large wp-image-14320\" src=\"https:\/\/obs-webzine-prod.oss.eu-west-0.prod-cloud-ocb.orange-business.com\/medias\/10198-VP-GAMME-HYBRIDE-JANVIER-2021_A4H-A4L_ISOCOATED-1_V2-compressor-1024x994.jpg\" alt=\"D\u00e9couvrez la gamme Ford Hybrid\" width=\"1024\" height=\"994\" srcset=\"https:\/\/cdn.bymycar.eu\/fr-webzine\/wp-content\/uploads\/medias\/10198-VP-GAMME-HYBRIDE-JANVIER-2021_A4H-A4L_ISOCOATED-1_V2-compressor.jpg 1024w, https:\/\/cdn.bymycar.eu\/fr-webzine\/wp-content\/uploads\/medias\/10198-VP-GAMME-HYBRIDE-JANVIER-2021_A4H-A4L_ISOCOATED-1_V2-compressor.jpg 300w, https:\/\/cdn.bymycar.eu\/fr-webzine\/wp-content\/uploads\/medias\/10198-VP-GAMME-HYBRIDE-JANVIER-2021_A4H-A4L_ISOCOATED-1_V2-compressor.jpg 768w, https:\/\/cdn.bymycar.eu\/fr-webzine\/wp-content\/uploads\/medias\/10198-VP-GAMME-HYBRIDE-JANVIER-2021_A4H-A4L_ISOCOATED-1_V2-compressor.jpg 185w, https:\/\/cdn.bymycar.eu\/fr-webzine\/wp-content\/uploads\/medias\/10198-VP-GAMME-HYBRIDE-JANVIER-2021_A4H-A4L_ISOCOATED-1_V2-compressor.jpg 1500w\" sizes=\"(max-width: 1024px) 100vw, 1024px\" \/><\/p>\n<p style=\"text-align: justify;\"><span style=\"font-size: 10pt;\">*le taux 0 n\u2019est valable que pendant le weekend portes ouvertes les 16&amp;17\/01\/21 et sur une s\u00e9lection de v\u00e9hicules voir conditions en concessions<\/span><\/p>\n","titre":"","image":false,"image_libre":false,"image_800x500":false,"legende":"","zoom":false,"texte":"","articles":false,"categorie_droite":false,"images":false,"elements_comparatif":false,"texte_1":"","texte_2":"","image_1":false,"image_1_563x400":false,"image_1_332x332":false,"image_2":false,"image_2_333x240":false,"image_2_563x400":false,"image_3":false,"image_3_333x240":false,"image_3_332x450":false,"image_4":false,"image_4_332x332":false,"image_4_563x400":false,"code_embed":"","legende_video":"","photo":false,"photo_100x100":false,"nom":"","fonction":"","elements_timeline":false,"entetes_colonnes":false,"entetes_lignes":false,"lignes":false,"introduction":"","formulaire":false,"question":"","reponse":"","libelle_bouton_lien":"","url_lien":"","questions":false,"conclusions":false,"pays":false,"region":false,"marque":false,"marqueConcessions":false,"modele":false,"ptvente":false,"typeV":false,"collection":false,"nombre_maximum_elements":10,"lien_fin_carousel":"","texte_lien_fin_carousel":"","trier_par":false}],"is_old_post":false,"image":{"ID":14319,"id":14319,"title":"10198---VP---GAMME-HYBRIDE-JANVIER-2021_A4H-A4L_ISOCOATED-2_V2-compressor","filename":"10198-VP-GAMME-HYBRIDE-JANVIER-2021_A4H-A4L_ISOCOATED-2_V2-compressor.jpg","filesize":1,"url":"https:\/\/cdn.bymycar.eu\/fr-webzine\/wp-content\/uploads\/medias\/10198-VP-GAMME-HYBRIDE-JANVIER-2021_A4H-A4L_ISOCOATED-2_V2-compressor.jpg","link":"https:\/\/www.bymycar.fr\/webzine\/un-credit-auto-0-pourquoi-sen-priver\/10198-vp-gamme-hybride-janvier-2021_a4h-a4l_isocoated-2_v2-compressor\/","alt":"Cr\u00e9dit auto 0% chez Ford BYmyCAR","author":"9","description":"","caption":"","name":"10198-vp-gamme-hybride-janvier-2021_a4h-a4l_isocoated-2_v2-compressor","status":"inherit","uploaded_to":14318,"date":"2021-01-05 08:36:44","modified":"2021-01-05 08:37:16","menu_order":0,"mime_type":"image\/jpeg","type":"image","subtype":"jpeg","icon":"https:\/\/www.bymycar.fr\/webzine\/wp-includes\/images\/media\/default.png","width":2500,"height":1145,"sizes":{"thumbnail":"https:\/\/cdn.bymycar.eu\/fr-webzine\/wp-content\/uploads\/medias\/10198-VP-GAMME-HYBRIDE-JANVIER-2021_A4H-A4L_ISOCOATED-2_V2-compressor-150x150.jpg","thumbnail-width":150,"thumbnail-height":150,"medium":"https:\/\/cdn.bymycar.eu\/fr-webzine\/wp-content\/uploads\/medias\/10198-VP-GAMME-HYBRIDE-JANVIER-2021_A4H-A4L_ISOCOATED-2_V2-compressor-300x137.jpg","medium-width":300,"medium-height":137,"medium_large":"https:\/\/cdn.bymycar.eu\/fr-webzine\/wp-content\/uploads\/medias\/10198-VP-GAMME-HYBRIDE-JANVIER-2021_A4H-A4L_ISOCOATED-2_V2-compressor-768x352.jpg","medium_large-width":768,"medium_large-height":352,"large":"https:\/\/cdn.bymycar.eu\/fr-webzine\/wp-content\/uploads\/medias\/10198-VP-GAMME-HYBRIDE-JANVIER-2021_A4H-A4L_ISOCOATED-2_V2-compressor-1024x469.jpg","large-width":1024,"large-height":469,"1536x1536":"https:\/\/cdn.bymycar.eu\/fr-webzine\/wp-content\/uploads\/medias\/10198-VP-GAMME-HYBRIDE-JANVIER-2021_A4H-A4L_ISOCOATED-2_V2-compressor.jpg","1536x1536-width":1536,"1536x1536-height":703,"2048x2048":"https:\/\/cdn.bymycar.eu\/fr-webzine\/wp-content\/uploads\/medias\/10198-VP-GAMME-HYBRIDE-JANVIER-2021_A4H-A4L_ISOCOATED-2_V2-compressor.jpg","2048x2048-width":2048,"2048x2048-height":938}},"page_content":{"block_content":[{"acf_fc_layout":"text-simple","--nav":{"-withNav":false,"-ancre":""},"--group":{"-text":"<p><img loading=\"lazy\" decoding=\"async\" class=\"aligncenter size-large wp-image-14320\" src=\"https:\/\/obs-webzine-prod.oss.eu-west-0.prod-cloud-ocb.orange-business.com\/medias\/10198-VP-GAMME-HYBRIDE-JANVIER-2021_A4H-A4L_ISOCOATED-1_V2-compressor-1024x994.jpg\" alt=\"D\u00e9couvrez la gamme Ford Hybrid\" width=\"1024\" height=\"994\" srcset=\"https:\/\/cdn.bymycar.eu\/fr-webzine\/wp-content\/uploads\/medias\/medias\/10198-VP-GAMME-HYBRIDE-JANVIER-2021_A4H-A4L_ISOCOATED-1_V2-compressor.jpg 1024w, https:\/\/cdn.bymycar.eu\/fr-webzine\/wp-content\/uploads\/medias\/medias\/10198-VP-GAMME-HYBRIDE-JANVIER-2021_A4H-A4L_ISOCOATED-1_V2-compressor.jpg 300w, https:\/\/cdn.bymycar.eu\/fr-webzine\/wp-content\/uploads\/medias\/medias\/10198-VP-GAMME-HYBRIDE-JANVIER-2021_A4H-A4L_ISOCOATED-1_V2-compressor.jpg 768w, https:\/\/cdn.bymycar.eu\/fr-webzine\/wp-content\/uploads\/medias\/medias\/10198-VP-GAMME-HYBRIDE-JANVIER-2021_A4H-A4L_ISOCOATED-1_V2-compressor.jpg 185w, https:\/\/cdn.bymycar.eu\/fr-webzine\/wp-content\/uploads\/medias\/medias\/10198-VP-GAMME-HYBRIDE-JANVIER-2021_A4H-A4L_ISOCOATED-1_V2-compressor.jpg 1500w\" sizes=\"(max-width: 1024px) 100vw, 1024px\" \/><\/p>\n<p style=\"text-align: justify;\"><span style=\"font-size: 10pt;\">*le taux 0 n\u2019est valable que pendant le weekend portes ouvertes les 16&amp;17\/01\/21 et sur une s\u00e9lection de v\u00e9hicules voir conditions en concessions<\/span><\/p>\n"}}]},"add-carousel-to-footer":true},"yoast_head":"<!-- This site is optimized with the Yoast SEO Premium plugin v26.4 (Yoast SEO v26.4) - https:\/\/yoast.com\/wordpress\/plugins\/seo\/ -->\n<title>Un cr\u00e9dit auto 0%, pourquoi s\u2019en priver ?<\/title>\n<meta name=\"robots\" content=\"index, follow, max-snippet:-1, max-image-preview:large, max-video-preview:-1\" \/>\n<link rel=\"canonical\" href=\"https:\/\/www.bymycar.fr\/webzine\/un-credit-auto-0-pourquoi-sen-priver\/\" \/>\n<meta property=\"og:locale\" content=\"fr_FR\" \/>\n<meta property=\"og:type\" content=\"article\" \/>\n<meta property=\"og:title\" content=\"Un cr\u00e9dit auto 0%, pourquoi s\u2019en priver ?\" \/>\n<meta property=\"og:url\" content=\"https:\/\/www.bymycar.fr\/webzine\/un-credit-auto-0-pourquoi-sen-priver\/\" \/>\n<meta property=\"og:site_name\" content=\"Webzine auto BYmyCAR\" \/>\n<meta property=\"article:published_time\" content=\"2021-01-05T08:50:09+00:00\" \/>\n<meta property=\"article:modified_time\" content=\"2021-01-05T12:55:49+00:00\" \/>\n<meta property=\"og:image\" content=\"https:\/\/cdn.bymycar.eu\/fr-webzine\/wp-content\/uploads\/medias\/10198-VP-GAMME-HYBRIDE-JANVIER-2021_A4H-A4L_ISOCOATED-2_V2-compressor.jpg\" \/>\n\t<meta property=\"og:image:width\" content=\"2500\" \/>\n\t<meta property=\"og:image:height\" content=\"1145\" \/>\n\t<meta property=\"og:image:type\" content=\"image\/jpeg\" \/>\n<meta name=\"author\" content=\"Gregoire LE BIHAN\" \/>\n<meta name=\"twitter:card\" content=\"summary_large_image\" \/>\n<meta name=\"twitter:label1\" content=\"\u00c9crit par\" \/>\n\t<meta name=\"twitter:data1\" content=\"Gregoire LE BIHAN\" \/>\n<script type=\"application\/ld+json\" class=\"yoast-schema-graph\">{\"@context\":\"https:\/\/schema.org\",\"@graph\":[{\"@type\":\"Article\",\"@id\":\"https:\/\/www.bymycar.fr\/webzine\/un-credit-auto-0-pourquoi-sen-priver\/#article\",\"isPartOf\":{\"@id\":\"https:\/\/www.bymycar.fr\/webzine\/un-credit-auto-0-pourquoi-sen-priver\/\"},\"author\":{\"name\":\"Gregoire LE BIHAN\",\"@id\":\"https:\/\/www.bymycar.fr\/webzine\/#\/schema\/person\/8c56906440ec126868bd40232b3445f0\"},\"headline\":\"Un cr\u00e9dit auto 0%, pourquoi s\u2019en priver ?\",\"datePublished\":\"2021-01-05T08:50:09+00:00\",\"dateModified\":\"2021-01-05T12:55:49+00:00\",\"mainEntityOfPage\":{\"@id\":\"https:\/\/www.bymycar.fr\/webzine\/un-credit-auto-0-pourquoi-sen-priver\/\"},\"wordCount\":8,\"publisher\":{\"@id\":\"https:\/\/www.bymycar.fr\/webzine\/#organization\"},\"image\":{\"@id\":\"https:\/\/www.bymycar.fr\/webzine\/un-credit-auto-0-pourquoi-sen-priver\/#primaryimage\"},\"thumbnailUrl\":\"https:\/\/cdn.bymycar.eu\/fr-webzine\/wp-content\/uploads\/medias\/10198-VP-GAMME-HYBRIDE-JANVIER-2021_A4H-A4L_ISOCOATED-2_V2-compressor.jpg\",\"articleSection\":[\"Offres et bons plans\"],\"inLanguage\":\"fr-FR\"},{\"@type\":\"WebPage\",\"@id\":\"https:\/\/www.bymycar.fr\/webzine\/un-credit-auto-0-pourquoi-sen-priver\/\",\"url\":\"https:\/\/www.bymycar.fr\/webzine\/un-credit-auto-0-pourquoi-sen-priver\/\",\"name\":\"Un cr\u00e9dit auto 0%, pourquoi s\u2019en priver ?\",\"isPartOf\":{\"@id\":\"https:\/\/www.bymycar.fr\/webzine\/#website\"},\"primaryImageOfPage\":{\"@id\":\"https:\/\/www.bymycar.fr\/webzine\/un-credit-auto-0-pourquoi-sen-priver\/#primaryimage\"},\"image\":{\"@id\":\"https:\/\/www.bymycar.fr\/webzine\/un-credit-auto-0-pourquoi-sen-priver\/#primaryimage\"},\"thumbnailUrl\":\"https:\/\/cdn.bymycar.eu\/fr-webzine\/wp-content\/uploads\/medias\/10198-VP-GAMME-HYBRIDE-JANVIER-2021_A4H-A4L_ISOCOATED-2_V2-compressor.jpg\",\"datePublished\":\"2021-01-05T08:50:09+00:00\",\"dateModified\":\"2021-01-05T12:55:49+00:00\",\"breadcrumb\":{\"@id\":\"https:\/\/www.bymycar.fr\/webzine\/un-credit-auto-0-pourquoi-sen-priver\/#breadcrumb\"},\"inLanguage\":\"fr-FR\",\"potentialAction\":[{\"@type\":\"ReadAction\",\"target\":[\"https:\/\/www.bymycar.fr\/webzine\/un-credit-auto-0-pourquoi-sen-priver\/\"]}]},{\"@type\":\"ImageObject\",\"inLanguage\":\"fr-FR\",\"@id\":\"https:\/\/www.bymycar.fr\/webzine\/un-credit-auto-0-pourquoi-sen-priver\/#primaryimage\",\"url\":\"https:\/\/cdn.bymycar.eu\/fr-webzine\/wp-content\/uploads\/medias\/10198-VP-GAMME-HYBRIDE-JANVIER-2021_A4H-A4L_ISOCOATED-2_V2-compressor.jpg\",\"contentUrl\":\"https:\/\/cdn.bymycar.eu\/fr-webzine\/wp-content\/uploads\/medias\/10198-VP-GAMME-HYBRIDE-JANVIER-2021_A4H-A4L_ISOCOATED-2_V2-compressor.jpg\",\"width\":2500,\"height\":1145,\"caption\":\"Cr\u00e9dit auto 0% chez Ford BYmyCAR\"},{\"@type\":\"BreadcrumbList\",\"@id\":\"https:\/\/www.bymycar.fr\/webzine\/un-credit-auto-0-pourquoi-sen-priver\/#breadcrumb\",\"itemListElement\":[{\"@type\":\"ListItem\",\"position\":1,\"name\":\"Accueil\",\"item\":\"https:\/\/www.bymycar.fr\/webzine\/\"},{\"@type\":\"ListItem\",\"position\":2,\"name\":\"Un cr\u00e9dit auto 0%, pourquoi s\u2019en priver ?\"}]},{\"@type\":\"WebSite\",\"@id\":\"https:\/\/www.bymycar.fr\/webzine\/#website\",\"url\":\"https:\/\/www.bymycar.fr\/webzine\/\",\"name\":\"Webzine auto BYmyCAR\",\"description\":\"La magazine auto de BYmyCAR\",\"publisher\":{\"@id\":\"https:\/\/www.bymycar.fr\/webzine\/#organization\"},\"potentialAction\":[{\"@type\":\"SearchAction\",\"target\":{\"@type\":\"EntryPoint\",\"urlTemplate\":\"https:\/\/www.bymycar.fr\/webzine\/?s={search_term_string}\"},\"query-input\":{\"@type\":\"PropertyValueSpecification\",\"valueRequired\":true,\"valueName\":\"search_term_string\"}}],\"inLanguage\":\"fr-FR\"},{\"@type\":\"Organization\",\"@id\":\"https:\/\/www.bymycar.fr\/webzine\/#organization\",\"name\":\"BYmyCAR\",\"url\":\"https:\/\/www.bymycar.fr\/webzine\/\",\"logo\":{\"@type\":\"ImageObject\",\"inLanguage\":\"fr-FR\",\"@id\":\"https:\/\/www.bymycar.fr\/webzine\/#\/schema\/logo\/image\/\",\"url\":\"https:\/\/cdn.bymycar.eu\/fr-webzine\/wp-content\/uploads\/medias\/2017\/08\/logo_DEALER_00000406_001.png\",\"contentUrl\":\"https:\/\/cdn.bymycar.eu\/fr-webzine\/wp-content\/uploads\/medias\/2017\/08\/logo_DEALER_00000406_001.png\",\"width\":2132,\"height\":720,\"caption\":\"BYmyCAR\"},\"image\":{\"@id\":\"https:\/\/www.bymycar.fr\/webzine\/#\/schema\/logo\/image\/\"}},{\"@type\":\"Person\",\"@id\":\"https:\/\/www.bymycar.fr\/webzine\/#\/schema\/person\/8c56906440ec126868bd40232b3445f0\",\"name\":\"Gregoire LE BIHAN\",\"image\":{\"@type\":\"ImageObject\",\"inLanguage\":\"fr-FR\",\"@id\":\"https:\/\/www.bymycar.fr\/webzine\/#\/schema\/person\/image\/\",\"url\":\"https:\/\/secure.gravatar.com\/avatar\/1356d71f3c6eed50de358ba425c9944b742a0d35f88e0d5f8afe88fdac525492?s=96&d=mm&r=g\",\"contentUrl\":\"https:\/\/secure.gravatar.com\/avatar\/1356d71f3c6eed50de358ba425c9944b742a0d35f88e0d5f8afe88fdac525492?s=96&d=mm&r=g\",\"caption\":\"Gregoire LE BIHAN\"}}]}<\/script>\n<!-- \/ Yoast SEO Premium plugin. -->","yoast_head_json":{"title":"Un cr\u00e9dit auto 0%, pourquoi s\u2019en priver ?","robots":{"index":"index","follow":"follow","max-snippet":"max-snippet:-1","max-image-preview":"max-image-preview:large","max-video-preview":"max-video-preview:-1"},"canonical":"https:\/\/www.bymycar.fr\/webzine\/un-credit-auto-0-pourquoi-sen-priver\/","og_locale":"fr_FR","og_type":"article","og_title":"Un cr\u00e9dit auto 0%, pourquoi s\u2019en priver ?","og_url":"https:\/\/www.bymycar.fr\/webzine\/un-credit-auto-0-pourquoi-sen-priver\/","og_site_name":"Webzine auto BYmyCAR","article_published_time":"2021-01-05T08:50:09+00:00","article_modified_time":"2021-01-05T12:55:49+00:00","og_image":[{"width":2500,"height":1145,"url":"https:\/\/cdn.bymycar.eu\/fr-webzine\/wp-content\/uploads\/medias\/10198-VP-GAMME-HYBRIDE-JANVIER-2021_A4H-A4L_ISOCOATED-2_V2-compressor.jpg","type":"image\/jpeg"}],"author":"Gregoire LE BIHAN","twitter_card":"summary_large_image","twitter_misc":{"\u00c9crit par":"Gregoire LE BIHAN"},"schema":{"@context":"https:\/\/schema.org","@graph":[{"@type":"Article","@id":"https:\/\/www.bymycar.fr\/webzine\/un-credit-auto-0-pourquoi-sen-priver\/#article","isPartOf":{"@id":"https:\/\/www.bymycar.fr\/webzine\/un-credit-auto-0-pourquoi-sen-priver\/"},"author":{"name":"Gregoire LE BIHAN","@id":"https:\/\/www.bymycar.fr\/webzine\/#\/schema\/person\/8c56906440ec126868bd40232b3445f0"},"headline":"Un cr\u00e9dit auto 0%, pourquoi s\u2019en priver ?","datePublished":"2021-01-05T08:50:09+00:00","dateModified":"2021-01-05T12:55:49+00:00","mainEntityOfPage":{"@id":"https:\/\/www.bymycar.fr\/webzine\/un-credit-auto-0-pourquoi-sen-priver\/"},"wordCount":8,"publisher":{"@id":"https:\/\/www.bymycar.fr\/webzine\/#organization"},"image":{"@id":"https:\/\/www.bymycar.fr\/webzine\/un-credit-auto-0-pourquoi-sen-priver\/#primaryimage"},"thumbnailUrl":"https:\/\/cdn.bymycar.eu\/fr-webzine\/wp-content\/uploads\/medias\/10198-VP-GAMME-HYBRIDE-JANVIER-2021_A4H-A4L_ISOCOATED-2_V2-compressor.jpg","articleSection":["Offres et bons plans"],"inLanguage":"fr-FR"},{"@type":"WebPage","@id":"https:\/\/www.bymycar.fr\/webzine\/un-credit-auto-0-pourquoi-sen-priver\/","url":"https:\/\/www.bymycar.fr\/webzine\/un-credit-auto-0-pourquoi-sen-priver\/","name":"Un cr\u00e9dit auto 0%, pourquoi s\u2019en priver ?","isPartOf":{"@id":"https:\/\/www.bymycar.fr\/webzine\/#website"},"primaryImageOfPage":{"@id":"https:\/\/www.bymycar.fr\/webzine\/un-credit-auto-0-pourquoi-sen-priver\/#primaryimage"},"image":{"@id":"https:\/\/www.bymycar.fr\/webzine\/un-credit-auto-0-pourquoi-sen-priver\/#primaryimage"},"thumbnailUrl":"https:\/\/cdn.bymycar.eu\/fr-webzine\/wp-content\/uploads\/medias\/10198-VP-GAMME-HYBRIDE-JANVIER-2021_A4H-A4L_ISOCOATED-2_V2-compressor.jpg","datePublished":"2021-01-05T08:50:09+00:00","dateModified":"2021-01-05T12:55:49+00:00","breadcrumb":{"@id":"https:\/\/www.bymycar.fr\/webzine\/un-credit-auto-0-pourquoi-sen-priver\/#breadcrumb"},"inLanguage":"fr-FR","potentialAction":[{"@type":"ReadAction","target":["https:\/\/www.bymycar.fr\/webzine\/un-credit-auto-0-pourquoi-sen-priver\/"]}]},{"@type":"ImageObject","inLanguage":"fr-FR","@id":"https:\/\/www.bymycar.fr\/webzine\/un-credit-auto-0-pourquoi-sen-priver\/#primaryimage","url":"https:\/\/cdn.bymycar.eu\/fr-webzine\/wp-content\/uploads\/medias\/10198-VP-GAMME-HYBRIDE-JANVIER-2021_A4H-A4L_ISOCOATED-2_V2-compressor.jpg","contentUrl":"https:\/\/cdn.bymycar.eu\/fr-webzine\/wp-content\/uploads\/medias\/10198-VP-GAMME-HYBRIDE-JANVIER-2021_A4H-A4L_ISOCOATED-2_V2-compressor.jpg","width":2500,"height":1145,"caption":"Cr\u00e9dit auto 0% chez Ford BYmyCAR"},{"@type":"BreadcrumbList","@id":"https:\/\/www.bymycar.fr\/webzine\/un-credit-auto-0-pourquoi-sen-priver\/#breadcrumb","itemListElement":[{"@type":"ListItem","position":1,"name":"Accueil","item":"https:\/\/www.bymycar.fr\/webzine\/"},{"@type":"ListItem","position":2,"name":"Un cr\u00e9dit auto 0%, pourquoi s\u2019en priver ?"}]},{"@type":"WebSite","@id":"https:\/\/www.bymycar.fr\/webzine\/#website","url":"https:\/\/www.bymycar.fr\/webzine\/","name":"Webzine auto BYmyCAR","description":"La magazine auto de BYmyCAR","publisher":{"@id":"https:\/\/www.bymycar.fr\/webzine\/#organization"},"potentialAction":[{"@type":"SearchAction","target":{"@type":"EntryPoint","urlTemplate":"https:\/\/www.bymycar.fr\/webzine\/?s={search_term_string}"},"query-input":{"@type":"PropertyValueSpecification","valueRequired":true,"valueName":"search_term_string"}}],"inLanguage":"fr-FR"},{"@type":"Organization","@id":"https:\/\/www.bymycar.fr\/webzine\/#organization","name":"BYmyCAR","url":"https:\/\/www.bymycar.fr\/webzine\/","logo":{"@type":"ImageObject","inLanguage":"fr-FR","@id":"https:\/\/www.bymycar.fr\/webzine\/#\/schema\/logo\/image\/","url":"https:\/\/cdn.bymycar.eu\/fr-webzine\/wp-content\/uploads\/medias\/2017\/08\/logo_DEALER_00000406_001.png","contentUrl":"https:\/\/cdn.bymycar.eu\/fr-webzine\/wp-content\/uploads\/medias\/2017\/08\/logo_DEALER_00000406_001.png","width":2132,"height":720,"caption":"BYmyCAR"},"image":{"@id":"https:\/\/www.bymycar.fr\/webzine\/#\/schema\/logo\/image\/"}},{"@type":"Person","@id":"https:\/\/www.bymycar.fr\/webzine\/#\/schema\/person\/8c56906440ec126868bd40232b3445f0","name":"Gregoire LE BIHAN","image":{"@type":"ImageObject","inLanguage":"fr-FR","@id":"https:\/\/www.bymycar.fr\/webzine\/#\/schema\/person\/image\/","url":"https:\/\/secure.gravatar.com\/avatar\/1356d71f3c6eed50de358ba425c9944b742a0d35f88e0d5f8afe88fdac525492?s=96&d=mm&r=g","contentUrl":"https:\/\/secure.gravatar.com\/avatar\/1356d71f3c6eed50de358ba425c9944b742a0d35f88e0d5f8afe88fdac525492?s=96&d=mm&r=g","caption":"Gregoire LE BIHAN"}}]}},"_links":{"self":[{"href":"https:\/\/www.bymycar.fr\/webzine\/wp-json\/wp\/v2\/posts\/14318","targetHints":{"allow":["GET"]}}],"collection":[{"href":"https:\/\/www.bymycar.fr\/webzine\/wp-json\/wp\/v2\/posts"}],"about":[{"href":"https:\/\/www.bymycar.fr\/webzine\/wp-json\/wp\/v2\/types\/post"}],"author":[{"embeddable":true,"href":"https:\/\/www.bymycar.fr\/webzine\/wp-json\/wp\/v2\/users\/9"}],"replies":[{"embeddable":true,"href":"https:\/\/www.bymycar.fr\/webzine\/wp-json\/wp\/v2\/comments?post=14318"}],"version-history":[{"count":3,"href":"https:\/\/www.bymycar.fr\/webzine\/wp-json\/wp\/v2\/posts\/14318\/revisions"}],"predecessor-version":[{"id":14324,"href":"https:\/\/www.bymycar.fr\/webzine\/wp-json\/wp\/v2\/posts\/14318\/revisions\/14324"}],"wp:featuredmedia":[{"embeddable":true,"href":"https:\/\/www.bymycar.fr\/webzine\/wp-json\/wp\/v2\/media\/14319"}],"wp:attachment":[{"href":"https:\/\/www.bymycar.fr\/webzine\/wp-json\/wp\/v2\/media?parent=14318"}],"wp:term":[{"taxonomy":"category","embeddable":true,"href":"https:\/\/www.bymycar.fr\/webzine\/wp-json\/wp\/v2\/categories?post=14318"},{"taxonomy":"post_tag","embeddable":true,"href":"https:\/\/www.bymycar.fr\/webzine\/wp-json\/wp\/v2\/tags?post=14318"}],"curies":[{"name":"wp","href":"https:\/\/api.w.org\/{rel}","templated":true}]}}