{"id":10721,"date":"2020-02-27T11:13:30","date_gmt":"2020-02-27T10:13:30","guid":{"rendered":"https:\/\/prod.bymycar.fr\/webzine\/?p=10721"},"modified":"2024-01-25T11:56:59","modified_gmt":"2024-01-25T10:56:59","slug":"offre-controle-technique","status":"publish","type":"post","link":"https:\/\/www.bymycar.fr\/webzine\/offre-controle-technique\/","title":{"rendered":"Offre Contr\u00f4le Technique BYmyCAR"},"content":{"rendered":"","protected":false},"excerpt":{"rendered":"","protected":false},"author":9,"featured_media":10724,"comment_status":"closed","ping_status":"open","sticky":false,"template":"","format":"standard","meta":{"_acf_changed":false,"footnotes":""},"categories":[4],"tags":[],"class_list":["post-10721","post","type-post","status-publish","format-standard","has-post-thumbnail","hentry","category-offres-et-bons-plans"],"acf":{"template":"classique","introduction":"<p style=\"text-align: justify;\">Le contr\u00f4le technique d\u2019un v\u00e9hicule est un examen p\u00e9riodique qui consiste \u00e0 v\u00e9rifier l\u2019ensemble de ses composants. Depuis 1992, il est obligatoire pour les automobiles qui p\u00e8sent moins de 3,5 tonnes. Cet examen technique s\u2019effectue obligatoirement avant le quatri\u00e8me anniversaire du nouveau v\u00e9hicule et, ensuite, tous les deux ans. Il se d\u00e9roule dans un centre agr\u00e9\u00e9. Suivez notre guide pour apprendre davantage sur le sujet.<\/p>\n<p>&nbsp;<\/p>\n<p style=\"text-align: center;\"><a href=\"https:\/\/www.bymycar.fr\/rechercher-un-vehicule\" target=\"_blank\" class=\"css-button css-button--gold\" >\n                D\u00e9couvrez nos voitures en stock &gt;\n        <\/a><\/p>\n","strates":[{"type_strate":"50-50-image-texte-full","ancre":"","contenu":"","titre":"","image":false,"image_libre":false,"image_800x500":{"ID":10722,"id":10722,"title":"16-9_genuine-service","filename":"16-9_genuine-service.jpg","filesize":1,"url":"https:\/\/cdn.bymycar.eu\/fr-webzine\/wp-content\/uploads\/medias\/16-9_genuine-service.jpg","link":"https:\/\/www.bymycar.fr\/webzine\/offre-controle-technique\/16-9_genuine-service\/","alt":"Offre Controle Technique BYmyCAR","author":"9","description":"","caption":"","name":"16-9_genuine-service","status":"inherit","uploaded_to":10721,"date":"2020-02-27 09:42:03","modified":"2020-02-27 09:42:40","menu_order":0,"mime_type":"image\/jpeg","type":"image","subtype":"jpeg","icon":"https:\/\/www.bymycar.fr\/webzine\/wp-includes\/images\/media\/default.png","width":2560,"height":1440,"sizes":{"thumbnail":"https:\/\/cdn.bymycar.eu\/fr-webzine\/wp-content\/uploads\/medias\/16-9_genuine-service-150x150.jpg","thumbnail-width":150,"thumbnail-height":150,"medium":"https:\/\/cdn.bymycar.eu\/fr-webzine\/wp-content\/uploads\/medias\/16-9_genuine-service-300x169.jpg","medium-width":300,"medium-height":169,"medium_large":"https:\/\/cdn.bymycar.eu\/fr-webzine\/wp-content\/uploads\/medias\/16-9_genuine-service-768x432.jpg","medium_large-width":768,"medium_large-height":432,"large":"https:\/\/cdn.bymycar.eu\/fr-webzine\/wp-content\/uploads\/medias\/16-9_genuine-service-1024x576.jpg","large-width":1024,"large-height":576,"1536x1536":"https:\/\/cdn.bymycar.eu\/fr-webzine\/wp-content\/uploads\/medias\/16-9_genuine-service.jpg","1536x1536-width":1536,"1536x1536-height":864,"2048x2048":"https:\/\/cdn.bymycar.eu\/fr-webzine\/wp-content\/uploads\/medias\/16-9_genuine-service.jpg","2048x2048-width":2048,"2048x2048-height":1152}},"legende":"","zoom":false,"texte":"<h2>Contr\u00f4le technique : les v\u00e9hicules concern\u00e9s et les points \u00e0 v\u00e9rifier<\/h2>\n<p>Le contr\u00f4le technique concerne tout type de v\u00e9hicule qui roule sur le territoire fran\u00e7ais. Il est valable pour les v\u00e9hicules particuliers, les utilitaires, les v\u00e9hicules de collection, les camping-cars, les voitures \u00e9lectriques\/hybrides, les v\u00e9hicules thermiques. Il existe 133 points de contr\u00f4le class\u00e9s en 10 cat\u00e9gories, \u00e0 savoir :<\/p>\n<ol>\n<li><span style=\"font-weight: 400;\"> \u00a0 \u00a0 <\/span>Identification du v\u00e9hicule ou v\u00e9rification des papiers : carte grise, carnet d\u2019entretien, permis ;<\/li>\n<li>\u00a0 \u00a0 Freinage : plaquettes, disques, frein de service, frein de stationnement, frein de secours ;<\/li>\n<li>\u00a0 \u00a0 Direction : volant, rotules de direction ;<\/li>\n<li>\u00a0 \u00a0 Visibilit\u00e9 : pare-brise, r\u00e9troviseurs int\u00e9rieur et ext\u00e9rieur ;<\/li>\n<li>\u00a0 \u00a0 \u00c9clairage et signalisation : feux de croisement, clignotants, t\u00e9moins de feux de route ;<\/li>\n<li>\u00a0 \u00a0 Liaison au sol : amortisseurs, pneus, roues ;<\/li>\n<li>\u00a0 \u00a0 Structure et carrosserie : parties saillantes potentiellement dangereuses ;<\/li>\n<li>\u00a0 \u00a0 \u00c9quipements : ceintures de s\u00e9curit\u00e9, si\u00e8ges, klaxon ;<\/li>\n<li>\u00a0 \u00a0 Organes m\u00e9caniques : moteur, ch\u00e2ssis, bo\u00eete de vitesses ;<\/li>\n<li>Pollution et niveau sonore.<\/li>\n<\/ol>\n<p>Le contr\u00f4le antipollution, aussi appel\u00e9 visite compl\u00e9mentaire, concerne uniquement les v\u00e9hicules utilitaires l\u00e9gers. Il consiste \u00e0 contr\u00f4ler l\u2019opacit\u00e9 des \u00e9chappements et le niveau des \u00e9missions de gaz \u00e0 effet de serre. Le contr\u00f4le antipollution est \u00e0 effectuer en alternance avec le contr\u00f4le technique p\u00e9riodique.<\/p>\n","articles":false,"categorie_droite":false,"images":false,"elements_comparatif":false,"texte_1":"","texte_2":"","image_1":false,"image_1_563x400":false,"image_1_332x332":false,"image_2":false,"image_2_333x240":false,"image_2_563x400":false,"image_3":false,"image_3_333x240":false,"image_3_332x450":false,"image_4":false,"image_4_332x332":false,"image_4_563x400":false,"code_embed":"","legende_video":"","photo":false,"photo_100x100":false,"nom":"","fonction":"","elements_timeline":false,"entetes_colonnes":false,"entetes_lignes":false,"lignes":false,"introduction":"","formulaire":false,"question":"","reponse":"","libelle_bouton_lien":"","url_lien":"","questions":false,"conclusions":false,"pays":false,"region":false,"marque":false,"marqueConcessions":false,"modele":false,"ptvente":false,"typeV":false,"collection":false,"nombre_maximum_elements":10,"lien_fin_carousel":"","texte_lien_fin_carousel":"","trier_par":false},{"type_strate":"50-50-image-texte-full","ancre":"","contenu":"","titre":"","image":false,"image_libre":false,"image_800x500":{"ID":10723,"id":10723,"title":"16-9_glass-repair-service","filename":"16-9_glass-repair-service.jpg","filesize":1,"url":"https:\/\/cdn.bymycar.eu\/fr-webzine\/wp-content\/uploads\/medias\/16-9_glass-repair-service.jpg","link":"https:\/\/www.bymycar.fr\/webzine\/offre-controle-technique\/16-9_glass-repair-service\/","alt":"Offre Controle Technique BYmyCAR","author":"9","description":"","caption":"","name":"16-9_glass-repair-service","status":"inherit","uploaded_to":10721,"date":"2020-02-27 09:42:07","modified":"2020-02-27 09:43:34","menu_order":0,"mime_type":"image\/jpeg","type":"image","subtype":"jpeg","icon":"https:\/\/www.bymycar.fr\/webzine\/wp-includes\/images\/media\/default.png","width":2560,"height":1440,"sizes":{"thumbnail":"https:\/\/cdn.bymycar.eu\/fr-webzine\/wp-content\/uploads\/medias\/16-9_glass-repair-service-150x150.jpg","thumbnail-width":150,"thumbnail-height":150,"medium":"https:\/\/cdn.bymycar.eu\/fr-webzine\/wp-content\/uploads\/medias\/16-9_glass-repair-service-300x169.jpg","medium-width":300,"medium-height":169,"medium_large":"https:\/\/cdn.bymycar.eu\/fr-webzine\/wp-content\/uploads\/medias\/16-9_glass-repair-service-768x432.jpg","medium_large-width":768,"medium_large-height":432,"large":"https:\/\/cdn.bymycar.eu\/fr-webzine\/wp-content\/uploads\/medias\/16-9_glass-repair-service-1024x576.jpg","large-width":1024,"large-height":576,"1536x1536":"https:\/\/cdn.bymycar.eu\/fr-webzine\/wp-content\/uploads\/medias\/16-9_glass-repair-service.jpg","1536x1536-width":1536,"1536x1536-height":864,"2048x2048":"https:\/\/cdn.bymycar.eu\/fr-webzine\/wp-content\/uploads\/medias\/16-9_glass-repair-service.jpg","2048x2048-width":2048,"2048x2048-height":1152}},"legende":"","zoom":false,"texte":"<h2>Apr\u00e8s le contr\u00f4le du v\u00e9hicule<\/h2>\n<p>L\u2019\u00e9tape qui suit le contr\u00f4le technique est la contre-visite, obligatoirement r\u00e9alis\u00e9e suite \u00e0 la prescription du contr\u00f4leur technique. Ce dernier peut, en effet, d\u00e9celer des d\u00e9fauts lors de l\u2019examen technique. Il vous fournit une liste des points de contr\u00f4le qui sont \u00e0 r\u00e9parer aupr\u00e8s d\u2019un garage ou d\u2019un concessionnaire. Les r\u00e9parations sont n\u00e9cessaires aussi bien pour les d\u00e9faillances majeures que mineures. Une fois les probl\u00e8mes techniques r\u00e9solus, vous devez pr\u00e9senter votre voiture \u00e0 la contre-visite. Le contr\u00f4leur proc\u00e8de \u00e0 la v\u00e9rification des r\u00e9parations pr\u00e9vues durant le premier contr\u00f4le. Il vous remet un proc\u00e8s-verbal de contr\u00f4le valide et colle une vignette sur votre pare-brise. Le contr\u00f4leur appose une autre vignette sur le certificat d\u2019immatriculation de votre voiture indiquant la date du prochain contr\u00f4le.<\/p>\n<p>Si le v\u00e9hicule pr\u00e9sente encore des d\u00e9fauts, dans ce cas, il y a encore lieu une nouvelle contre-visite. Si les r\u00e9sultats du contr\u00f4le apr\u00e8s la deuxi\u00e8me contre-visite sont d\u00e9favorables, le v\u00e9hicule peut \u00eatre interdit de circulation. Entre autres, il faut archiver le proc\u00e8s-verbal de contr\u00f4le avec les autres papiers du v\u00e9hicule. Ce document est \u00e0 pr\u00e9senter lors de sa vente.<\/p>\n","articles":false,"categorie_droite":false,"images":false,"elements_comparatif":false,"texte_1":"","texte_2":"","image_1":false,"image_1_563x400":false,"image_1_332x332":false,"image_2":false,"image_2_333x240":false,"image_2_563x400":false,"image_3":false,"image_3_333x240":false,"image_3_332x450":false,"image_4":false,"image_4_332x332":false,"image_4_563x400":false,"code_embed":"","legende_video":"","photo":false,"photo_100x100":false,"nom":"","fonction":"","elements_timeline":false,"entetes_colonnes":false,"entetes_lignes":false,"lignes":false,"introduction":"","formulaire":false,"question":"","reponse":"","libelle_bouton_lien":"","url_lien":"","questions":false,"conclusions":false,"pays":false,"region":false,"marque":false,"marqueConcessions":false,"modele":false,"ptvente":false,"typeV":false,"collection":false,"nombre_maximum_elements":10,"lien_fin_carousel":"","texte_lien_fin_carousel":"","trier_par":false},{"type_strate":"50-50-image-texte-full","ancre":"","contenu":"","titre":"","image":false,"image_libre":false,"image_800x500":{"ID":10725,"id":10725,"title":"16-9_quick-and-free-of-charge","filename":"16-9_quick-and-free-of-charge.jpg","filesize":1,"url":"https:\/\/cdn.bymycar.eu\/fr-webzine\/wp-content\/uploads\/medias\/16-9_quick-and-free-of-charge.jpg","link":"https:\/\/www.bymycar.fr\/webzine\/offre-controle-technique\/16-9_quick-and-free-of-charge\/","alt":"Offre Controle Technique BYmyCAR","author":"9","description":"","caption":"","name":"16-9_quick-and-free-of-charge","status":"inherit","uploaded_to":10721,"date":"2020-02-27 09:42:14","modified":"2020-02-27 09:44:14","menu_order":0,"mime_type":"image\/jpeg","type":"image","subtype":"jpeg","icon":"https:\/\/www.bymycar.fr\/webzine\/wp-includes\/images\/media\/default.png","width":2560,"height":1440,"sizes":{"thumbnail":"https:\/\/cdn.bymycar.eu\/fr-webzine\/wp-content\/uploads\/medias\/16-9_quick-and-free-of-charge-150x150.jpg","thumbnail-width":150,"thumbnail-height":150,"medium":"https:\/\/cdn.bymycar.eu\/fr-webzine\/wp-content\/uploads\/medias\/16-9_quick-and-free-of-charge-300x169.jpg","medium-width":300,"medium-height":169,"medium_large":"https:\/\/cdn.bymycar.eu\/fr-webzine\/wp-content\/uploads\/medias\/16-9_quick-and-free-of-charge-768x432.jpg","medium_large-width":768,"medium_large-height":432,"large":"https:\/\/cdn.bymycar.eu\/fr-webzine\/wp-content\/uploads\/medias\/16-9_quick-and-free-of-charge-1024x576.jpg","large-width":1024,"large-height":576,"1536x1536":"https:\/\/cdn.bymycar.eu\/fr-webzine\/wp-content\/uploads\/medias\/16-9_quick-and-free-of-charge.jpg","1536x1536-width":1536,"1536x1536-height":864,"2048x2048":"https:\/\/cdn.bymycar.eu\/fr-webzine\/wp-content\/uploads\/medias\/16-9_quick-and-free-of-charge.jpg","2048x2048-width":2048,"2048x2048-height":1152}},"legende":"","zoom":false,"texte":"<h2>Obligations et amendes li\u00e9es au contr\u00f4le du v\u00e9hicule<\/h2>\n<p>Le contr\u00f4le du v\u00e9hicule est obligatoire. Tout propri\u00e9taire est cens\u00e9 le savoir et le faire afin d\u2019\u00e9viter les amendes. Les automobilistes, qui roulent \u00e0 bord d\u2019un v\u00e9hicule sans contr\u00f4le technique, encourent des sanctions :<\/p>\n<ul>\n<li>\u00a0 \u00a0 \u00a0 \u00a0 Confiscation de la carte grise,<\/li>\n<li>\u00a0 \u00a0 \u00a0 \u00a0 Immobilisation du v\u00e9hicule,<\/li>\n<li>\u00a0 \u00a0 \u00a0 \u00a0 Contravention.<\/li>\n<\/ul>\n<p>L\u2019absence de contr\u00f4le technique peut conduire au paiement d\u2019une amende de quatri\u00e8me classe si les forces de l\u2019ordre la constatent. Le montant d\u00fb varie entre 90 et 750 euros. Cela d\u00e9pend du d\u00e9lai de paiement. Cette contravention forfaitaire reste sans effet sur le permis (points). L\u2019immobilisation du v\u00e9hicule et la confiscation du certificat d\u2019immatriculation s\u2019accompagnent d\u2019une obligation de pr\u00e9sentation au contr\u00f4le technique. Dans ce cas, l\u2019examen doit s\u2019effectue dans un d\u00e9lai de 7 jours. Entre temps, le propri\u00e9taire re\u00e7oit une fiche de circulation provisoire qui remplace la carte grise. Il b\u00e9n\u00e9ficie alors d\u2019un certificat d\u2019immatriculation original avec pr\u00e9sentation du proc\u00e8s-verbal de contr\u00f4le technique.<\/p>\n","articles":false,"categorie_droite":false,"images":false,"elements_comparatif":false,"texte_1":"","texte_2":"","image_1":false,"image_1_563x400":false,"image_1_332x332":false,"image_2":false,"image_2_333x240":false,"image_2_563x400":false,"image_3":false,"image_3_333x240":false,"image_3_332x450":false,"image_4":false,"image_4_332x332":false,"image_4_563x400":false,"code_embed":"","legende_video":"","photo":false,"photo_100x100":false,"nom":"","fonction":"","elements_timeline":false,"entetes_colonnes":false,"entetes_lignes":false,"lignes":false,"introduction":"","formulaire":false,"question":"","reponse":"","libelle_bouton_lien":"","url_lien":"","questions":false,"conclusions":false,"pays":false,"region":false,"marque":false,"marqueConcessions":false,"modele":false,"ptvente":false,"typeV":false,"collection":false,"nombre_maximum_elements":10,"lien_fin_carousel":"","texte_lien_fin_carousel":"","trier_par":false},{"type_strate":"texte-simple","ancre":"","contenu":"<h2>Contr\u00f4le Technique du v\u00e9hicule : une op\u00e9ration \u00e0 effectuer chez BYmyCAR<\/h2>\n<p>Le concessionnaire multimarque agr\u00e9\u00e9, BYmyCAR peut r\u00e9aliser le contr\u00f4le technique de votre v\u00e9hicule. Il peut valider sa fiabilit\u00e9 selon les r\u00e8glements en vigueur. En tant qu\u2019expert certifi\u00e9, notre r\u00e9seau de concessions promet d\u2019offrir des services de contr\u00f4le technique fiables. En nous choisissant, vous profitez d\u2019une mise en conformit\u00e9 de votre v\u00e9hicule avec les normes anti-pollution. Vous \u00e9vitez \u00e9galement les risques d\u2019accident li\u00e9s \u00e0 une usure potentielle de certains \u00e9l\u00e9ments du v\u00e9hicule. Vous pr\u00e9servez, entre autres, votre s\u00e9curit\u00e9 \u00e0 chaque d\u00e9placement. Notre service de contr\u00f4le du v\u00e9hicule garantit une meilleure vente de votre v\u00e9hicule.<\/p>\n<p>Les concessionnaires BYmyCAR vous accompagnent \u00e0 chaque \u00e9tape du cycle de vie de votre v\u00e9hicule. Nous pouvons mener son premier contr\u00f4le technique 6 mois avant son 4e anniversaire de mise en circulation. Nous restons votre contr\u00f4leur pour v\u00e9rifier les 133 points de votre v\u00e9hicule tous les deux ans. De plus, notre contr\u00f4le technique affiche une facture raisonnable. Son co\u00fbt d\u00e9bute \u00e0 1 euro seulement pour les trois figures possibles :<\/p>\n<ul>\n<li>\u00a0 \u00a0 \u00a0 \u00a0 \u00c0 la suite de votre Contr\u00f4le Technique, votre v\u00e9hicule est sans d\u00e9faut. Dans ce cas, votre concession rembourse une partie de votre Contr\u00f4le Technique pour arriver \u00e0 un prix de 1 euro TTC.<\/li>\n<li>\u00a0 \u00a0 \u00a0 \u00a0 \u00c0 la suite de votre Contr\u00f4le Technique, vous avez des r\u00e9parations et\/ou une contre-visite \u00e0 effectuer. Vous confiez l\u2019int\u00e9gralit\u00e9 de ces op\u00e9rations \u00e0 votre concessionnaire BYmyCAR. Dans ce cas, votre concession d\u00e9duit le montant du contr\u00f4le technique sur votre facture. Le prix final du Contr\u00f4le Technique arrive \u00e0 1 euro TTC (hors contre-visites et autres op\u00e9rations effectu\u00e9es sur votre v\u00e9hicule).<\/li>\n<li>\u00a0 \u00a0 \u00a0 \u00a0 \u00c0 la suite de votre Contr\u00f4le Technique, vous avez des r\u00e9parations et\/ou une contre-visite \u00e0 effectuer. Vous confiez une partie des op\u00e9rations \u00e0 votre concessionnaire BYmyCAR. Dans ce cas, votre Contr\u00f4le Technique se trouve factur\u00e9 au prix classique en vigueur, consultable en concession.<\/li>\n<\/ul>\n<p>&nbsp;<\/p>\n<p style=\"text-align: center;\"><a href=\"https:\/\/www.bymycar.fr\/rechercher-un-vehicule\" target=\"_blank\" class=\"css-button css-button--gold\" >\n                D\u00e9couvrez nos voitures en stock &gt;\n        <\/a><\/p>\n<p>&nbsp;<\/p>\n<p><strong><i>D\u00e9couvrez \u00e9galement :<\/i><\/strong><\/p>\n<ul>\n<li><a href=\"https:\/\/www.bymycar.fr\/webzine\/quelle-est-lautonomie-dune-voiture-electrique\/\"><span style=\"font-weight: 400;\">Tout savoir sur l\u2019autonomie des voitures \u00e9lectriques<\/span><\/a><\/li>\n<li><a href=\"https:\/\/www.bymycar.fr\/webzine\/reprise-automobile\/\"><span style=\"font-weight: 400;\">Reprise automobile<\/span><\/a><\/li>\n<li><a href=\"https:\/\/www.bymycar.fr\/electrique\"><span style=\"font-weight: 400;\">Voitures \u00e9lectriques : une alternative rentable et \u00e9cologique<\/span><\/a><\/li>\n<li><a href=\"https:\/\/www.bymycar.fr\/webzine\/moteur-electrique-bymycar\/\"><span style=\"font-weight: 400;\">Comment fonctionne un moteur \u00e9lectrique de voiture ?<\/span><\/a><\/li>\n<li><a href=\"https:\/\/www.bymycar.fr\/webzine\/lhybride-par-audi-tfsie\/\"><span style=\"font-weight: 400;\">L\u2019hybride rechargeable par AUDI : la technologie TFSIe <\/span><\/a><\/li>\n<li><a href=\"https:\/\/www.bymycar.fr\/webzine\/voiture-autonome-que-faire-au-volant\/\"><span style=\"font-weight: 400;\">Voiture autonome : que ferez-vous au volant, sans \u00eatre au volant ?<\/span><\/a><\/li>\n<li><a href=\"https:\/\/www.bymycar.fr\/webzine\/quelle-voiture-electrique-a-la-meilleure-autonomie\/\"><span style=\"font-weight: 400;\">Quelle voiture \u00e9lectrique a la meilleure autonomie ?<\/span><\/a><\/li>\n<li><a href=\"https:\/\/www.bymycar.fr\/webzine\/electrique-et-hybride\/voiture-hybride\/\"><span style=\"font-weight: 400;\">Voiture hybride<\/span><\/a><\/li>\n<li><a href=\"https:\/\/www.bymycar.fr\/v\/voiture-hybride-occasion\"><span style=\"font-weight: 400;\">Voiture hybride occasion<\/span><\/a><\/li>\n<li><a href=\"https:\/\/www.bymycar.fr\/webzine\/le-premier-niveau-dassistance-a-la-conduite\/\"><span style=\"font-weight: 400;\">Le premier niveau d\u2019assistance \u00e0 la conduite<\/span><\/a><\/li>\n<li><a href=\"https:\/\/www.bymycar.fr\/webzine\/nouveaux-vehicules\/\"><span style=\"font-weight: 400;\">Nouveaux v\u00e9hicules en 2023<\/span><\/a><\/li>\n<li><a href=\"https:\/\/www.bymycar.fr\/webzine\/la-technologie-electrique\/\"><span style=\"font-weight: 400;\">La technologie \u00e9lectrique<\/span><\/a><\/li>\n<li><a href=\"https:\/\/www.bymycar.fr\/webzine\/voitures-electriques-testees\/\"><span style=\"font-weight: 400;\">Voitures \u00e9lectriques test\u00e9es<\/span><\/a><\/li>\n<li><a href=\"https:\/\/www.bymycar.fr\/webzine\/tesla-le-meilleur-de-la-mobilite-electrique\/\"><span style=\"font-weight: 400;\">Tesla, le meilleur de la mobilit\u00e9 \u00e9lectrique<\/span><\/a><\/li>\n<li><a href=\"https:\/\/www.bymycar.fr\/webzine\/electrique-ou-hybride\/\"><span style=\"font-weight: 400;\">Voiture \u00e9lectrique ou hybride : quel v\u00e9hicule choisir ?<\/span><\/a><\/li>\n<li><a href=\"https:\/\/www.bymycar.fr\/webzine\/la-tesla-model-x-grande-autonomie\/\"><span style=\"font-weight: 400;\">La Tesla Model X Grande autonomie<\/span><\/a><\/li>\n<li><a href=\"https:\/\/www.bymycar.fr\/webzine\/comment-eviter-les-pannes-de-batterie\/\"><span style=\"font-weight: 400;\">Comment \u00e9viter les pannes de batterie ?<\/span><\/a><\/li>\n<li><a href=\"https:\/\/www.bymycar.fr\/webzine\/niveaux-dautonomie\/\"><span style=\"font-weight: 400;\">Quels sont les diff\u00e9rents niveaux d\u2019autonomie d\u2019un v\u00e9hicule automobile ?<\/span><\/a><\/li>\n<li><a href=\"https:\/\/www.bymycar.fr\/webzine\/les-niveaux-de-conduites-autonomes\/\"><span style=\"font-weight: 400;\">Tout savoir sur les diff\u00e9rents niveaux de conduite autonome<\/span><\/a><\/li>\n<li><a href=\"https:\/\/www.bymycar.fr\/v\/voiture-occasion\">Achat d\u2019une voiture d\u2019occasion : le choix BYmyCAR<\/a><\/li>\n<li><a href=\"https:\/\/www.bymycar.fr\/webzine\/quest-ce-qui-caracterise-une-voiture-propre\/\">Qu\u2019est-ce qui caract\u00e9rise une voiture propre ?<\/a><\/li>\n<li><a href=\"https:\/\/www.bymycar.fr\/webzine\/acheter-une-voiture-essence-doccasion\/\">Acheter une voiture essence d\u2019occasion<\/a><\/li>\n<li><a href=\"https:\/\/www.bymycar.fr\/webzine\/les-meilleures-voitures-hybrides-rechargeables-en-2023\/\">Les meilleures voitures hybrides rechargeables en 2023<\/a><\/li>\n<li><a href=\"https:\/\/www.bymycar.fr\/webzine\/quest-ce-quun-vehicule-thermique\/\">Qu\u2019est-ce qu\u2019un v\u00e9hicule thermique ?<\/a><\/li>\n<li><a href=\"https:\/\/www.bymycar.fr\/webzine\/ou-recharger-sa-voiture-electrique-4\/\">O\u00f9 recharger sa voiture \u00e9lectrique \u2013 BYmyCAR<\/a><\/li>\n<li><a href=\"https:\/\/www.bymycar.fr\/webzine\/batterie-auto-lesperance-de-vie-des-batteries-de-voitures-electriques\/\">Batterie auto : l\u2019esp\u00e9rance de vie des batteries de voitures \u00e9lectriques<\/a><\/li>\n<li><a href=\"https:\/\/www.bymycar.fr\/webzine\/quelle-est-la-voiture-electrique-la-moins-chere\/\">Les voitures \u00e9lectriques les moins ch\u00e8res en 2023<\/a><\/li>\n<li><a href=\"https:\/\/www.bymycar.fr\/v\/tesla-electrique-occasion\">Tesla \u00e9lectrique occasion<\/a><\/li>\n<li><a href=\"https:\/\/www.bymycar.fr\/webzine\/la-tesla-model-x-grande-autonomie\/\">La Tesla Model X Grande autonomie<\/a><\/li>\n<li><a href=\"https:\/\/www.bymycar.fr\/webzine\/niveaux-dautonomie\/\">Quels sont les diff\u00e9rents niveaux d\u2019autonomie d\u2019un v\u00e9hicule automobile ?<\/a><\/li>\n<li><a href=\"https:\/\/www.bymycar.fr\/webzine\/les-niveaux-de-conduites-autonomes\/\">Tout savoir sur les diff\u00e9rents niveaux de conduite autonome<\/a><\/li>\n<li><a href=\"https:\/\/www.bymycar.fr\/webzine\/conduite-de-vehicule\/\">Conduite de v\u00e9hicule : ma\u00eetriser ses fondamentaux<\/a><\/li>\n<li><a href=\"https:\/\/www.bymycar.fr\/v\/voiture-hybride-occasion\">Voiture hybride occasion<\/a><\/li>\n<li><a href=\"https:\/\/www.bymycar.fr\/webzine\/tout-savoir-sur-le-marche-des-bornes-electriques\/\">Tout savoir sur le march\u00e9 des bornes \u00e9lectriques<\/a><\/li>\n<\/ul>\n","titre":"Offre Contr\u00f4le Technique BYmyCAR","image":false,"image_libre":false,"image_800x500":false,"legende":"","zoom":false,"texte":"","articles":false,"categorie_droite":false,"images":false,"elements_comparatif":false,"texte_1":"","texte_2":"","image_1":false,"image_1_563x400":false,"image_1_332x332":false,"image_2":false,"image_2_333x240":false,"image_2_563x400":false,"image_3":false,"image_3_333x240":false,"image_3_332x450":false,"image_4":false,"image_4_332x332":false,"image_4_563x400":false,"code_embed":"","legende_video":"","photo":false,"photo_100x100":false,"nom":"","fonction":"","elements_timeline":false,"entetes_colonnes":false,"entetes_lignes":false,"lignes":false,"introduction":"","formulaire":false,"question":"","reponse":"","libelle_bouton_lien":"","url_lien":"","questions":false,"conclusions":false,"pays":false,"region":false,"marque":false,"marqueConcessions":false,"modele":false,"ptvente":false,"typeV":false,"collection":false,"nombre_maximum_elements":10,"lien_fin_carousel":"","texte_lien_fin_carousel":"","trier_par":false},{"type_strate":"texte-simple","ancre":"PRENDRE RDV","contenu":"<p style=\"text-align: justify;\"><span style=\"color: #ff0000;\">Cette offre est termin\u00e9e. Il vous est tout de m\u00eame possible de nous contacter pour r\u00e9aliser votre contr\u00f4le technique au tarif classique en vigueur.<\/span><\/p>\n\n<div class=\"wpcf7 no-js\" id=\"wpcf7-f10728-o1\" lang=\"fr-FR\" dir=\"ltr\" data-wpcf7-id=\"10728\">\n<div class=\"screen-reader-response\"><p role=\"status\" aria-live=\"polite\" aria-atomic=\"true\"><\/p> <ul><\/ul><\/div>\n<form action=\"\/webzine\/wp-json\/wp\/v2\/posts\/10721#wpcf7-f10728-o1\" method=\"post\" class=\"wpcf7-form init\" aria-label=\"Formulaire de contact\" novalidate=\"novalidate\" data-status=\"init\">\n<fieldset class=\"hidden-fields-container\"><input type=\"hidden\" name=\"_wpcf7\" value=\"10728\" \/><input type=\"hidden\" name=\"_wpcf7_version\" value=\"6.1.3\" \/><input type=\"hidden\" name=\"_wpcf7_locale\" value=\"fr_FR\" \/><input type=\"hidden\" name=\"_wpcf7_unit_tag\" value=\"wpcf7-f10728-o1\" \/><input type=\"hidden\" name=\"_wpcf7_container_post\" value=\"0\" \/><input type=\"hidden\" name=\"_wpcf7_posted_data_hash\" value=\"\" \/><input type=\"hidden\" name=\"_wpcf7_recaptcha_response\" value=\"\" \/>\n<\/fieldset>\n<div class=\"flex flex-row flex-wrap -mx-4\"><div class=\"w-1\/2 flex flex-col gap-4 align-top px-4\">\n\n<label> Nom* <\/label>\n<span class=\"wpcf7-form-control-wrap\" data-name=\"Nom\"><input size=\"40\" maxlength=\"400\" class=\"wpcf7-form-control wpcf7-text wpcf7-validates-as-required\" aria-required=\"true\" aria-invalid=\"false\" value=\"\" type=\"text\" name=\"Nom\" \/><\/span>\n\n<label> Pr\u00e9nom* <\/label>\n<span class=\"wpcf7-form-control-wrap\" data-name=\"prenom\"><input size=\"40\" maxlength=\"400\" class=\"wpcf7-form-control wpcf7-text wpcf7-validates-as-required\" aria-required=\"true\" aria-invalid=\"false\" value=\"\" type=\"text\" name=\"prenom\" \/><\/span>\n\n<label> Email* <\/label>\n<span class=\"wpcf7-form-control-wrap\" data-name=\"email\"><input size=\"40\" maxlength=\"400\" class=\"wpcf7-form-control wpcf7-email wpcf7-validates-as-required wpcf7-text wpcf7-validates-as-email\" aria-required=\"true\" aria-invalid=\"false\" value=\"\" type=\"email\" name=\"email\" \/><\/span>\n\n<label> T\u00e9l\u00e9phone* <\/label>\n<span class=\"wpcf7-form-control-wrap\" data-name=\"telephone\"><input size=\"40\" maxlength=\"400\" class=\"wpcf7-form-control wpcf7-tel wpcf7-validates-as-required wpcf7-text wpcf7-validates-as-tel\" aria-required=\"true\" aria-invalid=\"false\" value=\"\" type=\"tel\" name=\"telephone\" \/><\/span>\n\n<\/div>\n\n<div class=\"w-1\/2 flex flex-col gap-4 align-top px-4\">\n\n<label> Immatriculation de votre v\u00e9hicule* <\/label>\n<span class=\"wpcf7-form-control-wrap\" data-name=\"Immatriculationduvhicule\"><input size=\"40\" maxlength=\"400\" class=\"wpcf7-form-control wpcf7-text wpcf7-validates-as-required\" aria-required=\"true\" aria-invalid=\"false\" value=\"\" type=\"text\" name=\"Immatriculationduvhicule\" \/><\/span>\n\n<label> Choix de la concession* <\/label>\n<span class=\"wpcf7-form-control-wrap\" data-name=\"concession\"><select class=\"wpcf7-form-control wpcf7-select wpcf7-validates-as-required\" aria-required=\"true\" aria-invalid=\"false\" name=\"concession\"><option value=\"AUDI BYmyCAR Bourgoin\">AUDI BYmyCAR Bourgoin<\/option><option value=\"AUDI BYmyCAR Lyon Nord\">AUDI BYmyCAR Lyon Nord<\/option><option value=\"AUDI BYmyCAR Roanne\">AUDI BYmyCAR Roanne<\/option><option value=\"AUDI BYmyCAR Saint-Etienne Nord\">AUDI BYmyCAR Saint-Etienne Nord<\/option><option value=\"AUDI BYmyCAR Villefranche-sur-Sa\u00f4ne\">AUDI BYmyCAR Villefranche-sur-Sa\u00f4ne<\/option><option value=\"NISSAN BYmyCAR Lyon Rillieux La Pape\">NISSAN BYmyCAR Lyon Rillieux La Pape<\/option><option value=\"NISSAN BYmyCAR Lyon Vaise\">NISSAN BYmyCAR Lyon Vaise<\/option><option value=\"SEAT BYmyCAR Lyon Sud\">SEAT BYmyCAR Lyon Sud<\/option><option value=\"SEAT BYmyCAR Lyon Vaise\">SEAT BYmyCAR Lyon Vaise<\/option><option value=\"SEAT BYmyCAR Villefranche-sur-Sa\u00f4ne\">SEAT BYmyCAR Villefranche-sur-Sa\u00f4ne<\/option><option value=\"SKODA BYmyCAR Bourgoin\">SKODA BYmyCAR Bourgoin<\/option><option value=\"SKODA BYmyCAR Lyon Ecully\">SKODA BYmyCAR Lyon Ecully<\/option><option value=\"SKODA BYmyCAR Lyon Sud\">SKODA BYmyCAR Lyon Sud<\/option><option value=\"SKODA BYmyCAR Saint-Etienne Nord\">SKODA BYmyCAR Saint-Etienne Nord<\/option><option value=\"SKODA BYmyCAR Villefranche-sur-Sa\u00f4ne\">SKODA BYmyCAR Villefranche-sur-Sa\u00f4ne<\/option><option value=\"VOLKSWAGEN BYmyCAR Bourgoin\">VOLKSWAGEN BYmyCAR Bourgoin<\/option><option value=\"VOLKSWAGEN BYmyCAR Lyon\">VOLKSWAGEN BYmyCAR Lyon<\/option><option value=\"VOLKSWAGEN BYmyCAR Lyon Est\">VOLKSWAGEN BYmyCAR Lyon Est<\/option><option value=\"VOLKSWAGEN BYmyCAR Lyon Rillieux la Pape\">VOLKSWAGEN BYmyCAR Lyon Rillieux la Pape<\/option><option value=\"VOLKSWAGEN BYmyCAR Lyon Vaise\">VOLKSWAGEN BYmyCAR Lyon Vaise<\/option><option value=\"VOLKSWAGEN BYmyCAR Roanne\">VOLKSWAGEN BYmyCAR Roanne<\/option><option value=\"VOLKSWAGEN SKODA BYmyCAR Saint-Etienne Nord\">VOLKSWAGEN SKODA BYmyCAR Saint-Etienne Nord<\/option><option value=\"VOLKSWAGEN BYmyCAR Vienne\">VOLKSWAGEN BYmyCAR Vienne<\/option><option value=\"VOLKSWAGEN BYmyCAR Villefranche-sur-Sa\u00f4ne\">VOLKSWAGEN BYmyCAR Villefranche-sur-Sa\u00f4ne<\/option><\/select><\/span>\n\n<label> Votre message <\/label>\n<span class=\"wpcf7-form-control-wrap\" data-name=\"Commentaireclient\"><textarea cols=\"40\" rows=\"1\" maxlength=\"2000\" class=\"wpcf7-form-control wpcf7-textarea\" aria-invalid=\"false\" name=\"Commentaireclient\"><\/textarea><\/span>\n\n<label> Date de rendez-vous souhait\u00e9* <\/label>\n<span class=\"wpcf7-form-control-wrap\" data-name=\"Daterdv\"><input class=\"wpcf7-form-control wpcf7-date wpcf7-validates-as-required wpcf7-validates-as-date\" aria-required=\"true\" aria-invalid=\"false\" value=\"\" type=\"date\" name=\"Daterdv\" \/><\/span>\n\n<\/div>\n\n<span class=\"wpcf7-form-control-wrap\" data-name=\"optinemail\"><span class=\"wpcf7-form-control wpcf7-checkbox\"><span class=\"wpcf7-list-item first last\"><input type=\"checkbox\" name=\"optinemail[]\" value=\"J&#039;accepte de recevoir la lettre d&#039;information li\u00e9e au Groupe BYmyCAR\" \/><span class=\"wpcf7-list-item-label\">J&#039;accepte de recevoir la lettre d&#039;information li\u00e9e au Groupe BYmyCAR<\/span><\/span><\/span><\/span>\n\n<span class=\"wpcf7-form-control-wrap\" data-name=\"optinsms\"><span class=\"wpcf7-form-control wpcf7-checkbox\"><span class=\"wpcf7-list-item first last\"><input type=\"checkbox\" name=\"optinsms[]\" value=\"J&#039;accepte de recevoir des informations li\u00e9es au Groupe BYmyCAR par sms\" \/><span class=\"wpcf7-list-item-label\">J&#039;accepte de recevoir des informations li\u00e9es au Groupe BYmyCAR par sms<\/span><\/span><\/span><\/span>\n\n<span class=\"wpcf7-form-control-wrap\" data-name=\"optinappel\"><span class=\"wpcf7-form-control wpcf7-checkbox\"><span class=\"wpcf7-list-item first last\"><input type=\"checkbox\" name=\"optinappel[]\" value=\"J&#039;accepte de recevoir des informations li\u00e9es au Groupe BYmyCAR par appel\" \/><span class=\"wpcf7-list-item-label\">J&#039;accepte de recevoir des informations li\u00e9es au Groupe BYmyCAR par appel<\/span><\/span><\/span><\/span>\n\n<div class=\"w-full flex flex-col items-center gap-y-2 text-center mt-4\"><input class=\"wpcf7-form-control wpcf7-submit has-spinner\" type=\"submit\" value=\"Envoyer\" \/><\/div><\/div><div class=\"wpcf7-response-output\" aria-hidden=\"true\"><\/div>\n<\/form>\n<\/div>\n\n","titre":"formulaire","image":false,"image_libre":false,"image_800x500":false,"legende":"","zoom":false,"texte":"","articles":false,"categorie_droite":false,"images":false,"elements_comparatif":false,"texte_1":"","texte_2":"","image_1":false,"image_1_563x400":false,"image_1_332x332":false,"image_2":false,"image_2_333x240":false,"image_2_563x400":false,"image_3":false,"image_3_333x240":false,"image_3_332x450":false,"image_4":false,"image_4_332x332":false,"image_4_563x400":false,"code_embed":"","legende_video":"","photo":false,"photo_100x100":false,"nom":"","fonction":"","elements_timeline":false,"entetes_colonnes":false,"entetes_lignes":false,"lignes":false,"introduction":"","formulaire":false,"question":"","reponse":"","libelle_bouton_lien":"","url_lien":"","questions":false,"conclusions":false,"pays":false,"region":false,"marque":false,"marqueConcessions":false,"modele":false,"ptvente":false,"typeV":false,"collection":false,"nombre_maximum_elements":10,"lien_fin_carousel":"","texte_lien_fin_carousel":"","trier_par":false},{"type_strate":"texte-simple","ancre":"","contenu":"<p><span style=\"font-size: 10pt;\">*Offre soumise \u00e0 conditions, contactez la concession concern\u00e9e pour en savoir plus.<\/span><\/p>\n","titre":"conditions","image":false,"image_libre":false,"image_800x500":false,"legende":"","zoom":false,"texte":"","articles":false,"categorie_droite":false,"images":false,"elements_comparatif":false,"texte_1":"","texte_2":"","image_1":false,"image_1_563x400":false,"image_1_332x332":false,"image_2":false,"image_2_333x240":false,"image_2_563x400":false,"image_3":false,"image_3_333x240":false,"image_3_332x450":false,"image_4":false,"image_4_332x332":false,"image_4_563x400":false,"code_embed":"","legende_video":"","photo":false,"photo_100x100":false,"nom":"","fonction":"","elements_timeline":false,"entetes_colonnes":false,"entetes_lignes":false,"lignes":false,"introduction":"","formulaire":false,"question":"","reponse":"","libelle_bouton_lien":"","url_lien":"","questions":false,"conclusions":false,"pays":false,"region":false,"marque":false,"marqueConcessions":false,"modele":false,"ptvente":false,"typeV":false,"collection":false,"nombre_maximum_elements":10,"lien_fin_carousel":"","texte_lien_fin_carousel":"","trier_par":false}],"is_old_post":false,"image":{"ID":10724,"id":10724,"title":"16-9_mobility","filename":"16-9_mobility.jpg","filesize":1,"url":"https:\/\/cdn.bymycar.eu\/fr-webzine\/wp-content\/uploads\/medias\/16-9_mobility.jpg","link":"https:\/\/www.bymycar.fr\/webzine\/offre-controle-technique\/16-9_mobility\/","alt":"Offre Controle Technique BYmyCAR","author":"9","description":"","caption":"","name":"16-9_mobility","status":"inherit","uploaded_to":10721,"date":"2020-02-27 09:42:11","modified":"2020-02-27 09:42:29","menu_order":0,"mime_type":"image\/jpeg","type":"image","subtype":"jpeg","icon":"https:\/\/www.bymycar.fr\/webzine\/wp-includes\/images\/media\/default.png","width":2560,"height":1440,"sizes":{"thumbnail":"https:\/\/cdn.bymycar.eu\/fr-webzine\/wp-content\/uploads\/medias\/16-9_mobility-150x150.jpg","thumbnail-width":150,"thumbnail-height":150,"medium":"https:\/\/cdn.bymycar.eu\/fr-webzine\/wp-content\/uploads\/medias\/16-9_mobility-300x169.jpg","medium-width":300,"medium-height":169,"medium_large":"https:\/\/cdn.bymycar.eu\/fr-webzine\/wp-content\/uploads\/medias\/16-9_mobility-768x432.jpg","medium_large-width":768,"medium_large-height":432,"large":"https:\/\/cdn.bymycar.eu\/fr-webzine\/wp-content\/uploads\/medias\/16-9_mobility-1024x576.jpg","large-width":1024,"large-height":576,"1536x1536":"https:\/\/cdn.bymycar.eu\/fr-webzine\/wp-content\/uploads\/medias\/16-9_mobility.jpg","1536x1536-width":1536,"1536x1536-height":864,"2048x2048":"https:\/\/cdn.bymycar.eu\/fr-webzine\/wp-content\/uploads\/medias\/16-9_mobility.jpg","2048x2048-width":2048,"2048x2048-height":1152}},"page_content":{"block_content":[{"acf_fc_layout":"text-image","--nav":{"-withNav":false,"-ancre":""},"--group":{"-image":{"ID":10722,"id":10722,"title":"16-9_genuine-service","filename":"16-9_genuine-service.jpg","filesize":1,"url":"https:\/\/cdn.bymycar.eu\/fr-webzine\/wp-content\/uploads\/medias\/16-9_genuine-service.jpg","link":"https:\/\/www.bymycar.fr\/webzine\/offre-controle-technique\/16-9_genuine-service\/","alt":"Offre Controle Technique BYmyCAR","author":"9","description":"","caption":"","name":"16-9_genuine-service","status":"inherit","uploaded_to":10721,"date":"2020-02-27 09:42:03","modified":"2020-02-27 09:42:40","menu_order":0,"mime_type":"image\/jpeg","type":"image","subtype":"jpeg","icon":"https:\/\/www.bymycar.fr\/webzine\/wp-includes\/images\/media\/default.png","width":2560,"height":1440,"sizes":{"thumbnail":"https:\/\/cdn.bymycar.eu\/fr-webzine\/wp-content\/uploads\/medias\/16-9_genuine-service-150x150.jpg","thumbnail-width":150,"thumbnail-height":150,"medium":"https:\/\/cdn.bymycar.eu\/fr-webzine\/wp-content\/uploads\/medias\/16-9_genuine-service-300x169.jpg","medium-width":300,"medium-height":169,"medium_large":"https:\/\/cdn.bymycar.eu\/fr-webzine\/wp-content\/uploads\/medias\/16-9_genuine-service-768x432.jpg","medium_large-width":768,"medium_large-height":432,"large":"https:\/\/cdn.bymycar.eu\/fr-webzine\/wp-content\/uploads\/medias\/16-9_genuine-service-1024x576.jpg","large-width":1024,"large-height":576,"1536x1536":"https:\/\/cdn.bymycar.eu\/fr-webzine\/wp-content\/uploads\/medias\/16-9_genuine-service.jpg","1536x1536-width":1536,"1536x1536-height":864,"2048x2048":"https:\/\/cdn.bymycar.eu\/fr-webzine\/wp-content\/uploads\/medias\/16-9_genuine-service.jpg","2048x2048-width":2048,"2048x2048-height":1152}},"-title":"","-text":"<h2>Contr\u00f4le technique : les v\u00e9hicules concern\u00e9s et les points \u00e0 v\u00e9rifier<\/h2>\n<p>Le contr\u00f4le technique concerne tout type de v\u00e9hicule qui roule sur le territoire fran\u00e7ais. Il est valable pour les v\u00e9hicules particuliers, les utilitaires, les v\u00e9hicules de collection, les camping-cars, les voitures \u00e9lectriques\/hybrides, les v\u00e9hicules thermiques. Il existe 133 points de contr\u00f4le class\u00e9s en 10 cat\u00e9gories, \u00e0 savoir :<\/p>\n<ol>\n<li><span style=\"font-weight: 400;\"> \u00a0 \u00a0 <\/span>Identification du v\u00e9hicule ou v\u00e9rification des papiers : carte grise, carnet d\u2019entretien, permis ;<\/li>\n<li>\u00a0 \u00a0 Freinage : plaquettes, disques, frein de service, frein de stationnement, frein de secours ;<\/li>\n<li>\u00a0 \u00a0 Direction : volant, rotules de direction ;<\/li>\n<li>\u00a0 \u00a0 Visibilit\u00e9 : pare-brise, r\u00e9troviseurs int\u00e9rieur et ext\u00e9rieur ;<\/li>\n<li>\u00a0 \u00a0 \u00c9clairage et signalisation : feux de croisement, clignotants, t\u00e9moins de feux de route ;<\/li>\n<li>\u00a0 \u00a0 Liaison au sol : amortisseurs, pneus, roues ;<\/li>\n<li>\u00a0 \u00a0 Structure et carrosserie : parties saillantes potentiellement dangereuses ;<\/li>\n<li>\u00a0 \u00a0 \u00c9quipements : ceintures de s\u00e9curit\u00e9, si\u00e8ges, klaxon ;<\/li>\n<li>\u00a0 \u00a0 Organes m\u00e9caniques : moteur, ch\u00e2ssis, bo\u00eete de vitesses ;<\/li>\n<li>Pollution et niveau sonore.<\/li>\n<\/ol>\n<p>Le contr\u00f4le antipollution, aussi appel\u00e9 visite compl\u00e9mentaire, concerne uniquement les v\u00e9hicules utilitaires l\u00e9gers. Il consiste \u00e0 contr\u00f4ler l\u2019opacit\u00e9 des \u00e9chappements et le niveau des \u00e9missions de gaz \u00e0 effet de serre. Le contr\u00f4le antipollution est \u00e0 effectuer en alternance avec le contr\u00f4le technique p\u00e9riodique.<\/p>\n"}},{"acf_fc_layout":"text-image","--nav":{"-withNav":false,"-ancre":""},"--group":{"-image":{"ID":10723,"id":10723,"title":"16-9_glass-repair-service","filename":"16-9_glass-repair-service.jpg","filesize":1,"url":"https:\/\/cdn.bymycar.eu\/fr-webzine\/wp-content\/uploads\/medias\/16-9_glass-repair-service.jpg","link":"https:\/\/www.bymycar.fr\/webzine\/offre-controle-technique\/16-9_glass-repair-service\/","alt":"Offre Controle Technique BYmyCAR","author":"9","description":"","caption":"","name":"16-9_glass-repair-service","status":"inherit","uploaded_to":10721,"date":"2020-02-27 09:42:07","modified":"2020-02-27 09:43:34","menu_order":0,"mime_type":"image\/jpeg","type":"image","subtype":"jpeg","icon":"https:\/\/www.bymycar.fr\/webzine\/wp-includes\/images\/media\/default.png","width":2560,"height":1440,"sizes":{"thumbnail":"https:\/\/cdn.bymycar.eu\/fr-webzine\/wp-content\/uploads\/medias\/16-9_glass-repair-service-150x150.jpg","thumbnail-width":150,"thumbnail-height":150,"medium":"https:\/\/cdn.bymycar.eu\/fr-webzine\/wp-content\/uploads\/medias\/16-9_glass-repair-service-300x169.jpg","medium-width":300,"medium-height":169,"medium_large":"https:\/\/cdn.bymycar.eu\/fr-webzine\/wp-content\/uploads\/medias\/16-9_glass-repair-service-768x432.jpg","medium_large-width":768,"medium_large-height":432,"large":"https:\/\/cdn.bymycar.eu\/fr-webzine\/wp-content\/uploads\/medias\/16-9_glass-repair-service-1024x576.jpg","large-width":1024,"large-height":576,"1536x1536":"https:\/\/cdn.bymycar.eu\/fr-webzine\/wp-content\/uploads\/medias\/16-9_glass-repair-service.jpg","1536x1536-width":1536,"1536x1536-height":864,"2048x2048":"https:\/\/cdn.bymycar.eu\/fr-webzine\/wp-content\/uploads\/medias\/16-9_glass-repair-service.jpg","2048x2048-width":2048,"2048x2048-height":1152}},"-title":"","-text":"<h2>Apr\u00e8s le contr\u00f4le du v\u00e9hicule<\/h2>\n<p>L\u2019\u00e9tape qui suit le contr\u00f4le technique est la contre-visite, obligatoirement r\u00e9alis\u00e9e suite \u00e0 la prescription du contr\u00f4leur technique. Ce dernier peut, en effet, d\u00e9celer des d\u00e9fauts lors de l\u2019examen technique. Il vous fournit une liste des points de contr\u00f4le qui sont \u00e0 r\u00e9parer aupr\u00e8s d\u2019un garage ou d\u2019un concessionnaire. Les r\u00e9parations sont n\u00e9cessaires aussi bien pour les d\u00e9faillances majeures que mineures. Une fois les probl\u00e8mes techniques r\u00e9solus, vous devez pr\u00e9senter votre voiture \u00e0 la contre-visite. Le contr\u00f4leur proc\u00e8de \u00e0 la v\u00e9rification des r\u00e9parations pr\u00e9vues durant le premier contr\u00f4le. Il vous remet un proc\u00e8s-verbal de contr\u00f4le valide et colle une vignette sur votre pare-brise. Le contr\u00f4leur appose une autre vignette sur le certificat d\u2019immatriculation de votre voiture indiquant la date du prochain contr\u00f4le.<\/p>\n<p>Si le v\u00e9hicule pr\u00e9sente encore des d\u00e9fauts, dans ce cas, il y a encore lieu une nouvelle contre-visite. Si les r\u00e9sultats du contr\u00f4le apr\u00e8s la deuxi\u00e8me contre-visite sont d\u00e9favorables, le v\u00e9hicule peut \u00eatre interdit de circulation. Entre autres, il faut archiver le proc\u00e8s-verbal de contr\u00f4le avec les autres papiers du v\u00e9hicule. Ce document est \u00e0 pr\u00e9senter lors de sa vente.<\/p>\n"}},{"acf_fc_layout":"text-image","--nav":{"-withNav":false,"-ancre":""},"--group":{"-image":{"ID":10725,"id":10725,"title":"16-9_quick-and-free-of-charge","filename":"16-9_quick-and-free-of-charge.jpg","filesize":1,"url":"https:\/\/cdn.bymycar.eu\/fr-webzine\/wp-content\/uploads\/medias\/16-9_quick-and-free-of-charge.jpg","link":"https:\/\/www.bymycar.fr\/webzine\/offre-controle-technique\/16-9_quick-and-free-of-charge\/","alt":"Offre Controle Technique BYmyCAR","author":"9","description":"","caption":"","name":"16-9_quick-and-free-of-charge","status":"inherit","uploaded_to":10721,"date":"2020-02-27 09:42:14","modified":"2020-02-27 09:44:14","menu_order":0,"mime_type":"image\/jpeg","type":"image","subtype":"jpeg","icon":"https:\/\/www.bymycar.fr\/webzine\/wp-includes\/images\/media\/default.png","width":2560,"height":1440,"sizes":{"thumbnail":"https:\/\/cdn.bymycar.eu\/fr-webzine\/wp-content\/uploads\/medias\/16-9_quick-and-free-of-charge-150x150.jpg","thumbnail-width":150,"thumbnail-height":150,"medium":"https:\/\/cdn.bymycar.eu\/fr-webzine\/wp-content\/uploads\/medias\/16-9_quick-and-free-of-charge-300x169.jpg","medium-width":300,"medium-height":169,"medium_large":"https:\/\/cdn.bymycar.eu\/fr-webzine\/wp-content\/uploads\/medias\/16-9_quick-and-free-of-charge-768x432.jpg","medium_large-width":768,"medium_large-height":432,"large":"https:\/\/cdn.bymycar.eu\/fr-webzine\/wp-content\/uploads\/medias\/16-9_quick-and-free-of-charge-1024x576.jpg","large-width":1024,"large-height":576,"1536x1536":"https:\/\/cdn.bymycar.eu\/fr-webzine\/wp-content\/uploads\/medias\/16-9_quick-and-free-of-charge.jpg","1536x1536-width":1536,"1536x1536-height":864,"2048x2048":"https:\/\/cdn.bymycar.eu\/fr-webzine\/wp-content\/uploads\/medias\/16-9_quick-and-free-of-charge.jpg","2048x2048-width":2048,"2048x2048-height":1152}},"-title":"","-text":"<h2>Obligations et amendes li\u00e9es au contr\u00f4le du v\u00e9hicule<\/h2>\n<p>Le contr\u00f4le du v\u00e9hicule est obligatoire. Tout propri\u00e9taire est cens\u00e9 le savoir et le faire afin d\u2019\u00e9viter les amendes. Les automobilistes, qui roulent \u00e0 bord d\u2019un v\u00e9hicule sans contr\u00f4le technique, encourent des sanctions :<\/p>\n<ul>\n<li>\u00a0 \u00a0 \u00a0 \u00a0 Confiscation de la carte grise,<\/li>\n<li>\u00a0 \u00a0 \u00a0 \u00a0 Immobilisation du v\u00e9hicule,<\/li>\n<li>\u00a0 \u00a0 \u00a0 \u00a0 Contravention.<\/li>\n<\/ul>\n<p>L\u2019absence de contr\u00f4le technique peut conduire au paiement d\u2019une amende de quatri\u00e8me classe si les forces de l\u2019ordre la constatent. Le montant d\u00fb varie entre 90 et 750 euros. Cela d\u00e9pend du d\u00e9lai de paiement. Cette contravention forfaitaire reste sans effet sur le permis (points). L\u2019immobilisation du v\u00e9hicule et la confiscation du certificat d\u2019immatriculation s\u2019accompagnent d\u2019une obligation de pr\u00e9sentation au contr\u00f4le technique. Dans ce cas, l\u2019examen doit s\u2019effectue dans un d\u00e9lai de 7 jours. Entre temps, le propri\u00e9taire re\u00e7oit une fiche de circulation provisoire qui remplace la carte grise. Il b\u00e9n\u00e9ficie alors d\u2019un certificat d\u2019immatriculation original avec pr\u00e9sentation du proc\u00e8s-verbal de contr\u00f4le technique.<\/p>\n"}},{"acf_fc_layout":"text-simple","--nav":{"-withNav":false,"-ancre":""},"--group":{"-text":"<h2>Contr\u00f4le Technique du v\u00e9hicule : une op\u00e9ration \u00e0 effectuer chez BYmyCAR<\/h2>\n<p>Le concessionnaire multimarque agr\u00e9\u00e9, BYmyCAR peut r\u00e9aliser le contr\u00f4le technique de votre v\u00e9hicule. Il peut valider sa fiabilit\u00e9 selon les r\u00e8glements en vigueur. En tant qu\u2019expert certifi\u00e9, notre r\u00e9seau de concessions promet d\u2019offrir des services de contr\u00f4le technique fiables. En nous choisissant, vous profitez d\u2019une mise en conformit\u00e9 de votre v\u00e9hicule avec les normes anti-pollution. Vous \u00e9vitez \u00e9galement les risques d\u2019accident li\u00e9s \u00e0 une usure potentielle de certains \u00e9l\u00e9ments du v\u00e9hicule. Vous pr\u00e9servez, entre autres, votre s\u00e9curit\u00e9 \u00e0 chaque d\u00e9placement. Notre service de contr\u00f4le du v\u00e9hicule garantit une meilleure vente de votre v\u00e9hicule.<\/p>\n<p>Les concessionnaires BYmyCAR vous accompagnent \u00e0 chaque \u00e9tape du cycle de vie de votre v\u00e9hicule. Nous pouvons mener son premier contr\u00f4le technique 6 mois avant son 4e anniversaire de mise en circulation. Nous restons votre contr\u00f4leur pour v\u00e9rifier les 133 points de votre v\u00e9hicule tous les deux ans. De plus, notre contr\u00f4le technique affiche une facture raisonnable. Son co\u00fbt d\u00e9bute \u00e0 1 euro seulement pour les trois figures possibles :<\/p>\n<ul>\n<li>\u00a0 \u00a0 \u00a0 \u00a0 \u00c0 la suite de votre Contr\u00f4le Technique, votre v\u00e9hicule est sans d\u00e9faut. Dans ce cas, votre concession rembourse une partie de votre Contr\u00f4le Technique pour arriver \u00e0 un prix de 1 euro TTC.<\/li>\n<li>\u00a0 \u00a0 \u00a0 \u00a0 \u00c0 la suite de votre Contr\u00f4le Technique, vous avez des r\u00e9parations et\/ou une contre-visite \u00e0 effectuer. Vous confiez l\u2019int\u00e9gralit\u00e9 de ces op\u00e9rations \u00e0 votre concessionnaire BYmyCAR. Dans ce cas, votre concession d\u00e9duit le montant du contr\u00f4le technique sur votre facture. Le prix final du Contr\u00f4le Technique arrive \u00e0 1 euro TTC (hors contre-visites et autres op\u00e9rations effectu\u00e9es sur votre v\u00e9hicule).<\/li>\n<li>\u00a0 \u00a0 \u00a0 \u00a0 \u00c0 la suite de votre Contr\u00f4le Technique, vous avez des r\u00e9parations et\/ou une contre-visite \u00e0 effectuer. Vous confiez une partie des op\u00e9rations \u00e0 votre concessionnaire BYmyCAR. Dans ce cas, votre Contr\u00f4le Technique se trouve factur\u00e9 au prix classique en vigueur, consultable en concession.<\/li>\n<\/ul>\n<p>&nbsp;<\/p>\n<p style=\"text-align: center;\"><a href=\"https:\/\/www.bymycar.fr\/rechercher-un-vehicule\" target=\"_blank\" class=\"css-button css-button--gold\" ><br \/>\n                D\u00e9couvrez nos voitures en stock &gt;<br \/>\n        <\/a><\/p>\n<p>&nbsp;<\/p>\n<p><strong><i>D\u00e9couvrez \u00e9galement :<\/i><\/strong><\/p>\n<ul>\n<li><a href=\"https:\/\/www.bymycar.fr\/webzine\/quelle-est-lautonomie-dune-voiture-electrique\/\"><span style=\"font-weight: 400;\">Tout savoir sur l\u2019autonomie des voitures \u00e9lectriques<\/span><\/a><\/li>\n<li><a href=\"https:\/\/www.bymycar.fr\/webzine\/reprise-automobile\/\"><span style=\"font-weight: 400;\">Reprise automobile<\/span><\/a><\/li>\n<li><a href=\"https:\/\/www.bymycar.fr\/electrique\"><span style=\"font-weight: 400;\">Voitures \u00e9lectriques : une alternative rentable et \u00e9cologique<\/span><\/a><\/li>\n<li><a href=\"https:\/\/www.bymycar.fr\/webzine\/moteur-electrique-bymycar\/\"><span style=\"font-weight: 400;\">Comment fonctionne un moteur \u00e9lectrique de voiture ?<\/span><\/a><\/li>\n<li><a href=\"https:\/\/www.bymycar.fr\/webzine\/lhybride-par-audi-tfsie\/\"><span style=\"font-weight: 400;\">L\u2019hybride rechargeable par AUDI : la technologie TFSIe <\/span><\/a><\/li>\n<li><a href=\"https:\/\/www.bymycar.fr\/webzine\/voiture-autonome-que-faire-au-volant\/\"><span style=\"font-weight: 400;\">Voiture autonome : que ferez-vous au volant, sans \u00eatre au volant ?<\/span><\/a><\/li>\n<li><a href=\"https:\/\/www.bymycar.fr\/webzine\/quelle-voiture-electrique-a-la-meilleure-autonomie\/\"><span style=\"font-weight: 400;\">Quelle voiture \u00e9lectrique a la meilleure autonomie ?<\/span><\/a><\/li>\n<li><a href=\"https:\/\/www.bymycar.fr\/webzine\/electrique-et-hybride\/voiture-hybride\/\"><span style=\"font-weight: 400;\">Voiture hybride<\/span><\/a><\/li>\n<li><a href=\"https:\/\/www.bymycar.fr\/v\/voiture-hybride-occasion\"><span style=\"font-weight: 400;\">Voiture hybride occasion<\/span><\/a><\/li>\n<li><a href=\"https:\/\/www.bymycar.fr\/webzine\/le-premier-niveau-dassistance-a-la-conduite\/\"><span style=\"font-weight: 400;\">Le premier niveau d\u2019assistance \u00e0 la conduite<\/span><\/a><\/li>\n<li><a href=\"https:\/\/www.bymycar.fr\/webzine\/nouveaux-vehicules\/\"><span style=\"font-weight: 400;\">Nouveaux v\u00e9hicules en 2023<\/span><\/a><\/li>\n<li><a href=\"https:\/\/www.bymycar.fr\/webzine\/la-technologie-electrique\/\"><span style=\"font-weight: 400;\">La technologie \u00e9lectrique<\/span><\/a><\/li>\n<li><a href=\"https:\/\/www.bymycar.fr\/webzine\/voitures-electriques-testees\/\"><span style=\"font-weight: 400;\">Voitures \u00e9lectriques test\u00e9es<\/span><\/a><\/li>\n<li><a href=\"https:\/\/www.bymycar.fr\/webzine\/tesla-le-meilleur-de-la-mobilite-electrique\/\"><span style=\"font-weight: 400;\">Tesla, le meilleur de la mobilit\u00e9 \u00e9lectrique<\/span><\/a><\/li>\n<li><a href=\"https:\/\/www.bymycar.fr\/webzine\/electrique-ou-hybride\/\"><span style=\"font-weight: 400;\">Voiture \u00e9lectrique ou hybride : quel v\u00e9hicule choisir ?<\/span><\/a><\/li>\n<li><a href=\"https:\/\/www.bymycar.fr\/webzine\/la-tesla-model-x-grande-autonomie\/\"><span style=\"font-weight: 400;\">La Tesla Model X Grande autonomie<\/span><\/a><\/li>\n<li><a href=\"https:\/\/www.bymycar.fr\/webzine\/comment-eviter-les-pannes-de-batterie\/\"><span style=\"font-weight: 400;\">Comment \u00e9viter les pannes de batterie ?<\/span><\/a><\/li>\n<li><a href=\"https:\/\/www.bymycar.fr\/webzine\/niveaux-dautonomie\/\"><span style=\"font-weight: 400;\">Quels sont les diff\u00e9rents niveaux d\u2019autonomie d\u2019un v\u00e9hicule automobile ?<\/span><\/a><\/li>\n<li><a href=\"https:\/\/www.bymycar.fr\/webzine\/les-niveaux-de-conduites-autonomes\/\"><span style=\"font-weight: 400;\">Tout savoir sur les diff\u00e9rents niveaux de conduite autonome<\/span><\/a><\/li>\n<li><a href=\"https:\/\/www.bymycar.fr\/v\/voiture-occasion\">Achat d\u2019une voiture d\u2019occasion : le choix BYmyCAR<\/a><\/li>\n<li><a href=\"https:\/\/www.bymycar.fr\/webzine\/quest-ce-qui-caracterise-une-voiture-propre\/\">Qu\u2019est-ce qui caract\u00e9rise une voiture propre ?<\/a><\/li>\n<li><a href=\"https:\/\/www.bymycar.fr\/webzine\/acheter-une-voiture-essence-doccasion\/\">Acheter une voiture essence d\u2019occasion<\/a><\/li>\n<li><a href=\"https:\/\/www.bymycar.fr\/webzine\/les-meilleures-voitures-hybrides-rechargeables-en-2023\/\">Les meilleures voitures hybrides rechargeables en 2023<\/a><\/li>\n<li><a href=\"https:\/\/www.bymycar.fr\/webzine\/quest-ce-quun-vehicule-thermique\/\">Qu\u2019est-ce qu\u2019un v\u00e9hicule thermique ?<\/a><\/li>\n<li><a href=\"https:\/\/www.bymycar.fr\/webzine\/ou-recharger-sa-voiture-electrique-4\/\">O\u00f9 recharger sa voiture \u00e9lectrique \u2013 BYmyCAR<\/a><\/li>\n<li><a href=\"https:\/\/www.bymycar.fr\/webzine\/batterie-auto-lesperance-de-vie-des-batteries-de-voitures-electriques\/\">Batterie auto : l\u2019esp\u00e9rance de vie des batteries de voitures \u00e9lectriques<\/a><\/li>\n<li><a href=\"https:\/\/www.bymycar.fr\/webzine\/quelle-est-la-voiture-electrique-la-moins-chere\/\">Les voitures \u00e9lectriques les moins ch\u00e8res en 2023<\/a><\/li>\n<li><a href=\"https:\/\/www.bymycar.fr\/v\/tesla-electrique-occasion\">Tesla \u00e9lectrique occasion<\/a><\/li>\n<li><a href=\"https:\/\/www.bymycar.fr\/webzine\/la-tesla-model-x-grande-autonomie\/\">La Tesla Model X Grande autonomie<\/a><\/li>\n<li><a href=\"https:\/\/www.bymycar.fr\/webzine\/niveaux-dautonomie\/\">Quels sont les diff\u00e9rents niveaux d\u2019autonomie d\u2019un v\u00e9hicule automobile ?<\/a><\/li>\n<li><a href=\"https:\/\/www.bymycar.fr\/webzine\/les-niveaux-de-conduites-autonomes\/\">Tout savoir sur les diff\u00e9rents niveaux de conduite autonome<\/a><\/li>\n<li><a href=\"https:\/\/www.bymycar.fr\/webzine\/conduite-de-vehicule\/\">Conduite de v\u00e9hicule : ma\u00eetriser ses fondamentaux<\/a><\/li>\n<li><a href=\"https:\/\/www.bymycar.fr\/v\/voiture-hybride-occasion\">Voiture hybride occasion<\/a><\/li>\n<li><a href=\"https:\/\/www.bymycar.fr\/webzine\/tout-savoir-sur-le-marche-des-bornes-electriques\/\">Tout savoir sur le march\u00e9 des bornes \u00e9lectriques<\/a><\/li>\n<\/ul>\n"}},{"acf_fc_layout":"text-simple","--nav":{"-withNav":true,"-ancre":"PRENDRE RDV"},"--group":{"-text":"<p style=\"text-align: justify;\"><span style=\"color: #ff0000;\">Cette offre est termin\u00e9e. Il vous est tout de m\u00eame possible de nous contacter pour r\u00e9aliser votre contr\u00f4le technique au tarif classique en vigueur.<\/span><\/p>\n<div class=\"wpcf7 no-js\" id=\"wpcf7-f10728-p10721-o424\" lang=\"fr-FR\" dir=\"ltr\" data-wpcf7-id=\"10728\">\n<div class=\"screen-reader-response\">\n<p role=\"status\" aria-live=\"polite\" aria-atomic=\"true\">\n<ul><\/ul>\n<\/div>\n<form action=\"\/webzine\/wp-admin\/index.php?page=transfert-data-post#wpcf7-f10728-p10721-o424\" method=\"post\" class=\"wpcf7-form init\" aria-label=\"Formulaire de contact\" novalidate=\"novalidate\" data-status=\"init\">\n<div style=\"display: none;\">\n<input type=\"hidden\" name=\"_wpcf7\" value=\"10728\" \/><br \/>\n<input type=\"hidden\" name=\"_wpcf7_version\" value=\"6.0.6\" \/><br \/>\n<input type=\"hidden\" name=\"_wpcf7_locale\" value=\"fr_FR\" \/><br \/>\n<input type=\"hidden\" name=\"_wpcf7_unit_tag\" value=\"wpcf7-f10728-p10721-o424\" \/><br \/>\n<input type=\"hidden\" name=\"_wpcf7_container_post\" value=\"10721\" \/><br \/>\n<input type=\"hidden\" name=\"_wpcf7_posted_data_hash\" value=\"\" \/><br \/>\n<input type=\"hidden\" name=\"_wpcf7_recaptcha_response\" value=\"\" \/>\n<\/div>\n<div class=\"flex flex-row flex-wrap -mx-4\">\n<div class=\"w-1\/2 flex flex-col gap-4 align-top px-4\">\n<p><label> Nom* <\/label><br \/>\n<span class=\"wpcf7-form-control-wrap\" data-name=\"Nom\"><input size=\"40\" maxlength=\"400\" class=\"wpcf7-form-control wpcf7-text wpcf7-validates-as-required\" aria-required=\"true\" aria-invalid=\"false\" value=\"\" type=\"text\" name=\"Nom\" \/><\/span><\/p>\n<p><label> Pr\u00e9nom* <\/label><br \/>\n<span class=\"wpcf7-form-control-wrap\" data-name=\"prenom\"><input size=\"40\" maxlength=\"400\" class=\"wpcf7-form-control wpcf7-text wpcf7-validates-as-required\" aria-required=\"true\" aria-invalid=\"false\" value=\"\" type=\"text\" name=\"prenom\" \/><\/span><\/p>\n<p><label> Email* <\/label><br \/>\n<span class=\"wpcf7-form-control-wrap\" data-name=\"email\"><input size=\"40\" maxlength=\"400\" class=\"wpcf7-form-control wpcf7-email wpcf7-validates-as-required wpcf7-text wpcf7-validates-as-email\" aria-required=\"true\" aria-invalid=\"false\" value=\"\" type=\"email\" name=\"email\" \/><\/span><\/p>\n<p><label> T\u00e9l\u00e9phone* <\/label><br \/>\n<span class=\"wpcf7-form-control-wrap\" data-name=\"telephone\"><input size=\"40\" maxlength=\"400\" class=\"wpcf7-form-control wpcf7-tel wpcf7-validates-as-required wpcf7-text wpcf7-validates-as-tel\" aria-required=\"true\" aria-invalid=\"false\" value=\"\" type=\"tel\" name=\"telephone\" \/><\/span><\/p>\n<\/div>\n<div class=\"w-1\/2 flex flex-col gap-4 align-top px-4\">\n<p><label> Immatriculation de votre v\u00e9hicule* <\/label><br \/>\n<span class=\"wpcf7-form-control-wrap\" data-name=\"Immatriculationduvhicule\"><input size=\"40\" maxlength=\"400\" class=\"wpcf7-form-control wpcf7-text wpcf7-validates-as-required\" aria-required=\"true\" aria-invalid=\"false\" value=\"\" type=\"text\" name=\"Immatriculationduvhicule\" \/><\/span><\/p>\n<p><label> Choix de la concession* <\/label><br \/>\n<span class=\"wpcf7-form-control-wrap\" data-name=\"concession\"><select class=\"wpcf7-form-control wpcf7-select wpcf7-validates-as-required\" aria-required=\"true\" aria-invalid=\"false\" name=\"concession\"><option value=\"AUDI BYmyCAR Bourgoin\">AUDI BYmyCAR Bourgoin<\/option><option value=\"AUDI BYmyCAR Lyon Nord\">AUDI BYmyCAR Lyon Nord<\/option><option value=\"AUDI BYmyCAR Roanne\">AUDI BYmyCAR Roanne<\/option><option value=\"AUDI BYmyCAR Saint-Etienne Nord\">AUDI BYmyCAR Saint-Etienne Nord<\/option><option value=\"AUDI BYmyCAR Villefranche-sur-Sa\u00f4ne\">AUDI BYmyCAR Villefranche-sur-Sa\u00f4ne<\/option><option value=\"NISSAN BYmyCAR Lyon Rillieux La Pape\">NISSAN BYmyCAR Lyon Rillieux La Pape<\/option><option value=\"NISSAN BYmyCAR Lyon Vaise\">NISSAN BYmyCAR Lyon Vaise<\/option><option value=\"SEAT BYmyCAR Lyon Sud\">SEAT BYmyCAR Lyon Sud<\/option><option value=\"SEAT BYmyCAR Lyon Vaise\">SEAT BYmyCAR Lyon Vaise<\/option><option value=\"SEAT BYmyCAR Villefranche-sur-Sa\u00f4ne\">SEAT BYmyCAR Villefranche-sur-Sa\u00f4ne<\/option><option value=\"SKODA BYmyCAR Bourgoin\">SKODA BYmyCAR Bourgoin<\/option><option value=\"SKODA BYmyCAR Lyon Ecully\">SKODA BYmyCAR Lyon Ecully<\/option><option value=\"SKODA BYmyCAR Lyon Sud\">SKODA BYmyCAR Lyon Sud<\/option><option value=\"SKODA BYmyCAR Saint-Etienne Nord\">SKODA BYmyCAR Saint-Etienne Nord<\/option><option value=\"SKODA BYmyCAR Villefranche-sur-Sa\u00f4ne\">SKODA BYmyCAR Villefranche-sur-Sa\u00f4ne<\/option><option value=\"VOLKSWAGEN BYmyCAR Bourgoin\">VOLKSWAGEN BYmyCAR Bourgoin<\/option><option value=\"VOLKSWAGEN BYmyCAR Lyon\">VOLKSWAGEN BYmyCAR Lyon<\/option><option value=\"VOLKSWAGEN BYmyCAR Lyon Est\">VOLKSWAGEN BYmyCAR Lyon Est<\/option><option value=\"VOLKSWAGEN BYmyCAR Lyon Rillieux la Pape\">VOLKSWAGEN BYmyCAR Lyon Rillieux la Pape<\/option><option value=\"VOLKSWAGEN BYmyCAR Lyon Vaise\">VOLKSWAGEN BYmyCAR Lyon Vaise<\/option><option value=\"VOLKSWAGEN BYmyCAR Roanne\">VOLKSWAGEN BYmyCAR Roanne<\/option><option value=\"VOLKSWAGEN SKODA BYmyCAR Saint-Etienne Nord\">VOLKSWAGEN SKODA BYmyCAR Saint-Etienne Nord<\/option><option value=\"VOLKSWAGEN BYmyCAR Vienne\">VOLKSWAGEN BYmyCAR Vienne<\/option><option value=\"VOLKSWAGEN BYmyCAR Villefranche-sur-Sa\u00f4ne\">VOLKSWAGEN BYmyCAR Villefranche-sur-Sa\u00f4ne<\/option><\/select><\/span><\/p>\n<p><label> Votre message <\/label><br \/>\n<span class=\"wpcf7-form-control-wrap\" data-name=\"Commentaireclient\"><textarea cols=\"40\" rows=\"1\" maxlength=\"2000\" class=\"wpcf7-form-control wpcf7-textarea\" aria-invalid=\"false\" name=\"Commentaireclient\"><\/textarea><\/span><\/p>\n<p><label> Date de rendez-vous souhait\u00e9* <\/label><br \/>\n<span class=\"wpcf7-form-control-wrap\" data-name=\"Daterdv\"><input class=\"wpcf7-form-control wpcf7-date wpcf7-validates-as-required wpcf7-validates-as-date\" aria-required=\"true\" aria-invalid=\"false\" value=\"\" type=\"date\" name=\"Daterdv\" \/><\/span><\/p>\n<\/div>\n<p><span class=\"wpcf7-form-control-wrap\" data-name=\"optinemail\"><span class=\"wpcf7-form-control wpcf7-checkbox\"><span class=\"wpcf7-list-item first last\"><input type=\"checkbox\" name=\"optinemail[]\" value=\"J&#039;accepte de recevoir la lettre d&#039;information li\u00e9e au Groupe BYmyCAR\" \/><span class=\"wpcf7-list-item-label\">J&#039;accepte de recevoir la lettre d&#039;information li\u00e9e au Groupe BYmyCAR<\/span><\/span><\/span><\/span><\/p>\n<p><span class=\"wpcf7-form-control-wrap\" data-name=\"optinsms\"><span class=\"wpcf7-form-control wpcf7-checkbox\"><span class=\"wpcf7-list-item first last\"><input type=\"checkbox\" name=\"optinsms[]\" value=\"J&#039;accepte de recevoir des informations li\u00e9es au Groupe BYmyCAR par sms\" \/><span class=\"wpcf7-list-item-label\">J&#039;accepte de recevoir des informations li\u00e9es au Groupe BYmyCAR par sms<\/span><\/span><\/span><\/span><\/p>\n<p><span class=\"wpcf7-form-control-wrap\" data-name=\"optinappel\"><span class=\"wpcf7-form-control wpcf7-checkbox\"><span class=\"wpcf7-list-item first last\"><input type=\"checkbox\" name=\"optinappel[]\" value=\"J&#039;accepte de recevoir des informations li\u00e9es au Groupe BYmyCAR par appel\" \/><span class=\"wpcf7-list-item-label\">J&#039;accepte de recevoir des informations li\u00e9es au Groupe BYmyCAR par appel<\/span><\/span><\/span><\/span><\/p>\n<div class=\"w-full flex flex-col items-center gap-y-2 text-center mt-4\"><input class=\"wpcf7-form-control wpcf7-submit has-spinner\" type=\"submit\" value=\"Envoyer\" \/><\/div>\n<\/div>\n<div class=\"wpcf7-response-output\" aria-hidden=\"true\"><\/div>\n<\/form>\n<\/div>\n"}},{"acf_fc_layout":"text-simple","--nav":{"-withNav":false,"-ancre":""},"--group":{"-text":"<p><span style=\"font-size: 10pt;\">*Offre soumise \u00e0 conditions, contactez la concession concern\u00e9e pour en savoir plus.<\/span><\/p>\n"}}]},"add-carousel-to-footer":true},"yoast_head":"<!-- This site is optimized with the Yoast SEO Premium plugin v26.4 (Yoast SEO v26.4) - https:\/\/yoast.com\/wordpress\/plugins\/seo\/ -->\n<title>Offre Contr\u00f4le Technique<\/title>\n<meta name=\"description\" content=\"Le contr\u00f4le technique d\u2019un v\u00e9hicule est un examen p\u00e9riodique qui consiste \u00e0 v\u00e9rifier l\u2019ensemble de ses composants. Depuis 1992, il est obligatoire pour les automobiles qui p\u00e8sent moins de 3,5 tonnes.\" \/>\n<meta name=\"robots\" content=\"index, follow, max-snippet:-1, max-image-preview:large, max-video-preview:-1\" \/>\n<link rel=\"canonical\" href=\"https:\/\/www.bymycar.fr\/webzine\/offre-controle-technique\/\" \/>\n<meta property=\"og:locale\" content=\"fr_FR\" \/>\n<meta property=\"og:type\" content=\"article\" \/>\n<meta property=\"og:title\" content=\"Offre Contr\u00f4le Technique BYmyCAR\" \/>\n<meta property=\"og:description\" content=\"Le contr\u00f4le technique d\u2019un v\u00e9hicule est un examen p\u00e9riodique qui consiste \u00e0 v\u00e9rifier l\u2019ensemble de ses composants. Depuis 1992, il est obligatoire pour les automobiles qui p\u00e8sent moins de 3,5 tonnes.\" \/>\n<meta property=\"og:url\" content=\"https:\/\/www.bymycar.fr\/webzine\/offre-controle-technique\/\" \/>\n<meta property=\"og:site_name\" content=\"Webzine auto BYmyCAR\" \/>\n<meta property=\"article:published_time\" content=\"2020-02-27T10:13:30+00:00\" \/>\n<meta property=\"article:modified_time\" content=\"2024-01-25T10:56:59+00:00\" \/>\n<meta property=\"og:image\" content=\"https:\/\/cdn.bymycar.eu\/fr-webzine\/wp-content\/uploads\/medias\/16-9_mobility.jpg\" \/>\n\t<meta property=\"og:image:width\" content=\"2560\" \/>\n\t<meta property=\"og:image:height\" content=\"1440\" \/>\n\t<meta property=\"og:image:type\" content=\"image\/jpeg\" \/>\n<meta name=\"author\" content=\"Gregoire LE BIHAN\" \/>\n<meta name=\"twitter:card\" content=\"summary_large_image\" \/>\n<meta name=\"twitter:label1\" content=\"\u00c9crit par\" \/>\n\t<meta name=\"twitter:data1\" content=\"Gregoire LE BIHAN\" \/>\n<script type=\"application\/ld+json\" class=\"yoast-schema-graph\">{\"@context\":\"https:\/\/schema.org\",\"@graph\":[{\"@type\":\"Article\",\"@id\":\"https:\/\/www.bymycar.fr\/webzine\/offre-controle-technique\/#article\",\"isPartOf\":{\"@id\":\"https:\/\/www.bymycar.fr\/webzine\/offre-controle-technique\/\"},\"author\":{\"name\":\"Gregoire LE BIHAN\",\"@id\":\"https:\/\/www.bymycar.fr\/webzine\/#\/schema\/person\/8c56906440ec126868bd40232b3445f0\"},\"headline\":\"Offre Contr\u00f4le Technique BYmyCAR\",\"datePublished\":\"2020-02-27T10:13:30+00:00\",\"dateModified\":\"2024-01-25T10:56:59+00:00\",\"mainEntityOfPage\":{\"@id\":\"https:\/\/www.bymycar.fr\/webzine\/offre-controle-technique\/\"},\"wordCount\":5,\"publisher\":{\"@id\":\"https:\/\/www.bymycar.fr\/webzine\/#organization\"},\"image\":{\"@id\":\"https:\/\/www.bymycar.fr\/webzine\/offre-controle-technique\/#primaryimage\"},\"thumbnailUrl\":\"https:\/\/cdn.bymycar.eu\/fr-webzine\/wp-content\/uploads\/medias\/16-9_mobility.jpg\",\"articleSection\":[\"Offres et bons plans\"],\"inLanguage\":\"fr-FR\"},{\"@type\":\"WebPage\",\"@id\":\"https:\/\/www.bymycar.fr\/webzine\/offre-controle-technique\/\",\"url\":\"https:\/\/www.bymycar.fr\/webzine\/offre-controle-technique\/\",\"name\":\"Offre Contr\u00f4le Technique\",\"isPartOf\":{\"@id\":\"https:\/\/www.bymycar.fr\/webzine\/#website\"},\"primaryImageOfPage\":{\"@id\":\"https:\/\/www.bymycar.fr\/webzine\/offre-controle-technique\/#primaryimage\"},\"image\":{\"@id\":\"https:\/\/www.bymycar.fr\/webzine\/offre-controle-technique\/#primaryimage\"},\"thumbnailUrl\":\"https:\/\/cdn.bymycar.eu\/fr-webzine\/wp-content\/uploads\/medias\/16-9_mobility.jpg\",\"datePublished\":\"2020-02-27T10:13:30+00:00\",\"dateModified\":\"2024-01-25T10:56:59+00:00\",\"description\":\"Le contr\u00f4le technique d\u2019un v\u00e9hicule est un examen p\u00e9riodique qui consiste \u00e0 v\u00e9rifier l\u2019ensemble de ses composants. Depuis 1992, il est obligatoire pour les automobiles qui p\u00e8sent moins de 3,5 tonnes.\",\"breadcrumb\":{\"@id\":\"https:\/\/www.bymycar.fr\/webzine\/offre-controle-technique\/#breadcrumb\"},\"inLanguage\":\"fr-FR\",\"potentialAction\":[{\"@type\":\"ReadAction\",\"target\":[\"https:\/\/www.bymycar.fr\/webzine\/offre-controle-technique\/\"]}]},{\"@type\":\"ImageObject\",\"inLanguage\":\"fr-FR\",\"@id\":\"https:\/\/www.bymycar.fr\/webzine\/offre-controle-technique\/#primaryimage\",\"url\":\"https:\/\/cdn.bymycar.eu\/fr-webzine\/wp-content\/uploads\/medias\/16-9_mobility.jpg\",\"contentUrl\":\"https:\/\/cdn.bymycar.eu\/fr-webzine\/wp-content\/uploads\/medias\/16-9_mobility.jpg\",\"width\":2560,\"height\":1440,\"caption\":\"Offre Controle Technique BYmyCAR\"},{\"@type\":\"BreadcrumbList\",\"@id\":\"https:\/\/www.bymycar.fr\/webzine\/offre-controle-technique\/#breadcrumb\",\"itemListElement\":[{\"@type\":\"ListItem\",\"position\":1,\"name\":\"Accueil\",\"item\":\"https:\/\/www.bymycar.fr\/webzine\/\"},{\"@type\":\"ListItem\",\"position\":2,\"name\":\"Offre Contr\u00f4le Technique BYmyCAR\"}]},{\"@type\":\"WebSite\",\"@id\":\"https:\/\/www.bymycar.fr\/webzine\/#website\",\"url\":\"https:\/\/www.bymycar.fr\/webzine\/\",\"name\":\"Webzine auto BYmyCAR\",\"description\":\"La magazine auto de BYmyCAR\",\"publisher\":{\"@id\":\"https:\/\/www.bymycar.fr\/webzine\/#organization\"},\"potentialAction\":[{\"@type\":\"SearchAction\",\"target\":{\"@type\":\"EntryPoint\",\"urlTemplate\":\"https:\/\/www.bymycar.fr\/webzine\/?s={search_term_string}\"},\"query-input\":{\"@type\":\"PropertyValueSpecification\",\"valueRequired\":true,\"valueName\":\"search_term_string\"}}],\"inLanguage\":\"fr-FR\"},{\"@type\":\"Organization\",\"@id\":\"https:\/\/www.bymycar.fr\/webzine\/#organization\",\"name\":\"BYmyCAR\",\"url\":\"https:\/\/www.bymycar.fr\/webzine\/\",\"logo\":{\"@type\":\"ImageObject\",\"inLanguage\":\"fr-FR\",\"@id\":\"https:\/\/www.bymycar.fr\/webzine\/#\/schema\/logo\/image\/\",\"url\":\"https:\/\/cdn.bymycar.eu\/fr-webzine\/wp-content\/uploads\/medias\/2017\/08\/logo_DEALER_00000406_001.png\",\"contentUrl\":\"https:\/\/cdn.bymycar.eu\/fr-webzine\/wp-content\/uploads\/medias\/2017\/08\/logo_DEALER_00000406_001.png\",\"width\":2132,\"height\":720,\"caption\":\"BYmyCAR\"},\"image\":{\"@id\":\"https:\/\/www.bymycar.fr\/webzine\/#\/schema\/logo\/image\/\"}},{\"@type\":\"Person\",\"@id\":\"https:\/\/www.bymycar.fr\/webzine\/#\/schema\/person\/8c56906440ec126868bd40232b3445f0\",\"name\":\"Gregoire LE BIHAN\",\"image\":{\"@type\":\"ImageObject\",\"inLanguage\":\"fr-FR\",\"@id\":\"https:\/\/www.bymycar.fr\/webzine\/#\/schema\/person\/image\/\",\"url\":\"https:\/\/secure.gravatar.com\/avatar\/1356d71f3c6eed50de358ba425c9944b742a0d35f88e0d5f8afe88fdac525492?s=96&d=mm&r=g\",\"contentUrl\":\"https:\/\/secure.gravatar.com\/avatar\/1356d71f3c6eed50de358ba425c9944b742a0d35f88e0d5f8afe88fdac525492?s=96&d=mm&r=g\",\"caption\":\"Gregoire LE BIHAN\"}}]}<\/script>\n<!-- \/ Yoast SEO Premium plugin. -->","yoast_head_json":{"title":"Offre Contr\u00f4le Technique","description":"Le contr\u00f4le technique d\u2019un v\u00e9hicule est un examen p\u00e9riodique qui consiste \u00e0 v\u00e9rifier l\u2019ensemble de ses composants. Depuis 1992, il est obligatoire pour les automobiles qui p\u00e8sent moins de 3,5 tonnes.","robots":{"index":"index","follow":"follow","max-snippet":"max-snippet:-1","max-image-preview":"max-image-preview:large","max-video-preview":"max-video-preview:-1"},"canonical":"https:\/\/www.bymycar.fr\/webzine\/offre-controle-technique\/","og_locale":"fr_FR","og_type":"article","og_title":"Offre Contr\u00f4le Technique BYmyCAR","og_description":"Le contr\u00f4le technique d\u2019un v\u00e9hicule est un examen p\u00e9riodique qui consiste \u00e0 v\u00e9rifier l\u2019ensemble de ses composants. Depuis 1992, il est obligatoire pour les automobiles qui p\u00e8sent moins de 3,5 tonnes.","og_url":"https:\/\/www.bymycar.fr\/webzine\/offre-controle-technique\/","og_site_name":"Webzine auto BYmyCAR","article_published_time":"2020-02-27T10:13:30+00:00","article_modified_time":"2024-01-25T10:56:59+00:00","og_image":[{"width":2560,"height":1440,"url":"https:\/\/cdn.bymycar.eu\/fr-webzine\/wp-content\/uploads\/medias\/16-9_mobility.jpg","type":"image\/jpeg"}],"author":"Gregoire LE BIHAN","twitter_card":"summary_large_image","twitter_misc":{"\u00c9crit par":"Gregoire LE BIHAN"},"schema":{"@context":"https:\/\/schema.org","@graph":[{"@type":"Article","@id":"https:\/\/www.bymycar.fr\/webzine\/offre-controle-technique\/#article","isPartOf":{"@id":"https:\/\/www.bymycar.fr\/webzine\/offre-controle-technique\/"},"author":{"name":"Gregoire LE BIHAN","@id":"https:\/\/www.bymycar.fr\/webzine\/#\/schema\/person\/8c56906440ec126868bd40232b3445f0"},"headline":"Offre Contr\u00f4le Technique BYmyCAR","datePublished":"2020-02-27T10:13:30+00:00","dateModified":"2024-01-25T10:56:59+00:00","mainEntityOfPage":{"@id":"https:\/\/www.bymycar.fr\/webzine\/offre-controle-technique\/"},"wordCount":5,"publisher":{"@id":"https:\/\/www.bymycar.fr\/webzine\/#organization"},"image":{"@id":"https:\/\/www.bymycar.fr\/webzine\/offre-controle-technique\/#primaryimage"},"thumbnailUrl":"https:\/\/cdn.bymycar.eu\/fr-webzine\/wp-content\/uploads\/medias\/16-9_mobility.jpg","articleSection":["Offres et bons plans"],"inLanguage":"fr-FR"},{"@type":"WebPage","@id":"https:\/\/www.bymycar.fr\/webzine\/offre-controle-technique\/","url":"https:\/\/www.bymycar.fr\/webzine\/offre-controle-technique\/","name":"Offre Contr\u00f4le Technique","isPartOf":{"@id":"https:\/\/www.bymycar.fr\/webzine\/#website"},"primaryImageOfPage":{"@id":"https:\/\/www.bymycar.fr\/webzine\/offre-controle-technique\/#primaryimage"},"image":{"@id":"https:\/\/www.bymycar.fr\/webzine\/offre-controle-technique\/#primaryimage"},"thumbnailUrl":"https:\/\/cdn.bymycar.eu\/fr-webzine\/wp-content\/uploads\/medias\/16-9_mobility.jpg","datePublished":"2020-02-27T10:13:30+00:00","dateModified":"2024-01-25T10:56:59+00:00","description":"Le contr\u00f4le technique d\u2019un v\u00e9hicule est un examen p\u00e9riodique qui consiste \u00e0 v\u00e9rifier l\u2019ensemble de ses composants. Depuis 1992, il est obligatoire pour les automobiles qui p\u00e8sent moins de 3,5 tonnes.","breadcrumb":{"@id":"https:\/\/www.bymycar.fr\/webzine\/offre-controle-technique\/#breadcrumb"},"inLanguage":"fr-FR","potentialAction":[{"@type":"ReadAction","target":["https:\/\/www.bymycar.fr\/webzine\/offre-controle-technique\/"]}]},{"@type":"ImageObject","inLanguage":"fr-FR","@id":"https:\/\/www.bymycar.fr\/webzine\/offre-controle-technique\/#primaryimage","url":"https:\/\/cdn.bymycar.eu\/fr-webzine\/wp-content\/uploads\/medias\/16-9_mobility.jpg","contentUrl":"https:\/\/cdn.bymycar.eu\/fr-webzine\/wp-content\/uploads\/medias\/16-9_mobility.jpg","width":2560,"height":1440,"caption":"Offre Controle Technique BYmyCAR"},{"@type":"BreadcrumbList","@id":"https:\/\/www.bymycar.fr\/webzine\/offre-controle-technique\/#breadcrumb","itemListElement":[{"@type":"ListItem","position":1,"name":"Accueil","item":"https:\/\/www.bymycar.fr\/webzine\/"},{"@type":"ListItem","position":2,"name":"Offre Contr\u00f4le Technique BYmyCAR"}]},{"@type":"WebSite","@id":"https:\/\/www.bymycar.fr\/webzine\/#website","url":"https:\/\/www.bymycar.fr\/webzine\/","name":"Webzine auto BYmyCAR","description":"La magazine auto de BYmyCAR","publisher":{"@id":"https:\/\/www.bymycar.fr\/webzine\/#organization"},"potentialAction":[{"@type":"SearchAction","target":{"@type":"EntryPoint","urlTemplate":"https:\/\/www.bymycar.fr\/webzine\/?s={search_term_string}"},"query-input":{"@type":"PropertyValueSpecification","valueRequired":true,"valueName":"search_term_string"}}],"inLanguage":"fr-FR"},{"@type":"Organization","@id":"https:\/\/www.bymycar.fr\/webzine\/#organization","name":"BYmyCAR","url":"https:\/\/www.bymycar.fr\/webzine\/","logo":{"@type":"ImageObject","inLanguage":"fr-FR","@id":"https:\/\/www.bymycar.fr\/webzine\/#\/schema\/logo\/image\/","url":"https:\/\/cdn.bymycar.eu\/fr-webzine\/wp-content\/uploads\/medias\/2017\/08\/logo_DEALER_00000406_001.png","contentUrl":"https:\/\/cdn.bymycar.eu\/fr-webzine\/wp-content\/uploads\/medias\/2017\/08\/logo_DEALER_00000406_001.png","width":2132,"height":720,"caption":"BYmyCAR"},"image":{"@id":"https:\/\/www.bymycar.fr\/webzine\/#\/schema\/logo\/image\/"}},{"@type":"Person","@id":"https:\/\/www.bymycar.fr\/webzine\/#\/schema\/person\/8c56906440ec126868bd40232b3445f0","name":"Gregoire LE BIHAN","image":{"@type":"ImageObject","inLanguage":"fr-FR","@id":"https:\/\/www.bymycar.fr\/webzine\/#\/schema\/person\/image\/","url":"https:\/\/secure.gravatar.com\/avatar\/1356d71f3c6eed50de358ba425c9944b742a0d35f88e0d5f8afe88fdac525492?s=96&d=mm&r=g","contentUrl":"https:\/\/secure.gravatar.com\/avatar\/1356d71f3c6eed50de358ba425c9944b742a0d35f88e0d5f8afe88fdac525492?s=96&d=mm&r=g","caption":"Gregoire LE BIHAN"}}]}},"_links":{"self":[{"href":"https:\/\/www.bymycar.fr\/webzine\/wp-json\/wp\/v2\/posts\/10721","targetHints":{"allow":["GET"]}}],"collection":[{"href":"https:\/\/www.bymycar.fr\/webzine\/wp-json\/wp\/v2\/posts"}],"about":[{"href":"https:\/\/www.bymycar.fr\/webzine\/wp-json\/wp\/v2\/types\/post"}],"author":[{"embeddable":true,"href":"https:\/\/www.bymycar.fr\/webzine\/wp-json\/wp\/v2\/users\/9"}],"replies":[{"embeddable":true,"href":"https:\/\/www.bymycar.fr\/webzine\/wp-json\/wp\/v2\/comments?post=10721"}],"version-history":[{"count":14,"href":"https:\/\/www.bymycar.fr\/webzine\/wp-json\/wp\/v2\/posts\/10721\/revisions"}],"predecessor-version":[{"id":44460,"href":"https:\/\/www.bymycar.fr\/webzine\/wp-json\/wp\/v2\/posts\/10721\/revisions\/44460"}],"wp:featuredmedia":[{"embeddable":true,"href":"https:\/\/www.bymycar.fr\/webzine\/wp-json\/wp\/v2\/media\/10724"}],"wp:attachment":[{"href":"https:\/\/www.bymycar.fr\/webzine\/wp-json\/wp\/v2\/media?parent=10721"}],"wp:term":[{"taxonomy":"category","embeddable":true,"href":"https:\/\/www.bymycar.fr\/webzine\/wp-json\/wp\/v2\/categories?post=10721"},{"taxonomy":"post_tag","embeddable":true,"href":"https:\/\/www.bymycar.fr\/webzine\/wp-json\/wp\/v2\/tags?post=10721"}],"curies":[{"name":"wp","href":"https:\/\/api.w.org\/{rel}","templated":true}]}}